{"id":1162332,"date":"2026-09-02T04:42:14","date_gmt":"2026-09-02T04:42:14","guid":{"rendered":"https:\/\/www.europesays.com\/fr\/1162332\/"},"modified":"2026-09-02T04:42:14","modified_gmt":"2026-09-02T04:42:14","slug":"ledito-le-casque-nulle-part-ou-partout","status":"publish","type":"post","link":"https:\/\/www.europesays.com\/fr\/1162332\/","title":{"rendered":"L\u2019\u00e9dito. Le casque, nulle part ou partout"},"content":{"rendered":"<p>La loi est suppos\u00e9e \u00eatre la m\u00eame pour tous et s\u2019appliquer de mani\u00e8re uniforme sur tout le territoire fran\u00e7ais. Mais dans un monde o\u00f9 la nature a horreur du vide, quand il n\u2019existe aucun texte l\u00e9gislatif ou r\u00e9glementation, n\u00e9cessit\u00e9 fait loi. C\u2019est ainsi que palliant l\u2019absence de r\u00e8gle l\u00e9gislative, plusieurs pr\u00e9fectures et municipalit\u00e9s ont pris sur elles d\u2019imposer le port d\u2019un casque \u00e0 tous les usagers de trottinette \u00e9lectrique. C\u2019est notamment le cas \u00e0 Paris et dans les communes environnantes. <\/p>\n<p>Sauf que de la r\u00e8gle \u00e0 la pratique, il y a un foss\u00e9 abyssal. Car si la plupart des automobilistes savent que le feu rouge impose l\u2019arr\u00eat imm\u00e9diat du v\u00e9hicule, les cyclistes comme les adeptes de la trottinette feignent trop souvent de l\u2019ignorer\u2026 Au grand dam des automobilistes, \u00e9videmment, mais aussi des pi\u00e9tons. Or, l\u2019enjeu premier est l\u2019int\u00e9grit\u00e9 des deux-roues qui, lorsqu\u2019ils ne respectent pas la signalisation, mettent d\u2019abord leur vie en danger. Pour autant, il n\u2019est \u00e9videmment pas possible de mettre un policier derri\u00e8re chaque deux-roues. Le probl\u00e8me est-il pour autant insoluble au point de maintenir une zone grise\u00a0? Assur\u00e9ment pas.<\/p>\n<p>La volont\u00e9 de prot\u00e9ger cyclistes et trottinettistes est louable. Car l\u2019id\u00e9e d\u2019obliger tous les amateurs de deux-roues \u00e0 porter un casque afin de r\u00e9duire la gravit\u00e9 des accidents, ne concerne pas les seuls utilisateurs de trottinettes. Elle est aussi dans l\u2019air pour les cyclistes, provoquant l\u2019ire de ceux-ci, consid\u00e9rant que cela fera reculer la pratique du v\u00e9lo. La mauvaise foi des autres \u00e9tant une des valeurs humaines les plus partag\u00e9es en France, elle transpara\u00eet d\u00e8s lors qu\u2019il est question du partage de l\u2019espace public. Qu\u2019il s\u2019agisse de la route, des trottoirs ou des pistes cyclables\u00a0: le probl\u00e8me vient toujours des autres.<\/p>\n<p>M\u00eame si une nouvelle majorit\u00e9 devait en d\u00e9cider autrement l\u2019an prochain, il n\u2019est que temps que les parlementaires actuels se saisissent r\u00e9ellement de cette probl\u00e9matique d\u00e9passant largement la question du port du casque car relevant du vivre-ensemble. Lequel doit \u00eatre le m\u00eame pour tous et partout sur le territoire national.<\/p>\n","protected":false},"excerpt":{"rendered":"La loi est suppos\u00e9e \u00eatre la m\u00eame pour tous et s\u2019appliquer de mani\u00e8re uniforme sur tout le territoire&hellip;\n","protected":false},"author":2,"featured_media":1162333,"comment_status":"","ping_status":"","sticky":false,"template":"","format":"standard","meta":{"footnotes":"","_share_on_mastodon":"0"},"categories":[4],"tags":[11,3542,107,1011,27,329,9933,12,316,25,2803],"class_list":["post-1162332","post","type-post","status-publish","format-standard","has-post-thumbnail","category-france","tag-actualites","tag-circulation","tag-fil-info","tag-fr","tag-france","tag-france-monde","tag-leditorial","tag-news","tag-politique","tag-republique-francaise","tag-transport"],"share_on_mastodon":{"url":"https:\/\/pubeurope.com\/@fr\/117199618116745612","error":""},"_links":{"self":[{"href":"https:\/\/www.europesays.com\/fr\/wp-json\/wp\/v2\/posts\/1162332","targetHints":{"allow":["GET"]}}],"collection":[{"href":"https:\/\/www.europesays.com\/fr\/wp-json\/wp\/v2\/posts"}],"about":[{"href":"https:\/\/www.europesays.com\/fr\/wp-json\/wp\/v2\/types\/post"}],"author":[{"embeddable":true,"href":"https:\/\/www.europesays.com\/fr\/wp-json\/wp\/v2\/users\/2"}],"replies":[{"embeddable":true,"href":"https:\/\/www.europesays.com\/fr\/wp-json\/wp\/v2\/comments?post=1162332"}],"version-history":[{"count":0,"href":"https:\/\/www.europesays.com\/fr\/wp-json\/wp\/v2\/posts\/1162332\/revisions"}],"wp:featuredmedia":[{"embeddable":true,"href":"https:\/\/www.europesays.com\/fr\/wp-json\/wp\/v2\/media\/1162333"}],"wp:attachment":[{"href":"https:\/\/www.europesays.com\/fr\/wp-json\/wp\/v2\/media?parent=1162332"}],"wp:term":[{"taxonomy":"category","embeddable":true,"href":"https:\/\/www.europesays.com\/fr\/wp-json\/wp\/v2\/categories?post=1162332"},{"taxonomy":"post_tag","embeddable":true,"href":"https:\/\/www.europesays.com\/fr\/wp-json\/wp\/v2\/tags?post=1162332"}],"curies":[{"name":"wp","href":"https:\/\/api.w.org\/{rel}","templated":true}]}}