{"id":1162336,"date":"2026-09-02T04:44:17","date_gmt":"2026-09-02T04:44:17","guid":{"rendered":"https:\/\/www.europesays.com\/fr\/1162336\/"},"modified":"2026-09-02T04:44:17","modified_gmt":"2026-09-02T04:44:17","slug":"loire-nous-sommes-sans-nouvelles-apres-la-catastrophe-au-nepal-une-association-sous-le-choc","status":"publish","type":"post","link":"https:\/\/www.europesays.com\/fr\/1162336\/","title":{"rendered":"Loire. \u00ab\u00a0Nous sommes sans nouvelles\u00a0\u00bb\u00a0: apr\u00e8s la catastrophe au N\u00e9pal, une association sous le choc"},"content":{"rendered":"<p>La catastrophe survenue au N\u00e9pal bouleverse particuli\u00e8rement Yves Laval, pr\u00e9sident de Saint-Chamond Espoir. Depuis quinze ans, l\u2019association travaille avec des villages de montagne du pays, notamment pour faciliter l\u2019acc\u00e8s \u00e0 l\u2019eau, et entretient des liens \u00e9troits avec plusieurs habitants.<\/p>\n<p>La vall\u00e9e touch\u00e9e par la catastrophe, le pr\u00e9sident la conna\u00eet bien pour s\u2019y \u00eatre rendu l\u2019an dernier, l\u2019h\u00f4tel dans lequel il r\u00e9sidait a totalement disparu\u00a0: \u00ab\u00a0Ce sont des endroits qu\u2019on conna\u00eet bien. Toutes ces familles\u2026 \u00e7a fait mal au ventre, je n\u2019ai pas les mots\u00a0\u00bb, confie-t-il.<\/p>\n<p>  \u00ab\u00a0Nous achetions du mat\u00e9riel dans une rue qui a disparu en deux secondes\u00a0\u00bb<\/p>\n<p>Saint-Chamond Espoir intervient principalement dans des villages de montagne qui n\u2019ont pas \u00e9t\u00e9 touch\u00e9s par la catastrophe. Mais le pr\u00e9sident s\u2019inqui\u00e8te pour de nombreuses personnes qu\u2019il conna\u00eet et qui travaillent dans la vall\u00e9e sinistr\u00e9e\u00a0: \u00ab\u00a0Nous achetions notamment beaucoup de mat\u00e9riel pour les \u00e9coles dans une rue situ\u00e9e au-dessus de Trishuli, qui a disparu en deux secondes\u00a0\u00bb.<\/p>\n<p>Parmi les personnes dont l\u2019association est sans nouvelles figurent des cuisiniers qui accompagnent le groupe\u00a0: \u00ab\u00a0Ce sont des gens des villages de montagne qui viennent travailler dans la vall\u00e9e. Nous n\u2019avons aucune nouvelle d\u2019eux, pas plus que de plusieurs porteurs port\u00e9s disparus\u00a0\u00bb, t\u00e9moigne Yves Laval.<\/p>\n<p>L\u2019association reste en contact avec plusieurs N\u00e9palais r\u00e9f\u00e9rents pour Saint-Chamond Espoir, avec lesquels elle travaille et qui \u00e9taient encore \u00e0 Saint-Chamond d\u00e9but juillet. Ils transmettent les informations dont ils disposent sur la situation et l\u2019aide apport\u00e9e par les autorit\u00e9s.<\/p>\n<p>  Bient\u00f4t une collecte de fonds, mais attention aux arnaques<\/p>\n<p>Face aux besoins qui s\u2019annoncent consid\u00e9rables, Saint-Chamond Espoir pr\u00e9pare d\u00e9j\u00e0 une collecte de fonds, qui devrait \u00eatre mise en place rapidement\u00a0: \u00ab\u00a0Il manque tellement de choses\u2026 On va aussi organiser un spectacle \u00e0 leur profit.\u00a0\u00bb<\/p>\n<p>Mais il appelle toutefois \u00e0 la prudence concernant les dons\u00a0: \u00ab\u00a0Actuellement, il faut faire tr\u00e8s attention o\u00f9 on envoie l\u2019argent, car il y a beaucoup d\u2019arnaques. Dans un premier temps, il faut collecter des fonds, mais les envoyer maintenant\u00a0? Comment\u00a0? \u00c0 qui\u00a0? Il est n\u00e9cessaire d\u2019avoir des gens de confiance sur place. Nous avions pr\u00e9vu d\u2019y retourner en 2027 pour continuer notre projet d\u2019acheminement de l\u2019eau. On y partira peut-\u00eatre avant.\u00a0\u00bb<\/p>\n","protected":false},"excerpt":{"rendered":"La catastrophe survenue au N\u00e9pal bouleverse particuli\u00e8rement Yves Laval, pr\u00e9sident de Saint-Chamond Espoir. Depuis quinze ans, l\u2019association travaille&hellip;\n","protected":false},"author":2,"featured_media":1162337,"comment_status":"","ping_status":"","sticky":false,"template":"","format":"standard","meta":{"footnotes":"","_share_on_mastodon":"0"},"categories":[9653],"tags":[1111,11,2430,9323,7539,1777,674,107,1011,27,3367,12,25,9669,9670,4001,104],"class_list":["post-1162336","post","type-post","status-publish","format-standard","has-post-thumbnail","category-saint-etienne","tag-actu","tag-actualites","tag-auvergne-rhone-alpes","tag-catastrophes","tag-edition-loire-sud","tag-eu","tag-europe","tag-fil-info","tag-fr","tag-france","tag-loire","tag-news","tag-republique-francaise","tag-saint-chamond","tag-saint-chamond-ville","tag-saint-etienne","tag-societe"],"share_on_mastodon":{"url":"https:\/\/pubeurope.com\/@fr\/117199625768049044","error":""},"_links":{"self":[{"href":"https:\/\/www.europesays.com\/fr\/wp-json\/wp\/v2\/posts\/1162336","targetHints":{"allow":["GET"]}}],"collection":[{"href":"https:\/\/www.europesays.com\/fr\/wp-json\/wp\/v2\/posts"}],"about":[{"href":"https:\/\/www.europesays.com\/fr\/wp-json\/wp\/v2\/types\/post"}],"author":[{"embeddable":true,"href":"https:\/\/www.europesays.com\/fr\/wp-json\/wp\/v2\/users\/2"}],"replies":[{"embeddable":true,"href":"https:\/\/www.europesays.com\/fr\/wp-json\/wp\/v2\/comments?post=1162336"}],"version-history":[{"count":0,"href":"https:\/\/www.europesays.com\/fr\/wp-json\/wp\/v2\/posts\/1162336\/revisions"}],"wp:featuredmedia":[{"embeddable":true,"href":"https:\/\/www.europesays.com\/fr\/wp-json\/wp\/v2\/media\/1162337"}],"wp:attachment":[{"href":"https:\/\/www.europesays.com\/fr\/wp-json\/wp\/v2\/media?parent=1162336"}],"wp:term":[{"taxonomy":"category","embeddable":true,"href":"https:\/\/www.europesays.com\/fr\/wp-json\/wp\/v2\/categories?post=1162336"},{"taxonomy":"post_tag","embeddable":true,"href":"https:\/\/www.europesays.com\/fr\/wp-json\/wp\/v2\/tags?post=1162336"}],"curies":[{"name":"wp","href":"https:\/\/api.w.org\/{rel}","templated":true}]}}