{"id":1162340,"date":"2026-09-02T04:46:22","date_gmt":"2026-09-02T04:46:22","guid":{"rendered":"https:\/\/www.europesays.com\/fr\/1162340\/"},"modified":"2026-09-02T04:46:22","modified_gmt":"2026-09-02T04:46:22","slug":"meurthe-et-moselle-autoroute-a33-le-nouvel-echangeur-de-brabois-pas-avant-2033-ou-2035","status":"publish","type":"post","link":"https:\/\/www.europesays.com\/fr\/1162340\/","title":{"rendered":"Meurthe-et-Moselle. Autoroute A33\u00a0: le nouvel \u00e9changeur de Brabois pas avant 2033 ou 2035"},"content":{"rendered":"<p>C\u2019est un tournant. Soit une d\u00e9cision est prise maintenant, soit le dossier accusera un retard de plusieurs ann\u00e9es.<\/p>\n<p>Vendredi 11\u00a0septembre, la pr\u00e9fecture de Meurthe-et-Moselle re\u00e7oit, \u00e0 Nancy, une r\u00e9union importante du <a href=\"https:\/\/www.nancysudlorraine.fr\/fr\/gip-infrastructures-et-mobilites.html\" target=\"_blank\" rel=\"nofollow noopener\">Groupement d\u2019int\u00e9r\u00eat public (GIP) Grand Nancy Sud 54 \u2013 Infrastructures et Mobilit\u00e9s<\/a> concernant la construction d\u2019un nouvel \u00e9changeur sur l\u2019autoroute A33 \u00e0 Brabois, \u00e0 l\u2019ouest de Nancy, sur la commune de Vand\u0153uvre-l\u00e8s-Nancy.<\/p>\n<p>Ce groupement est constitu\u00e9 par les repr\u00e9sentants de l\u2019\u00c9tat, de la R\u00e9gion Grand Est, du d\u00e9partement de Meurthe-et-Moselle, du Pays du Lun\u00e9villois et de douze des treize intercommunalit\u00e9s de <a href=\"https:\/\/www.estrepublicain.fr\/politique\/2023\/12\/29\/organiser-le-territoire-de-toul-et-pont-a-mousson-au-saintois\" target=\"_blank\" rel=\"nofollow noopener\">la Multipole Nancy Sud Lorraine.<\/a> Son but\u00a0: \u00ab\u00a0Favoriser la d\u00e9saturation des axes autoroutiers de bassin de Nancy (<a href=\"https:\/\/www.estrepublicain.fr\/p\/autoroute-a31\" target=\"_blank\" rel=\"nofollow noopener\">A31<\/a> et A33).\u00a0\u00bb<\/p>\n<p>\u00ab Une condition&#8230;                        <\/p>\n","protected":false},"excerpt":{"rendered":"C\u2019est un tournant. Soit une d\u00e9cision est prise maintenant, soit le dossier accusera un retard de plusieurs ann\u00e9es.&hellip;\n","protected":false},"author":2,"featured_media":1162341,"comment_status":"","ping_status":"","sticky":false,"template":"","format":"standard","meta":{"footnotes":"","_share_on_mastodon":"0"},"categories":[9635],"tags":[1111,11,3542,33,3602,1707,1704,1706,1705,10174,436,1777,674,107,1011,27,775,6364,3457,1702,12,316,25,71,104,5711,216],"class_list":["post-1162340","post","type-post","status-publish","format-standard","has-post-thumbnail","category-nancy","tag-actu","tag-actualites","tag-circulation","tag-economie","tag-edition-bar-le-duc","tag-edition-luneville","tag-edition-nancy-et-agglomeration","tag-edition-pont-a-mousson","tag-edition-toul","tag-edition-verdun","tag-environnement","tag-eu","tag-europe","tag-fil-info","tag-fr","tag-france","tag-grand-est","tag-metropole-du-grand-nancy-54b1","tag-meurthe-et-moselle","tag-nancy","tag-news","tag-politique","tag-republique-francaise","tag-sante","tag-societe","tag-vandoeuvre-les-nancy","tag-vie-des-entreprises"],"share_on_mastodon":{"url":"https:\/\/pubeurope.com\/@fr\/117199633282483202","error":""},"_links":{"self":[{"href":"https:\/\/www.europesays.com\/fr\/wp-json\/wp\/v2\/posts\/1162340","targetHints":{"allow":["GET"]}}],"collection":[{"href":"https:\/\/www.europesays.com\/fr\/wp-json\/wp\/v2\/posts"}],"about":[{"href":"https:\/\/www.europesays.com\/fr\/wp-json\/wp\/v2\/types\/post"}],"author":[{"embeddable":true,"href":"https:\/\/www.europesays.com\/fr\/wp-json\/wp\/v2\/users\/2"}],"replies":[{"embeddable":true,"href":"https:\/\/www.europesays.com\/fr\/wp-json\/wp\/v2\/comments?post=1162340"}],"version-history":[{"count":0,"href":"https:\/\/www.europesays.com\/fr\/wp-json\/wp\/v2\/posts\/1162340\/revisions"}],"wp:featuredmedia":[{"embeddable":true,"href":"https:\/\/www.europesays.com\/fr\/wp-json\/wp\/v2\/media\/1162341"}],"wp:attachment":[{"href":"https:\/\/www.europesays.com\/fr\/wp-json\/wp\/v2\/media?parent=1162340"}],"wp:term":[{"taxonomy":"category","embeddable":true,"href":"https:\/\/www.europesays.com\/fr\/wp-json\/wp\/v2\/categories?post=1162340"},{"taxonomy":"post_tag","embeddable":true,"href":"https:\/\/www.europesays.com\/fr\/wp-json\/wp\/v2\/tags?post=1162340"}],"curies":[{"name":"wp","href":"https:\/\/api.w.org\/{rel}","templated":true}]}}