{"id":1162352,"date":"2026-09-02T04:57:17","date_gmt":"2026-09-02T04:57:17","guid":{"rendered":"https:\/\/www.europesays.com\/fr\/1162352\/"},"modified":"2026-09-02T04:57:17","modified_gmt":"2026-09-02T04:57:17","slug":"association-le-pole-alpin-risques-naturels-cest-fini","status":"publish","type":"post","link":"https:\/\/www.europesays.com\/fr\/1162352\/","title":{"rendered":"Association. Le P\u00f4le alpin risques naturels, c&rsquo;est fini"},"content":{"rendered":"<p>Le P\u00f4le alpin risques naturels a d\u00fb se r\u00e9soudre \u00e0 fermer ses portes en juillet. \u00ab\u00a0Comme beaucoup d\u2019associations aujourd\u2019hui, le PARN a \u00e9t\u00e9 durement frapp\u00e9 par les difficult\u00e9s financi\u00e8res qui touchent le secteur associatif. Malgr\u00e9 l\u2019engagement de toutes celles et ceux qui se sont mobilis\u00e9s ces derniers mois, malgr\u00e9 les solutions recherch\u00e9es et les efforts d\u00e9ploy\u00e9s, nous n\u2019avons pas r\u00e9ussi \u00e0 r\u00e9unir les conditions n\u00e9cessaires pour assurer la p\u00e9rennit\u00e9 de notre projet associatif\u00a0\u00bb, a expliqu\u00e9 son pr\u00e9sident, Fr\u00e9d\u00e9ric Berger. Avant de pr\u00e9ciser\u00a0: \u00ab\u00a0Les d\u00e9fis li\u00e9s aux risques naturels, au changement climatique et \u00e0 la r\u00e9silience des territoires de montagne appellent plus que jamais des espaces de coop\u00e9ration, de dialogue, d\u2019animation et de partage de connaissances.\u00a0\u00bb<\/p>\n","protected":false},"excerpt":{"rendered":"Le P\u00f4le alpin risques naturels a d\u00fb se r\u00e9soudre \u00e0 fermer ses portes en juillet. \u00ab\u00a0Comme beaucoup d\u2019associations&hellip;\n","protected":false},"author":2,"featured_media":1162353,"comment_status":"","ping_status":"","sticky":false,"template":"","format":"standard","meta":{"footnotes":"","_share_on_mastodon":"0"},"categories":[9566],"tags":[1111,11,2430,37130,9323,112,436,1777,674,1011,27,2731,2732,881,108,5324,12,25],"class_list":["post-1162352","post","type-post","status-publish","format-standard","has-post-thumbnail","category-grenoble","tag-actu","tag-actualites","tag-auvergne-rhone-alpes","tag-cap-2030","tag-catastrophes","tag-edition-grenoble-agglomeration","tag-environnement","tag-eu","tag-europe","tag-fr","tag-france","tag-grenoble","tag-grenoble-bassin","tag-hautes-alpes","tag-isere","tag-montagne","tag-news","tag-republique-francaise"],"share_on_mastodon":{"url":"https:\/\/pubeurope.com\/@fr\/117199676777220214","error":""},"_links":{"self":[{"href":"https:\/\/www.europesays.com\/fr\/wp-json\/wp\/v2\/posts\/1162352","targetHints":{"allow":["GET"]}}],"collection":[{"href":"https:\/\/www.europesays.com\/fr\/wp-json\/wp\/v2\/posts"}],"about":[{"href":"https:\/\/www.europesays.com\/fr\/wp-json\/wp\/v2\/types\/post"}],"author":[{"embeddable":true,"href":"https:\/\/www.europesays.com\/fr\/wp-json\/wp\/v2\/users\/2"}],"replies":[{"embeddable":true,"href":"https:\/\/www.europesays.com\/fr\/wp-json\/wp\/v2\/comments?post=1162352"}],"version-history":[{"count":0,"href":"https:\/\/www.europesays.com\/fr\/wp-json\/wp\/v2\/posts\/1162352\/revisions"}],"wp:featuredmedia":[{"embeddable":true,"href":"https:\/\/www.europesays.com\/fr\/wp-json\/wp\/v2\/media\/1162353"}],"wp:attachment":[{"href":"https:\/\/www.europesays.com\/fr\/wp-json\/wp\/v2\/media?parent=1162352"}],"wp:term":[{"taxonomy":"category","embeddable":true,"href":"https:\/\/www.europesays.com\/fr\/wp-json\/wp\/v2\/categories?post=1162352"},{"taxonomy":"post_tag","embeddable":true,"href":"https:\/\/www.europesays.com\/fr\/wp-json\/wp\/v2\/tags?post=1162352"}],"curies":[{"name":"wp","href":"https:\/\/api.w.org\/{rel}","templated":true}]}}