{"id":1162356,"date":"2026-09-02T04:59:17","date_gmt":"2026-09-02T04:59:17","guid":{"rendered":"https:\/\/www.europesays.com\/fr\/1162356\/"},"modified":"2026-09-02T04:59:17","modified_gmt":"2026-09-02T04:59:17","slug":"chantepie-la-mediatheque-dans-les-starting-blocks-pour-la-rentree","status":"publish","type":"post","link":"https:\/\/www.europesays.com\/fr\/1162356\/","title":{"rendered":"Chantepie. La m\u00e9diath\u00e8que\u00a0dans les starting-blocks pour la rentr\u00e9e"},"content":{"rendered":"<p>L\u2019\u00e9quipe de la m\u00e9diath\u00e8que L\u2019Esperluette pr\u00e9pare la rentr\u00e9e. <strong>\u00a0Nous allons proc\u00e9der \u00e0 ce que nous appelons le d\u00e9sherbage, une op\u00e9ration qui consiste \u00e0 retirer du pr\u00eat les documents endommag\u00e9s ou devenus obsol\u00e8tes<\/strong>, explique St\u00e9phanie Cabrera, responsable de la m\u00e9diath\u00e8que. <strong>Ce renouvellement des collections permet de garantir une offre et un service de qualit\u00e9 aux lecteurs, en fonction de crit\u00e8res d\u2019actualit\u00e9 et de pertinence \u00e9tablis par les m\u00e9diath\u00e9caires. Et tous les deux ans, nous proposons de mettre en vente ces documents directement \u00e0 la population lors d\u2019une braderie.\u00a0 Cette ann\u00e9e, elle aura lieu le samedi 19\u00a0septembre, de 10\u00a0h \u00e0 16\u00a0h en continu, \u00e0 la Maison pour tous.<\/strong><\/p>\n<p>De nombreuses animations en septembre<\/p>\n<p>Plus de 4\u00a0000\u00a0documents seront \u00e0 vendre \u00e0 petits prix\u00a0: litt\u00e9rature adulte, polars, science-fiction, BD, CD, albums et BD jeunesse. Avec la possibilit\u00e9 de r\u00e8glement par carte bancaire. La m\u00e9diath\u00e8que restera ouverte aux horaires habituels pendant la braderie.<\/p>\n<p><strong>L\u2019Esperluette propose, <\/strong>tous les mercredis, du 16\u00a0septembre au 14\u00a0octobre, de 16\u00a0h \u00e0 18\u00a0h, une animation <strong>d\u00e9couverte de la r\u00e9alit\u00e9 virtuelle.<\/strong> Destin\u00e9es aux adultes et enfants \u00e0 partir de 10\u00a0ans, ces sessions de d\u00e9couverte, permettront, gr\u00e2ce\u00a0\u00e0 un casque de r\u00e9alit\u00e9 virtuelle Meta Quest 3\u00a0pr\u00eat\u00e9 par la m\u00e9diath\u00e8que d\u00e9partementale, par exemple d\u2019explorer l\u2019Amazonie, de marcher sur une planche \u00e0 80\u00a0m de hauteur ou d\u2019\u00e9prouver les sensations de montagnes russes.<\/p>\n<p><strong>Le Prix Mosa\u00efque 2026-2027 en bandes dessin\u00e9es sera officiellement lanc\u00e9 <\/strong>samedi 26\u00a0septembre, de 11\u00a0h\u00a030 \u00e0 12\u00a0h\u00a030.\u00a0La s\u00e9lection des BD est \u00e9tablie par les biblioth\u00e9caires de la coop\u00e9ration Mosa\u00efque, Chantepie, Corps-Nuds, Nouvoitou, Saint-Armel, Vern-sur-Seiche, en partenariat avec la librairie Ty Bull. Inscription dans l\u2019une des m\u00e9diath\u00e8ques de la coop\u00e9ration.<\/p>\n<p>Samedi 19\u00a0septembre, \u00e0 9\u00a0h, L\u00e9na\u00efck, m\u00e9diath\u00e9caire secteur jeunesse et ado, accompagne les ados \u00e0 la librairie La Courte \u00c9chelle, \u00e0 Rennes, pour une rencontre avec les libraires et le choix d\u2019une s\u00e9lection de livres dans le cadre du <strong>Breakfast Club.<\/strong><\/p>\n<p>La m\u00e9diath\u00e8que sera \u00e9galement pr\u00e9sente au forum des associations samedi.<\/p>\n<p>\u00a0<\/p>\n","protected":false},"excerpt":{"rendered":"L\u2019\u00e9quipe de la m\u00e9diath\u00e8que L\u2019Esperluette pr\u00e9pare la rentr\u00e9e. \u00a0Nous allons proc\u00e9der \u00e0 ce que nous appelons le d\u00e9sherbage,&hellip;\n","protected":false},"author":2,"featured_media":1162357,"comment_status":"","ping_status":"","sticky":false,"template":"","format":"standard","meta":{"footnotes":"","_share_on_mastodon":"0"},"categories":[2821],"tags":[1111,11,829,12790,1777,674,1011,27,16582,12,3086,584,28313,25,88390],"class_list":["post-1162356","post","type-post","status-publish","format-standard","has-post-thumbnail","category-rennes","tag-actu","tag-actualites","tag-bretagne","tag-chantepie","tag-eu","tag-europe","tag-fr","tag-france","tag-mediatheque","tag-news","tag-redon","tag-rennes","tag-rentree","tag-republique-francaise","tag-starting-blocks"],"share_on_mastodon":{"url":"https:\/\/pubeurope.com\/@fr\/117199684551264731","error":""},"_links":{"self":[{"href":"https:\/\/www.europesays.com\/fr\/wp-json\/wp\/v2\/posts\/1162356","targetHints":{"allow":["GET"]}}],"collection":[{"href":"https:\/\/www.europesays.com\/fr\/wp-json\/wp\/v2\/posts"}],"about":[{"href":"https:\/\/www.europesays.com\/fr\/wp-json\/wp\/v2\/types\/post"}],"author":[{"embeddable":true,"href":"https:\/\/www.europesays.com\/fr\/wp-json\/wp\/v2\/users\/2"}],"replies":[{"embeddable":true,"href":"https:\/\/www.europesays.com\/fr\/wp-json\/wp\/v2\/comments?post=1162356"}],"version-history":[{"count":0,"href":"https:\/\/www.europesays.com\/fr\/wp-json\/wp\/v2\/posts\/1162356\/revisions"}],"wp:featuredmedia":[{"embeddable":true,"href":"https:\/\/www.europesays.com\/fr\/wp-json\/wp\/v2\/media\/1162357"}],"wp:attachment":[{"href":"https:\/\/www.europesays.com\/fr\/wp-json\/wp\/v2\/media?parent=1162356"}],"wp:term":[{"taxonomy":"category","embeddable":true,"href":"https:\/\/www.europesays.com\/fr\/wp-json\/wp\/v2\/categories?post=1162356"},{"taxonomy":"post_tag","embeddable":true,"href":"https:\/\/www.europesays.com\/fr\/wp-json\/wp\/v2\/tags?post=1162356"}],"curies":[{"name":"wp","href":"https:\/\/api.w.org\/{rel}","templated":true}]}}