{"id":1162366,"date":"2026-09-02T05:04:20","date_gmt":"2026-09-02T05:04:20","guid":{"rendered":"https:\/\/www.europesays.com\/fr\/1162366\/"},"modified":"2026-09-02T05:04:20","modified_gmt":"2026-09-02T05:04:20","slug":"la-programmation-dol-nice-et-psg-ol-devoilee-officiellement","status":"publish","type":"post","link":"https:\/\/www.europesays.com\/fr\/1162366\/","title":{"rendered":"La programmation d&rsquo;OL-Nice et PSG-OL d\u00e9voil\u00e9e officiellement"},"content":{"rendered":"<p itemprop=\"description\"><strong>La LFP a d\u00e9voil\u00e9 ce mardi la programmation des 7e et 8e journ\u00e9e de Ligue 1.<\/strong><\/p>\n<p>L&rsquo;OL enchainera de gros rendez-vous. Les hommes de Paulo Fonseca recevront Nice le dimanche 18 octobre \u00e0 20h45. La rencontre, comptant pour la 7e journ\u00e9e de championnat, sera diffus\u00e9e sur Ligue 1+.<\/p>\n<p>Le week-end suivant, l&rsquo;OL se d\u00e9placera au Parc des Princes. Il a \u00e9t\u00e9 d\u00e9cid\u00e9 que ce match se d\u00e9roulera le dimanche 25 octobre \u00e0 20h45.<\/p>\n","protected":false},"excerpt":{"rendered":"La LFP a d\u00e9voil\u00e9 ce mardi la programmation des 7e et 8e journ\u00e9e de Ligue 1. L&rsquo;OL enchainera&hellip;\n","protected":false},"author":2,"featured_media":1162367,"comment_status":"","ping_status":"","sticky":false,"template":"","format":"standard","meta":{"footnotes":"","_share_on_mastodon":"0"},"categories":[2819],"tags":[1111,11,2813,1109,1112,1777,674,2257,1011,27,1922,1110,1114,2851,12,2401,241,882,25,517],"class_list":["post-1162366","post","type-post","status-publish","format-standard","has-post-thumbnail","category-nice","tag-actu","tag-actualites","tag-article","tag-breves","tag-depeches","tag-eu","tag-europe","tag-foot","tag-fr","tag-france","tag-info","tag-informations","tag-infos","tag-lyonfoot","tag-news","tag-nice","tag-ol","tag-provence-alpes-cote-dazur","tag-republique-francaise","tag-sport"],"share_on_mastodon":{"url":"https:\/\/pubeurope.com\/@fr\/117199704472416544","error":""},"_links":{"self":[{"href":"https:\/\/www.europesays.com\/fr\/wp-json\/wp\/v2\/posts\/1162366","targetHints":{"allow":["GET"]}}],"collection":[{"href":"https:\/\/www.europesays.com\/fr\/wp-json\/wp\/v2\/posts"}],"about":[{"href":"https:\/\/www.europesays.com\/fr\/wp-json\/wp\/v2\/types\/post"}],"author":[{"embeddable":true,"href":"https:\/\/www.europesays.com\/fr\/wp-json\/wp\/v2\/users\/2"}],"replies":[{"embeddable":true,"href":"https:\/\/www.europesays.com\/fr\/wp-json\/wp\/v2\/comments?post=1162366"}],"version-history":[{"count":0,"href":"https:\/\/www.europesays.com\/fr\/wp-json\/wp\/v2\/posts\/1162366\/revisions"}],"wp:featuredmedia":[{"embeddable":true,"href":"https:\/\/www.europesays.com\/fr\/wp-json\/wp\/v2\/media\/1162367"}],"wp:attachment":[{"href":"https:\/\/www.europesays.com\/fr\/wp-json\/wp\/v2\/media?parent=1162366"}],"wp:term":[{"taxonomy":"category","embeddable":true,"href":"https:\/\/www.europesays.com\/fr\/wp-json\/wp\/v2\/categories?post=1162366"},{"taxonomy":"post_tag","embeddable":true,"href":"https:\/\/www.europesays.com\/fr\/wp-json\/wp\/v2\/tags?post=1162366"}],"curies":[{"name":"wp","href":"https:\/\/api.w.org\/{rel}","templated":true}]}}