{"id":1162368,"date":"2026-09-02T05:05:14","date_gmt":"2026-09-02T05:05:14","guid":{"rendered":"https:\/\/www.europesays.com\/fr\/1162368\/"},"modified":"2026-09-02T05:05:14","modified_gmt":"2026-09-02T05:05:14","slug":"rentree-scolaire-2026-cest-un-luxe-a-nantes-cette-ecole-promet-de-sadapter-au-rechauffement-climatique","status":"publish","type":"post","link":"https:\/\/www.europesays.com\/fr\/1162368\/","title":{"rendered":"Rentr\u00e9e scolaire 2026\u00a0: \u00ab\u00a0C\u2019est un luxe\u00a0\u00bb\u2026 A Nantes, cette \u00e9cole promet de s\u2019adapter au r\u00e9chauffement climatique"},"content":{"rendered":"<p> \u00abIci c\u2019est top, on est mieux que dans l\u2019ancienne \u00e9cole\u00a0!\u00a0\u00bb Malo*, 8 ans, ne fera pas plus de commentaires, le voil\u00e0 d\u00e9j\u00e0 en train de courir vers son meilleur copain. Les deux jeunes Nantais ne se sont pas vus pendant deux mois pour cause de vacances bien m\u00e9rit\u00e9es. Leurs retrouvailles se font devant l\u2019\u00e9cole Jos\u00e9phine-Baker, situ\u00e9e au c\u0153ur du quartier R\u00e9publique de l\u2019\u00eele de <a href=\"https:\/\/www.20minutes.fr\/faits_divers\/4242179-20260901-permis-automobiliste-revendiquant-breton-refuse-controle-routier\" class=\"c-link c-link--is-underlined\" rel=\"nofollow noopener\" target=\"_blank\">Nantes<\/a>. Comme pr\u00e8s de 400 enfants, les deux gar\u00e7ons <a href=\"https:\/\/www.20minutes.fr\/societe\/4241939-20260831-rentree-scolaire-profs-absents-non-remplaces-extremement-marginal-selon-ministre\" class=\"c-link c-link--is-underlined\" rel=\"nofollow noopener\" target=\"_blank\">font leur rentr\u00e9e<\/a> dans des locaux flambant neuf, \u00e0 l\u2019image d\u2019un quartier en pleine expansion.<\/p>\n<p>Ce mardi matin, les cartables \u00e0 roulettes et les trottinettes Pat&rsquo; Patrouille d\u00e9tonnent avec l\u2019architecture du coin. Toitures v\u00e9g\u00e9talis\u00e9es, panneaux photovolta\u00efques, mat\u00e9riaux biosourc\u00e9s\u2026 Leur nouvelle \u00e9cole dit porter \u00ab\u00a0une attention forte \u00e0 la transition \u00e9cologique\u00a0\u00bb et se fond dans un d\u00e9cor d\u00e9j\u00e0 habit\u00e9 depuis plusieurs ann\u00e9es par d\u2019immenses immeubles en bois et le chantier titanesque du <a href=\"https:\/\/www.20minutes.fr\/sante\/4230719-20260623-croit-nouveau-chu-nantes-peut-garantir-confort-thermique-patients-climatisation\" class=\"c-link c-link--is-underlined\" rel=\"nofollow noopener\" target=\"_blank\">futur CHU<\/a> (dont l\u2019ouverture est pr\u00e9vue courant 2028).<\/p>\n<p>\u00ab\u00a0Il fait plus frais\u00a0\u00bb<\/p>\n<p>La version actuelle de l\u2019\u00e9cole Jos\u00e9phine-Baker a ouvert ses portes au mois de mars. \u00ab\u00a0Avant, nos enfants \u00e9taient dans des classes modulaires\u00a0\u00bb \u00e0 50 m\u00e8tres de-l\u00e0, rappelle un parent d\u2019\u00e9l\u00e8ve. Entre-temps, il y a eu la coupure estivale, mais aussi, <a href=\"https:\/\/www.20minutes.fr\/societe\/4231182-20260625-canicule-record-nuit-plus-chaude-jamais-mesuree-france-encore-battu\" class=\"c-link c-link--is-underlined\" rel=\"nofollow noopener\" target=\"_blank\">des temp\u00e9ratures record<\/a>. A Nantes, le thermom\u00e8tre a d\u00e9pass\u00e9 les 42\u00a0\u00b0C fin juin. Pour les parents, ce changement de locaux est arriv\u00e9 au bon moment. \u00ab\u00a0Ici il fait plus frais, les enfants ne se sont pas plaints une seconde de la chaleur\u00a0\u00bb, abonde la m\u00e8re de Malo.<\/p>\n<p><img decoding=\"async\" alt=\"Des brasseurs d'air ont \u00e9t\u00e9 install\u00e9s au plafond et remplace la traditionnelle climatisation. \" class=\"c-img\" loading=\"lazy\" fetchpriority=\"auto\" width=\"718\"  src=\"https:\/\/img.20mn.fr\/sAt1TnsBSFOqjMUdGuzTiCk\/718x0\" \/>Des brasseurs d&rsquo;air ont \u00e9t\u00e9 install\u00e9s au plafond et remplace la traditionnelle climatisation. \u2002-\u00a0A.Rochet \/ 20 Minutes<\/p>\n<p>Pour limiter les hausses de temp\u00e9rature, l\u2019\u00e9cole Jos\u00e9phine-Baker s\u2019articule autour d\u2019un syst\u00e8me de ventilation 100\u00a0% naturel. \u00ab\u00a0Les moucharabiehs [cloisons ajour\u00e9es] donnent la possibilit\u00e9 d\u2019ouvrir les fen\u00eatres la nuit ou aux heures plus fra\u00eeches en toute s\u00e9curit\u00e9\u00a0\u00bb, cite en exemple Gwena\u00eblle Direur, architecte. Au mur, des briques de terre crue se chargent en fra\u00eecheur puis la diffusent aux moments les plus chauds, les fen\u00eatres sont \u00e9quip\u00e9es de brise-soleil et les grands espaces, comme la biblioth\u00e8que, disposent de brasseurs d\u2019air au plafond.<\/p>\n<p>Un public plus sensible \u00e0 la chaleur<\/p>\n<p>Dans cette \u00e9cole mod\u00e8le, on mise aussi sur des arbres fra\u00eechement plant\u00e9s, une cour v\u00e9g\u00e9talis\u00e9e et des terrains de jeux sur copeaux de bois. \u00ab\u00a0Les enfants sont des publics plus fragiles\u00a0\u00bb, rappelle Chlo\u00e9 Girardot Moiti\u00e9 conseill\u00e8re municipale d\u00e9l\u00e9gu\u00e9e \u00e0 l\u2019adaptation des b\u00e2timents scolaires et des b\u00e2timents publics au d\u00e9r\u00e8glement climatique. \u00ab\u00a0Un \u00e9l\u00e8ve qui joue dans une cour d\u2019\u00e9cole couverte de bitume sera plus sensible \u00e0 sa temp\u00e9rature car il est plus proche du sol qu\u2019un adulte et ressent plus facilement la chaleur qui s\u2019en d\u00e9gage.\u00a0\u00bb<\/p>\n<p>En juillet\/ao\u00fbt, le gazon a pris un coup de chaud et les arbres n\u2019ont pas pris en masse, mais on imagine que le temps fera son \u0153uvre. \u00ab\u00a0Pour le moment, l\u2019\u00e9cole a des allures aust\u00e8res, s\u2019amuse Hortense, maman d\u2019une petite fille en grande section, mais on ne va pas se le cacher, pour nous c\u2019est un luxe que notre enfant puisse faire sa rentr\u00e9e dans une \u00e9cole toute neuve avec une telle ambition\u00a0\u00bb, confie-t-elle.<\/p>\n<p>Int\u00e9grer les \u00e9quipements \u00e0 d\u2019autres \u00e9coles<\/p>\n<p>A la mairie, on se f\u00e9licite aussi d\u2019une telle infrastructure. \u00ab\u00a0Avec l\u2019\u00e9cole Jos\u00e9phine-Baker, il y a une vraie d\u00e9marche d\u2019int\u00e9gration des risques climatiques\u00a0\u00bb, soutient Chlo\u00e9 Girardot Moiti\u00e9. \u00ab\u00a0Permettre l\u2019a\u00e9ration de nuit, installer des moucharabiehs, des brasseurs d\u2019air\u2026 Ce sont des choses qui ne se faisaient pas syst\u00e9matiquement avant, continue l\u2019\u00e9lue, l\u2019enjeu maintenant sera d\u2019int\u00e9grer de mani\u00e8re plus syst\u00e9matique ces \u00e9quipements dans d\u2019autres \u00e9coles.\u00a0\u00bb<\/p>\n<p>Un peu moins de quatre mois apr\u00e8s la rentr\u00e9e du mois de mars, l\u2019\u00e9tablissement n\u2019a pourtant pas \u00e9chapp\u00e9 \u00e0 la fermeture des \u00e9coles impos\u00e9es les apr\u00e8s-midi des 22 et 23\u00a0juin. \u00ab\u00a0Sans indications nationales, Johanna Rolland [maire PS] a pr\u00e9f\u00e9r\u00e9 \u00e9viter toute confusion\u00a0\u00bb, glisse-t-on \u00e0 la mairie. \u00ab\u00a0Nous avons compris cette d\u00e9cision mais on trouvait cela dommage que nos enfants soient eux aussi concern\u00e9s par les fermetures, pointe Morgane dont la fille \u00e9tait d\u00e9j\u00e0 scolaris\u00e9e l\u2019ann\u00e9e derni\u00e8re. Dans certaines classes, on ne ressentait pas du tout la chaleur.\u00a0\u00bb \u00ab\u00a0Des enfants ont d\u00fb rentrer chez eux alors qu\u2019ils vivent dans des passoires thermiques\u00a0\u00bb, regrette \u00e9galement Hortense.<\/p>\n<p><a href=\"https:\/\/www.20minutes.fr\/dossier\/rentree-scolaire\" class=\"c-link c-btn c-btn--primary\" rel=\"nofollow noopener\" target=\"_blank\">Notre dossier sur la rentr\u00e9e scolaire 2026<\/a><\/p>\n<p>Sur cette m\u00eame p\u00e9riode, la temp\u00e9rature la plus \u00e9lev\u00e9e enregistr\u00e9e dans l\u2019une des salles de classe \u00e9tait de 28\u00a0\u00b0C, pr\u00e9cise Gwena\u00eblle Direur. Pas de miracle avec la ventilation naturelle\u00a0: \u00ab\u00a0le syst\u00e8me en place permet de faire baisser la temp\u00e9rature de 5 \u00e0 10 degr\u00e9s par rapport \u00e0 l\u2019ext\u00e9rieur\u00a0\u00bb. Cette semaine, <a href=\"https:\/\/www.20minutes.fr\/planete\/4241626-20260829-fini-fortes-chaleurs-attendues-endroits-semaine-rentree\" class=\"c-link c-link--is-underlined\" rel=\"nofollow noopener\" target=\"_blank\">jusqu\u2019\u00e0 27\u00a0\u00b0C<\/a> sont attendus dans la cit\u00e9 des ducs selon <a href=\"https:\/\/meteofrance.com\/\" target=\"_blank\" class=\"c-link c-link--is-underlined\" rel=\"nofollow noopener\">M\u00e9t\u00e9o-France<\/a>.<\/p>\n<p>*Le pr\u00e9nom a \u00e9t\u00e9 modifi\u00e9.<\/p>\n","protected":false},"excerpt":{"rendered":"\u00abIci c\u2019est top, on est mieux que dans l\u2019ancienne \u00e9cole\u00a0!\u00a0\u00bb Malo*, 8 ans, ne fera pas plus de&hellip;\n","protected":false},"author":2,"featured_media":1162369,"comment_status":"","ping_status":"","sticky":false,"template":"","format":"standard","meta":{"footnotes":"","_share_on_mastodon":"0"},"categories":[2818],"tags":[1111,11,1122,6688,23612,5760,847,1777,674,1011,27,3047,766,12,2636,1306,116407,25],"class_list":["post-1162368","post","type-post","status-publish","format-standard","has-post-thumbnail","category-nantes","tag-actu","tag-actualites","tag-ecole","tag-ecole-maternelle","tag-ecole-primaire","tag-ecole-publique","tag-enfant","tag-eu","tag-europe","tag-fr","tag-france","tag-loire-atlantique","tag-nantes","tag-news","tag-pays-de-la-loire","tag-regions","tag-rentree-scolaire-2026","tag-republique-francaise"],"share_on_mastodon":{"url":"https:\/\/pubeurope.com\/@fr\/117199709831576052","error":""},"_links":{"self":[{"href":"https:\/\/www.europesays.com\/fr\/wp-json\/wp\/v2\/posts\/1162368","targetHints":{"allow":["GET"]}}],"collection":[{"href":"https:\/\/www.europesays.com\/fr\/wp-json\/wp\/v2\/posts"}],"about":[{"href":"https:\/\/www.europesays.com\/fr\/wp-json\/wp\/v2\/types\/post"}],"author":[{"embeddable":true,"href":"https:\/\/www.europesays.com\/fr\/wp-json\/wp\/v2\/users\/2"}],"replies":[{"embeddable":true,"href":"https:\/\/www.europesays.com\/fr\/wp-json\/wp\/v2\/comments?post=1162368"}],"version-history":[{"count":0,"href":"https:\/\/www.europesays.com\/fr\/wp-json\/wp\/v2\/posts\/1162368\/revisions"}],"wp:featuredmedia":[{"embeddable":true,"href":"https:\/\/www.europesays.com\/fr\/wp-json\/wp\/v2\/media\/1162369"}],"wp:attachment":[{"href":"https:\/\/www.europesays.com\/fr\/wp-json\/wp\/v2\/media?parent=1162368"}],"wp:term":[{"taxonomy":"category","embeddable":true,"href":"https:\/\/www.europesays.com\/fr\/wp-json\/wp\/v2\/categories?post=1162368"},{"taxonomy":"post_tag","embeddable":true,"href":"https:\/\/www.europesays.com\/fr\/wp-json\/wp\/v2\/tags?post=1162368"}],"curies":[{"name":"wp","href":"https:\/\/api.w.org\/{rel}","templated":true}]}}