{"id":1162370,"date":"2026-09-02T05:06:13","date_gmt":"2026-09-02T05:06:13","guid":{"rendered":"https:\/\/www.europesays.com\/fr\/1162370\/"},"modified":"2026-09-02T05:06:13","modified_gmt":"2026-09-02T05:06:13","slug":"meteo-quel-temps-est-il-prevu-a-nantes-et-ses-environs-le-mercredi-2-septembre-2026","status":"publish","type":"post","link":"https:\/\/www.europesays.com\/fr\/1162370\/","title":{"rendered":"M\u00e9t\u00e9o. Quel temps est-il pr\u00e9vu \u00e0 Nantes et ses environs le mercredi 2 septembre 2026 ?"},"content":{"rendered":"<p data-ofstats-scroll=\"read_depth_20\">La matin\u00e9e d\u00e9butera sous un ciel peu nuageux et une humidit\u00e9 assez marqu\u00e9e, avant que la couverture ne se densifie pour devenir totalement couverte entre la fin de la premi\u00e8re partie de matin\u00e9e et son milieu, puis n\u2019\u00e9volue vers un voile de nuages \u00e9lev\u00e9s. Les temp\u00e9ratures, fra\u00eeches autour de 15 \u00e0 16 \u00b0C au lever du jour, monteront jusqu\u2019\u00e0 21 \u00b0C. Le vent, faible \u00e0 5 km\/h avec des rafales \u00e0 10 puis 15 km\/h, tournera du Nord vers le Nord-Nord-Ouest, le Nord-Nord-Est, le Sud-Sud-Est puis l\u2019Ouest-Sud-Ouest.<\/p>\n<p data-ofstats-scroll=\"read_depth_30\">L\u2019apr\u00e8s-midi prendra le relais avec un voile de nuages \u00e9lev\u00e9s persistant, sans \u00e9volution notable de la couverture nuageuse par rapport \u00e0 la fin de matin\u00e9e. Le vent soufflera d\u2019Ouest \u00e0 5 km\/h en d\u00e9but de p\u00e9riode, puis se renforcera peu \u00e0 peu jusqu\u2019\u00e0 15 km\/h, avec des rafales passant de 20 \u00e0 30 km\/h en fin d\u2019apr\u00e8s-midi. Les temp\u00e9ratures grimperont de 22 \u00b0C \u00e0 26 \u00b0C, tandis que l\u2019humidit\u00e9 baissera nettement avant de remonter l\u00e9g\u00e8rement en toute fin de journ\u00e9e.<\/p>\n<p data-ofstats-scroll=\"read_depth_50\">En soir\u00e9e, dans la continuit\u00e9 de l\u2019apr\u00e8s-midi, les temp\u00e9ratures resteront stables autour de 25 \u00b0C avant de d\u00e9cro\u00eetre vers 19 \u00b0C en fin de nuit. Le ciel passera d\u2019un voile de nuages \u00e9lev\u00e9s \u00e0 un ciel clair, avec un bref passage peu nuageux. Le vent d\u2019Ouest se maintiendra \u00e0 15 km\/h en d\u00e9but de soir\u00e9e, avec des rafales jusqu\u2019\u00e0 30 km\/h, puis faiblira vers 10 km\/h avec 20 \u00e0 25 km\/h en rafales. L\u2019humidit\u00e9 augmentera graduellement, rendant l\u2019air un peu plus lourd au fil des heures.<\/p>\n<p data-ofstats-scroll=\"read_depth_70\">Durant la nuit du jeudi 3 septembre 2026, dans le prolongement de la soir\u00e9e, les temp\u00e9ratures resteront stables autour de 18 \u00b0C, ne reculant que l\u00e9g\u00e8rement \u00e0 17 \u00b0C en fin de nuit. Le vent, d\u2019abord orient\u00e9 Ouest-Sud-Ouest autour de 10 km\/h avec des rafales pouvant atteindre 20 km\/h, faiblira ensuite \u00e0 5 km\/h, avec des rafales ne d\u00e9passant plus 15 km\/h, en tournant peu \u00e0 peu Sud-Ouest. Le ciel passera d\u2019un aspect peu nuageux \u00e0 un voile plus pr\u00e9sent, tandis que des brouillards de rayonnement se formeront avant l\u2019aube. L\u2019humidit\u00e9, d\u00e9j\u00e0 forte, augmentera encore au fil des heures.<\/p>\n<p data-ofstats-scroll=\"read_depth_90\">Pour la journ\u00e9e de jeudi, dans la continuit\u00e9 de la nuit, les temp\u00e9ratures seront fra\u00eeches en d\u00e9but de matin\u00e9e, autour de 16 \u00e0 17 \u00b0C, avant de grimper progressivement jusqu\u2019\u00e0 26 \u00b0C vers la fin d\u2019apr\u00e8s-midi. Le vent restera faible au lever du jour, soufflant du Sud-Ouest puis du Sud-Sud-Ouest \u00e0 environ 5 km\/h, avec des rafales \u00e0 10 km\/h. \u00c0 partir de la mi-journ\u00e9e, il s\u2019orientera \u00e0 l\u2019Ouest puis \u00e0 l\u2019Ouest-Sud-Ouest, se renfor\u00e7ant jusqu\u2019\u00e0 15 km\/h avec des rafales atteignant 30 km\/h. Le ciel, tr\u00e8s nuageux le matin, s\u2019\u00e9claircira nettement en fin de journ\u00e9e, tandis que l\u2019humidit\u00e9, \u00e9lev\u00e9e au d\u00e9but, diminuera progressivement.<\/p>\n<p data-ofstats-scroll=\"read_depth_90\"><a href=\"https:\/\/www.ouest-france.fr\/meteo\/pays-de-la-loire\/nantes-44000\/\" rel=\"nofollow noopener\" target=\"_blank\">Suivez la m\u00e9t\u00e9o de votre commune en temps r\u00e9el<\/a><\/p>\n<p data-ofstats-scroll=\"read_depth_100\">Ouest-France vous donne \u00e9galement la possibilit\u00e9 de conna\u00eetre la m\u00e9t\u00e9o de votre commune, heure par heure, sur notre page m\u00e9t\u00e9o d\u00e9di\u00e9e<\/p>\n","protected":false},"excerpt":{"rendered":"La matin\u00e9e d\u00e9butera sous un ciel peu nuageux et une humidit\u00e9 assez marqu\u00e9e, avant que la couverture ne&hellip;\n","protected":false},"author":2,"featured_media":963859,"comment_status":"","ping_status":"","sticky":false,"template":"","format":"standard","meta":{"footnotes":"","_share_on_mastodon":"0"},"categories":[2818],"tags":[1111,11,5173,3862,52409,22217,1777,674,1011,27,79892,766,12,43222,4151,2636,25,3740,4286,3524,51472,14532],"class_list":["post-1162370","post","type-post","status-publish","format-standard","has-post-thumbnail","category-nantes","tag-actu","tag-actualites","tag-bouguenais","tag-carquefou","tag-clisson","tag-coueron","tag-eu","tag-europe","tag-fr","tag-france","tag-heric","tag-nantes","tag-news","tag-nort-sur-erdre","tag-orvault","tag-pays-de-la-loire","tag-republique-francaise","tag-reze","tag-saint-herblain","tag-saint-sebastien-sur-loire","tag-vallet","tag-vertou"],"share_on_mastodon":{"url":"https:\/\/pubeurope.com\/@fr\/117199712097407374","error":""},"_links":{"self":[{"href":"https:\/\/www.europesays.com\/fr\/wp-json\/wp\/v2\/posts\/1162370","targetHints":{"allow":["GET"]}}],"collection":[{"href":"https:\/\/www.europesays.com\/fr\/wp-json\/wp\/v2\/posts"}],"about":[{"href":"https:\/\/www.europesays.com\/fr\/wp-json\/wp\/v2\/types\/post"}],"author":[{"embeddable":true,"href":"https:\/\/www.europesays.com\/fr\/wp-json\/wp\/v2\/users\/2"}],"replies":[{"embeddable":true,"href":"https:\/\/www.europesays.com\/fr\/wp-json\/wp\/v2\/comments?post=1162370"}],"version-history":[{"count":0,"href":"https:\/\/www.europesays.com\/fr\/wp-json\/wp\/v2\/posts\/1162370\/revisions"}],"wp:featuredmedia":[{"embeddable":true,"href":"https:\/\/www.europesays.com\/fr\/wp-json\/wp\/v2\/media\/963859"}],"wp:attachment":[{"href":"https:\/\/www.europesays.com\/fr\/wp-json\/wp\/v2\/media?parent=1162370"}],"wp:term":[{"taxonomy":"category","embeddable":true,"href":"https:\/\/www.europesays.com\/fr\/wp-json\/wp\/v2\/categories?post=1162370"},{"taxonomy":"post_tag","embeddable":true,"href":"https:\/\/www.europesays.com\/fr\/wp-json\/wp\/v2\/tags?post=1162370"}],"curies":[{"name":"wp","href":"https:\/\/api.w.org\/{rel}","templated":true}]}}