{"id":1162386,"date":"2026-09-02T05:17:29","date_gmt":"2026-09-02T05:17:29","guid":{"rendered":"https:\/\/www.europesays.com\/fr\/1162386\/"},"modified":"2026-09-02T05:17:29","modified_gmt":"2026-09-02T05:17:29","slug":"un-appel-a-temoins-lance-apres-une-disparition-inquietante-au-sud-de-lyon","status":"publish","type":"post","link":"https:\/\/www.europesays.com\/fr\/1162386\/","title":{"rendered":"Un appel \u00e0 t\u00e9moins lanc\u00e9 apr\u00e8s une disparition inqui\u00e9tante au sud de Lyon"},"content":{"rendered":"<p>Les gendarmes du Rh\u00f4ne lancent un appel \u00e0 t\u00e9moins pour retrouver un homme de 26 ans port\u00e9 disparu depuis le 1er septembre \u00e0 Marennes, au sud de Lyon.<\/p>\n<p>Il est parti en pleine nuit, \u00e0 pied&#8230;\u00a0<br \/>Les proches de J\u00e9r\u00e9my C., 26 ans, sont inquiets.\u00a0Cet homme est parti de <b>Marennes <\/b>entre 1h30 et 6h du matin, ce mardi 1er septembre et depuis, il n&rsquo;a plus donn\u00e9 signe de vie.<\/p>\n<p>Son portrait\u00a0<\/p>\n<p>Un appel \u00e0 t\u00e9moins a donc \u00e9t\u00e9 lanc\u00e9. D&rsquo;apr\u00e8s le signalement des gendarmes, cet homme de corpulence mince porte un <b>tatouage <\/b>sur le bras droit repr\u00e9sentant un oiseau bleu et une phrase en anglais sur le bras gauche.<\/p>\n<p>Autre d\u00e9tail, il pr\u00e9sente une <b>blessure \u00e0 l&rsquo;arcade<\/b>.\u00a0<\/p>\n<p>Si vous avez des informations permettant de faire avancer l&rsquo;enqu\u00eate, contactez les gendarmes de Corbas au<b> 04 72 50 99 64 <\/b>ou au <b>17<\/b>.<\/p>\n<p><\/p>\n","protected":false},"excerpt":{"rendered":"Les gendarmes du Rh\u00f4ne lancent un appel \u00e0 t\u00e9moins pour retrouver un homme de 26 ans port\u00e9 disparu&hellip;\n","protected":false},"author":2,"featured_media":1162387,"comment_status":"","ping_status":"","sticky":false,"template":"","format":"standard","meta":{"footnotes":"","_share_on_mastodon":"0"},"categories":[1889],"tags":[1111,11,8592,2430,2715,1777,674,1011,27,3381,13369,4933,2428,44831,12,25,2429],"class_list":["post-1162386","post","type-post","status-publish","format-standard","has-post-thumbnail","category-lyon","tag-actu","tag-actualites","tag-appel-tmoins","tag-auvergne-rhone-alpes","tag-disparition","tag-eu","tag-europe","tag-fr","tag-france","tag-gendarmerie","tag-gendarmes","tag-homme","tag-lyon","tag-marennes","tag-news","tag-republique-francaise","tag-rhone"],"share_on_mastodon":{"url":"https:\/\/pubeurope.com\/@fr\/117199755275698255","error":""},"_links":{"self":[{"href":"https:\/\/www.europesays.com\/fr\/wp-json\/wp\/v2\/posts\/1162386","targetHints":{"allow":["GET"]}}],"collection":[{"href":"https:\/\/www.europesays.com\/fr\/wp-json\/wp\/v2\/posts"}],"about":[{"href":"https:\/\/www.europesays.com\/fr\/wp-json\/wp\/v2\/types\/post"}],"author":[{"embeddable":true,"href":"https:\/\/www.europesays.com\/fr\/wp-json\/wp\/v2\/users\/2"}],"replies":[{"embeddable":true,"href":"https:\/\/www.europesays.com\/fr\/wp-json\/wp\/v2\/comments?post=1162386"}],"version-history":[{"count":0,"href":"https:\/\/www.europesays.com\/fr\/wp-json\/wp\/v2\/posts\/1162386\/revisions"}],"wp:featuredmedia":[{"embeddable":true,"href":"https:\/\/www.europesays.com\/fr\/wp-json\/wp\/v2\/media\/1162387"}],"wp:attachment":[{"href":"https:\/\/www.europesays.com\/fr\/wp-json\/wp\/v2\/media?parent=1162386"}],"wp:term":[{"taxonomy":"category","embeddable":true,"href":"https:\/\/www.europesays.com\/fr\/wp-json\/wp\/v2\/categories?post=1162386"},{"taxonomy":"post_tag","embeddable":true,"href":"https:\/\/www.europesays.com\/fr\/wp-json\/wp\/v2\/tags?post=1162386"}],"curies":[{"name":"wp","href":"https:\/\/api.w.org\/{rel}","templated":true}]}}