{"id":1162404,"date":"2026-09-02T05:32:22","date_gmt":"2026-09-02T05:32:22","guid":{"rendered":"https:\/\/www.europesays.com\/fr\/1162404\/"},"modified":"2026-09-02T05:32:22","modified_gmt":"2026-09-02T05:32:22","slug":"guerre-au-moyen-orient-le-petrole-au-plus-haut-depuis-fin-juillet-apres-la-reprise-des-frappes-entre-liran-et-les-etats-unis","status":"publish","type":"post","link":"https:\/\/www.europesays.com\/fr\/1162404\/","title":{"rendered":"Guerre au Moyen-Orient : le p\u00e9trole au plus haut depuis fin juillet apr\u00e8s la reprise des frappes entre l\u2019Iran et les \u00c9tats-Unis"},"content":{"rendered":"<p>\n    La reprise des frappes directes entre les \u00c9tats-Unis et l\u2019Iran fait craindre de nouvelles tensions sur l\u2019approvisionnement. Dans la foul\u00e9e, les taux d\u2019int\u00e9r\u00eat flambent \u00e0 leur tour.<\/p>\n<p class=\"fig-paragraph\">L\u2019inqui\u00e9tude \u00e9treint \u00e0 nouveau les investisseurs du monde entier. Apr\u00e8s un mois d\u2019accalmie, le Moyen-Orient est \u00e0 nouveau\u00a0<a href=\"https:\/\/video.lefigaro.fr\/figaro\/international\/l-iran-diffuse-des-images-d-un-tir-de-missile-apres-les-premieres-frappes-des-usa-en-un-mois-20260831\" target=\"_blank\" data-fig-type=\"Video\" rel=\"noopener nofollow\" data-gtm-custom-categorie=\"navigation\" data-gtm-custom-action=\"crossclick\" data-gtm-custom-label=\"Contextuel\" data-gtm-event=\"customEventSPE\" data-fig-domain=\"LEFIGARO\">le th\u00e9\u00e2tre d\u2019\u00e9changes de missiles<\/a>\u00a0entre l\u2019Iran et les \u00c9tats-Unis. Un regain de tension imm\u00e9diatement traduit dans les prix du p\u00e9trole. Cette nuit, le baril de WTI, la r\u00e9f\u00e9rence am\u00e9ricaine, s\u2019\u00e9changeait \u00e0 90,74 dollars, en hausse de 0,58%, au plus haut depuis fin juillet. Celui de Brent de la mer du Nord \u00e9tait \u00e0 95,45 dollars, grimpant de 0,88%.<\/p>\n<p class=\"fig-paragraph\">Tous deux avaient connu la veille des hausses respectives de 5,20% et 4,60%. Dans la foul\u00e9e,\u00a0<a href=\"http:\/\/www.lefigaro.fr\/politique\/presidentielle-2027-les-taux-d-emprunt-explosent-et-font-reagir-les-politiques-20260820\" target=\"_blank\" data-fig-type=\"Article\" rel=\"noopener nofollow\" data-gtm-custom-categorie=\"navigation\" data-gtm-custom-action=\"crossclick\" data-gtm-custom-label=\"Contextuel\" data-gtm-event=\"customEventSPE\" data-fig-domain=\"LEFIGARO\">les taux d\u2019emprunt des \u00c9tats continuaient de flamber<\/a>, alors qu\u2019ils se situent \u00e0 des niveaux records depuis plusieurs d\u00e9cennies. Les investisseurs anticipant une hausse des taux d&rsquo;int\u00e9r\u00eat. Les Bourses, elles d\u00e9crochent. Apr\u00e8s un mois d&rsquo;accalmie durant lequel l&rsquo;accent avait \u00e9t\u00e9 mis par Washington sur la guerre \u00e9conomique, l&rsquo;Iran a attaqu\u00e9 mercredi des bases militaires des \u00c9tats-Unis dans le Golfe en r\u00e9ponse \u00e0 une salve de frappes am\u00e9ricaines contre lui, la deuxi\u00e8me en quelques jours.<\/p>\n<p>                                            <a class=\"fig-a11y-skip\" href=\"#fig-a11y-skip-main-inarticle\" is=\"fig-a11y-skip\" data-trigger-mode=\"visible-once\"><br \/>\n    Passer la publicit\u00e9<br \/>\n<\/a>            <\/p>\n<p class=\"fig-paragraph\">La fermeture de fait du d\u00e9troit d&rsquo;Ormuz, par lequel transitait habituellement environ un cinqui\u00e8me du p\u00e9trole et du gaz mondiaux, ainsi que le maintien des prix de l&rsquo;\u00e9nergie \u00e0 des niveaux \u00e9lev\u00e9s, renforcent les craintes d&rsquo;inflation. Cette situation, conjugu\u00e9e aux inqui\u00e9tudes concernant les d\u00e9penses publiques et \u00e0 un afflux massif d&rsquo;\u00e9missions de dette d&rsquo;entreprise, a fait monter en fl\u00e8che les anticipations de hausse des taux, exer\u00e7ant une pression \u00e0 la hausse sur les co\u00fbts d&#8217;emprunt de l&rsquo;\u00c9tat.<\/p>\n<p>                                            Des taux d\u2019emprunt au plus haut depuis 20 ans<\/p>\n<p class=\"fig-paragraph\">Moins confiants sur l&rsquo;avenir des grandes \u00e9conomies et estimant que la hausse des prix va grignoter leurs marges, les acteurs des march\u00e9s demandent une compensation plus \u00e9lev\u00e9e pour d\u00e9tenir des morceaux de dette souveraine, ce qui fait grimper les taux obligataires. Le rendement des obligations d&rsquo;\u00c9tat britanniques \u00e0 30 ans a atteint son plus haut niveau depuis 1998, tandis que celui des obligations \u00e0 10 ans se situe \u00e0 un niveau qui n&rsquo;avait plus \u00e9t\u00e9 observ\u00e9 depuis la crise financi\u00e8re mondiale de 2007-2008.<\/p>\n<p class=\"fig-paragraph\">Le rendement des obligations japonaises \u00e0 10 ans a atteint un sommet depuis 30 ans, celui des bons du Tr\u00e9sor am\u00e9ricain \u00e0 30 ans s&rsquo;approche de son niveau de 2007 et le rendement des obligations am\u00e9ricaines \u00e0 10 ans se situe aux niveaux observ\u00e9s lors de la crise financi\u00e8re.<\/p>\n<p class=\"fig-paragraph\">\u00abLes rendements obligataires \u00e9taient d\u00e9j\u00e0 en hausse, et la reprise des attaques entre les \u00c9tats-Unis et l&rsquo;Iran, ainsi que leur impact sur les cours du p\u00e9trole, ont renforc\u00e9 les inqui\u00e9tudes des investisseurs concernant les obligations\u00bb, analyse Rajeev De Mello, de Gama Asset Management. \u00ab\u00c0 ces niveaux, la hausse des rendements constitue clairement un frein pour les actions asiatiques, en particulier les valeurs technologiques \u00e0 long terme\u00bb, estime-t-il.<\/p>\n","protected":false},"excerpt":{"rendered":"La reprise des frappes directes entre les \u00c9tats-Unis et l\u2019Iran fait craindre de nouvelles tensions sur l\u2019approvisionnement. Dans&hellip;\n","protected":false},"author":2,"featured_media":1162405,"comment_status":"","ping_status":"","sticky":false,"template":"","format":"standard","meta":{"footnotes":"","_share_on_mastodon":"0"},"categories":[1589],"tags":[11,73,1866,1146,3257,12,844,1864,1865,1863,308],"class_list":["post-1162404","post","type-post","status-publish","format-standard","has-post-thumbnail","category-etats-unis","tag-actualites","tag-etats-unis","tag-etats-unis-damerique","tag-guerre","tag-moyen-orient","tag-news","tag-petrole","tag-united-states","tag-united-states-of-america","tag-us","tag-usa"],"share_on_mastodon":{"url":"https:\/\/pubeurope.com\/@fr\/117199814546555145","error":""},"_links":{"self":[{"href":"https:\/\/www.europesays.com\/fr\/wp-json\/wp\/v2\/posts\/1162404","targetHints":{"allow":["GET"]}}],"collection":[{"href":"https:\/\/www.europesays.com\/fr\/wp-json\/wp\/v2\/posts"}],"about":[{"href":"https:\/\/www.europesays.com\/fr\/wp-json\/wp\/v2\/types\/post"}],"author":[{"embeddable":true,"href":"https:\/\/www.europesays.com\/fr\/wp-json\/wp\/v2\/users\/2"}],"replies":[{"embeddable":true,"href":"https:\/\/www.europesays.com\/fr\/wp-json\/wp\/v2\/comments?post=1162404"}],"version-history":[{"count":0,"href":"https:\/\/www.europesays.com\/fr\/wp-json\/wp\/v2\/posts\/1162404\/revisions"}],"wp:featuredmedia":[{"embeddable":true,"href":"https:\/\/www.europesays.com\/fr\/wp-json\/wp\/v2\/media\/1162405"}],"wp:attachment":[{"href":"https:\/\/www.europesays.com\/fr\/wp-json\/wp\/v2\/media?parent=1162404"}],"wp:term":[{"taxonomy":"category","embeddable":true,"href":"https:\/\/www.europesays.com\/fr\/wp-json\/wp\/v2\/categories?post=1162404"},{"taxonomy":"post_tag","embeddable":true,"href":"https:\/\/www.europesays.com\/fr\/wp-json\/wp\/v2\/tags?post=1162404"}],"curies":[{"name":"wp","href":"https:\/\/api.w.org\/{rel}","templated":true}]}}