{"id":1162427,"date":"2026-09-02T05:49:13","date_gmt":"2026-09-02T05:49:13","guid":{"rendered":"https:\/\/www.europesays.com\/fr\/1162427\/"},"modified":"2026-09-02T05:49:13","modified_gmt":"2026-09-02T05:49:13","slug":"apres-8-ans-le-barca-annonce-le-depart-de-son-joueur-dans-le-cadre-dun-accord-particulier","status":"publish","type":"post","link":"https:\/\/www.europesays.com\/fr\/1162427\/","title":{"rendered":"Apr\u00e8s 8 ans, le Bar\u00e7a annonce le d\u00e9part de son joueur dans le cadre d&rsquo;un accord particulier"},"content":{"rendered":"<p>Le Bar\u00e7a a annonc\u00e9 le d\u00e9part de son jeune joueur Toni Fern\u00e1ndez vers les rangs du club italien de Venise, apr\u00e8s un accord mettant un terme au parcours du joueur de 18 ans avec le club catalan, o\u00f9 il aura pass\u00e9 huit ann\u00e9es.<\/p>\n<p>Le Bar\u00e7a a pr\u00e9cis\u00e9 dans son communiqu\u00e9 qu&rsquo;il conservait un droit de rachat du joueur \u00e0 l&rsquo;avenir, ainsi qu&rsquo;un pourcentage sur la valeur de son prochain transfert \u00e9ventuel, tandis que Venise a r\u00e9v\u00e9l\u00e9 que l&rsquo;op\u00e9ration s&rsquo;est d&rsquo;abord effectu\u00e9e sous forme de pr\u00eat, assorti d&rsquo;une clause d&rsquo;achat obligatoire si des conditions pr\u00e9cises sont r\u00e9unies.<\/p>\n<p>Selon les r\u00e9v\u00e9lations du journal \u00ab\u00a0<a href=\"https:\/\/www.mundodeportivo.com\/futbol\/fc-barcelona\/20260901\/1004222286\/oficial-toni-fernandez-venecia-diferencias-comunicados.html\" target=\"_blank\" rel=\"sponsored nofollow noopener\">Mundo Deportivo<\/a>\u00a0\u00bb, l&rsquo;accord pr\u00e9voit le transfert de Toni Fern\u00e1ndez \u00e0 Venise sous forme de pr\u00eat, avant que l&rsquo;achat du joueur ne devienne obligatoire contre 4 millions d&rsquo;euros d\u00e8s qu&rsquo;il aura disput\u00e9 trois matchs avec sa nouvelle \u00e9quipe italienne.<\/p>\n<p>Le jeune joueur ouvre un nouveau chapitre de sa carri\u00e8re footballistique apr\u00e8s plusieurs ann\u00e9es pass\u00e9es \u00e0 l&rsquo;acad\u00e9mie du Bar\u00e7a, puisqu&rsquo;il avait rejoint \u00ab\u00a0La Masia\u00a0\u00bb durant l&rsquo;\u00e9t\u00e9 2018 en provenance de l&rsquo;Espanyol, avant de gravir les diff\u00e9rentes cat\u00e9gories d&rsquo;\u00e2ge jusqu&rsquo;\u00e0 atteindre l&rsquo;\u00e9quipe premi\u00e8re.<\/p>\n<p>Toni Fern\u00e1ndez a fait ses grands d\u00e9buts avec le Bar\u00e7a le 4 janvier 2025, lors de la rencontre face \u00e0 Barbastro en Coupe du Roi, lorsqu&rsquo;il est entr\u00e9 en jeu \u00e0 la place de Pablo Torre.<\/p>\n<p>\u00c0 lire aussi\u00a0:<\/p>\n<p>D\u00e9couvrez les principaux transferts du dernier jour du mercato<\/p>\n<p>\u00c0 16 ans, 5 mois et 17 jours, il est devenu le deuxi\u00e8me plus jeune joueur \u00e0 disputer son premier match avec l&rsquo;\u00e9quipe premi\u00e8re du Bar\u00e7a au cours du XXIe si\u00e8cle, derri\u00e8re Lamine Yamal.<\/p>\n<p>Le joueur a b\u00e9n\u00e9fici\u00e9 d&rsquo;une nouvelle opportunit\u00e9 la saison derni\u00e8re sous la direction de l&rsquo;entra\u00eeneur allemand Hansi Flick, qui l&rsquo;a titularis\u00e9 face \u00e0 G\u00e9rone au stade olympique Llu\u00eds Companys, avant qu&rsquo;il ne quitte la pelouse \u00e0 la fin de la premi\u00e8re mi-temps.<\/p>\n<p>Toni Fern\u00e1ndez n&rsquo;a disput\u00e9 que deux matchs sous le maillot de l&rsquo;\u00e9quipe premi\u00e8re du Bar\u00e7a, avant de d\u00e9cider de tenter une nouvelle exp\u00e9rience dans le football italien, le club catalan conservant l&rsquo;option de le r\u00e9cup\u00e9rer \u00e0 l&rsquo;avenir.<\/p>\n<p>Le joueur a d\u00e9clar\u00e9 dans des propos accord\u00e9s au site officiel de Venise\u00a0: \u00ab\u00a0J&rsquo;ai choisi Venise en raison de l&rsquo;important projet qu&rsquo;ils m&rsquo;ont pr\u00e9sent\u00e9, et de la confiance qu&rsquo;ils m&rsquo;ont accord\u00e9e d\u00e8s le premier instant. Quitter la maison n&rsquo;est jamais facile, mais je suis tr\u00e8s motiv\u00e9 \u00e0 l&rsquo;id\u00e9e de donner le meilleur de moi-m\u00eame et de relever ce nouveau d\u00e9fi.\u00a0\u00bb<\/p>\n<p>Et d&rsquo;ajouter\u00a0: \u00ab\u00a0Depuis que j&rsquo;ai appris l&rsquo;int\u00e9r\u00eat de Venise pour me recruter, j&rsquo;ai commenc\u00e9 \u00e0 suivre les matchs de l&rsquo;\u00e9quipe, et je veux dire aux supporters que, ensemble, nous pouvons et nous devons atteindre nos objectifs.\u00a0\u00bb<\/p>\n<p><strong>Vous pouvez d\u00e9battre plus en profondeur des sujets et des actualit\u00e9s sur les forums de \u00ab\u00a0Kooora\u00a0\u00bb<\/strong><\/p>\n","protected":false},"excerpt":{"rendered":"Le Bar\u00e7a a annonc\u00e9 le d\u00e9part de son jeune joueur Toni Fern\u00e1ndez vers les rangs du club italien&hellip;\n","protected":false},"author":2,"featured_media":1162428,"comment_status":"","ping_status":"","sticky":false,"template":"","format":"standard","meta":{"footnotes":"","_share_on_mastodon":"0"},"categories":[1410],"tags":[34081,5695,15008,119642,63,1011,27,19317,1434,60,119641,28401,42064,119643,43860],"class_list":["post-1162427","post","type-post","status-publish","format-standard","has-post-thumbnail","category-football","tag-barcelona","tag-fc-barcelone","tag-fc-valence","tag-fc-valence-vs-fc-barcelone","tag-football","tag-fr","tag-france","tag-laliga","tag-mercato","tag-sports","tag-t-fernandez","tag-transfers","tag-valencia","tag-valencia-vs-barcelona","tag-venezia"],"share_on_mastodon":{"url":"https:\/\/pubeurope.com\/@fr\/117199881387684822","error":""},"_links":{"self":[{"href":"https:\/\/www.europesays.com\/fr\/wp-json\/wp\/v2\/posts\/1162427","targetHints":{"allow":["GET"]}}],"collection":[{"href":"https:\/\/www.europesays.com\/fr\/wp-json\/wp\/v2\/posts"}],"about":[{"href":"https:\/\/www.europesays.com\/fr\/wp-json\/wp\/v2\/types\/post"}],"author":[{"embeddable":true,"href":"https:\/\/www.europesays.com\/fr\/wp-json\/wp\/v2\/users\/2"}],"replies":[{"embeddable":true,"href":"https:\/\/www.europesays.com\/fr\/wp-json\/wp\/v2\/comments?post=1162427"}],"version-history":[{"count":0,"href":"https:\/\/www.europesays.com\/fr\/wp-json\/wp\/v2\/posts\/1162427\/revisions"}],"wp:featuredmedia":[{"embeddable":true,"href":"https:\/\/www.europesays.com\/fr\/wp-json\/wp\/v2\/media\/1162428"}],"wp:attachment":[{"href":"https:\/\/www.europesays.com\/fr\/wp-json\/wp\/v2\/media?parent=1162427"}],"wp:term":[{"taxonomy":"category","embeddable":true,"href":"https:\/\/www.europesays.com\/fr\/wp-json\/wp\/v2\/categories?post=1162427"},{"taxonomy":"post_tag","embeddable":true,"href":"https:\/\/www.europesays.com\/fr\/wp-json\/wp\/v2\/tags?post=1162427"}],"curies":[{"name":"wp","href":"https:\/\/api.w.org\/{rel}","templated":true}]}}