{"id":1162453,"date":"2026-09-02T06:07:20","date_gmt":"2026-09-02T06:07:20","guid":{"rendered":"https:\/\/www.europesays.com\/fr\/1162453\/"},"modified":"2026-09-02T06:07:20","modified_gmt":"2026-09-02T06:07:20","slug":"saint-etienne-au-mont-une-voiture-termine-sa-route-dans-le-portail-dune-ecole","status":"publish","type":"post","link":"https:\/\/www.europesays.com\/fr\/1162453\/","title":{"rendered":"Saint-Etienne-au-Mont : une voiture termine sa route&#8230; dans le portail d&rsquo;une \u00e9cole"},"content":{"rendered":"<p><img decoding=\"async\" class=\"\" style=\"width:100%;max-width:100%\" src=\"https:\/\/www.europesays.com\/fr\/wp-content\/uploads\/2026\/09\/Capture_d__cran_2026_09_02_0727281788327453120-format16by9.png\" alt=\"Google maps, illustration\"\/><\/p>\n<p>Les faits se sont produits rue Jules Ferry. <\/p>\n<p>Cr\u00e9dit : Google maps, illustration<\/p>\n<p data-syno-attrs=\"{&quot;textMarks&quot;:[{&quot;_&quot;:&quot;background_color&quot;,&quot;value&quot;:&quot;transparent&quot;},{&quot;_&quot;:&quot;font_family&quot;,&quot;value&quot;:&quot;Times New Roman&quot;,&quot;eastAsia&quot;:&quot;Times New Roman&quot;,&quot;complexScript&quot;:&quot;Times New Roman&quot;},{&quot;_&quot;:&quot;font_size&quot;,&quot;value&quot;:14}]}\">Du travail pour les pompiers de <strong>Boulogne-sur-Mer<\/strong>, ce <strong>mardi <\/strong>soir. <\/p>\n<p data-syno-attrs=\"{&quot;textMarks&quot;:[{&quot;_&quot;:&quot;background_color&quot;,&quot;value&quot;:&quot;transparent&quot;},{&quot;_&quot;:&quot;font_family&quot;,&quot;value&quot;:&quot;Times New Roman&quot;,&quot;eastAsia&quot;:&quot;Times New Roman&quot;,&quot;complexScript&quot;:&quot;Times New Roman&quot;},{&quot;_&quot;:&quot;font_size&quot;,&quot;value&quot;:14}]}\">Ils ont d\u00fb intervenir vers 21h rue Jules Ferry \u00e0 Saint-\u00c9tienne-au-Mont pour <strong>un accident de la circulation<\/strong>. <\/p>\n<p data-syno-attrs=\"{&quot;textMarks&quot;:[{&quot;_&quot;:&quot;background_color&quot;,&quot;value&quot;:&quot;transparent&quot;},{&quot;_&quot;:&quot;font_family&quot;,&quot;value&quot;:&quot;Times New Roman&quot;,&quot;eastAsia&quot;:&quot;Times New Roman&quot;,&quot;complexScript&quot;:&quot;Times New Roman&quot;},{&quot;_&quot;:&quot;font_size&quot;,&quot;value&quot;:14}]}\">Une <strong>voiture <\/strong>seule a <strong>percut\u00e9 <\/strong>le<strong> portail d\u2019une \u00e9cole<\/strong> ainsi qu\u2019un coffret gaz suite \u00e0 un malaise.<\/p>\n<p>Un homme de 80 ans qui a fait un malaise<\/p>\n<p data-syno-attrs=\"{&quot;textMarks&quot;:[{&quot;_&quot;:&quot;background_color&quot;,&quot;value&quot;:&quot;transparent&quot;},{&quot;_&quot;:&quot;font_family&quot;,&quot;value&quot;:&quot;Times New Roman&quot;,&quot;eastAsia&quot;:&quot;Times New Roman&quot;,&quot;complexScript&quot;:&quot;Times New Roman&quot;},{&quot;_&quot;:&quot;font_size&quot;,&quot;value&quot;:14}]}\">Apr\u00e8s v\u00e9rification par les services GRDF, aucune fuite n\u2019a \u00e9t\u00e9 d\u00e9tect\u00e9e, les services communaux ont pris en charge la s\u00e9curisation de l\u2019acc\u00e8s \u00e0 l\u2019\u00e9cole. <\/p>\n<p data-syno-attrs=\"{&quot;textMarks&quot;:[{&quot;_&quot;:&quot;background_color&quot;,&quot;value&quot;:&quot;transparent&quot;},{&quot;_&quot;:&quot;font_family&quot;,&quot;value&quot;:&quot;Times New Roman&quot;,&quot;eastAsia&quot;:&quot;Times New Roman&quot;,&quot;complexScript&quot;:&quot;Times New Roman&quot;},{&quot;_&quot;:&quot;font_size&quot;,&quot;value&quot;:14}]}\">Le conducteur de la voiture, <strong>un homme de 80 ans<\/strong>, a \u00e9t\u00e9 <strong>transport\u00e9 <\/strong>non-m\u00e9dicalis\u00e9 \u00e0<strong> l\u2019h\u00f4pital de Boulogne<\/strong>.<\/p>\n<p data-syno-attrs=\"{&quot;textMarks&quot;:[{&quot;_&quot;:&quot;background_color&quot;,&quot;value&quot;:&quot;transparent&quot;},{&quot;_&quot;:&quot;font_family&quot;,&quot;value&quot;:&quot;Times New Roman&quot;,&quot;eastAsia&quot;:&quot;Times New Roman&quot;,&quot;complexScript&quot;:&quot;Times New Roman&quot;},{&quot;_&quot;:&quot;font_size&quot;,&quot;value&quot;:14}]}\">\u00a0<\/p>\n","protected":false},"excerpt":{"rendered":"Les faits se sont produits rue Jules Ferry. Cr\u00e9dit : Google maps, illustration Du travail pour les pompiers&hellip;\n","protected":false},"author":2,"featured_media":1162454,"comment_status":"","ping_status":"","sticky":false,"template":"","format":"standard","meta":{"footnotes":"","_share_on_mastodon":"0"},"categories":[9653],"tags":[40238,119,1111,11,2430,119644,8569,119645,8057,1122,1777,674,1011,27,7066,30357,119646,19975,33355,12,1311,36197,25,112418,4001,26857,12519,119647,4752],"class_list":["post-1162453","post","type-post","status-publish","format-standard","has-post-thumbnail","category-saint-etienne","tag-80-ans","tag-accident","tag-actu","tag-actualites","tag-auvergne-rhone-alpes","tag-blesse-leger","tag-boulogne-sur-mer","tag-coffret-gaz","tag-conducteur","tag-ecole","tag-eu","tag-europe","tag-fr","tag-france","tag-fuite","tag-grdf","tag-hopital-de-boulogne","tag-intervention","tag-malaise","tag-news","tag-pompiers","tag-portail","tag-republique-francaise","tag-rue-jules-ferry","tag-saint-etienne","tag-saint-etienne-au-mont","tag-securisation","tag-services-communaux","tag-voiture"],"share_on_mastodon":{"url":"https:\/\/pubeurope.com\/@fr\/117199953658175071","error":""},"_links":{"self":[{"href":"https:\/\/www.europesays.com\/fr\/wp-json\/wp\/v2\/posts\/1162453","targetHints":{"allow":["GET"]}}],"collection":[{"href":"https:\/\/www.europesays.com\/fr\/wp-json\/wp\/v2\/posts"}],"about":[{"href":"https:\/\/www.europesays.com\/fr\/wp-json\/wp\/v2\/types\/post"}],"author":[{"embeddable":true,"href":"https:\/\/www.europesays.com\/fr\/wp-json\/wp\/v2\/users\/2"}],"replies":[{"embeddable":true,"href":"https:\/\/www.europesays.com\/fr\/wp-json\/wp\/v2\/comments?post=1162453"}],"version-history":[{"count":0,"href":"https:\/\/www.europesays.com\/fr\/wp-json\/wp\/v2\/posts\/1162453\/revisions"}],"wp:featuredmedia":[{"embeddable":true,"href":"https:\/\/www.europesays.com\/fr\/wp-json\/wp\/v2\/media\/1162454"}],"wp:attachment":[{"href":"https:\/\/www.europesays.com\/fr\/wp-json\/wp\/v2\/media?parent=1162453"}],"wp:term":[{"taxonomy":"category","embeddable":true,"href":"https:\/\/www.europesays.com\/fr\/wp-json\/wp\/v2\/categories?post=1162453"},{"taxonomy":"post_tag","embeddable":true,"href":"https:\/\/www.europesays.com\/fr\/wp-json\/wp\/v2\/tags?post=1162453"}],"curies":[{"name":"wp","href":"https:\/\/api.w.org\/{rel}","templated":true}]}}