{"id":1162460,"date":"2026-09-02T06:16:16","date_gmt":"2026-09-02T06:16:16","guid":{"rendered":"https:\/\/www.europesays.com\/fr\/1162460\/"},"modified":"2026-09-02T06:16:16","modified_gmt":"2026-09-02T06:16:16","slug":"deux-fois-moins-cher-que-la-concurrence-le-pari-des-jeunes-createurs-de-lenjooy-festival-qui-ne-gagnent-toujours-pas-dargent-avec-levenement","status":"publish","type":"post","link":"https:\/\/www.europesays.com\/fr\/1162460\/","title":{"rendered":"\u00ab\u00a0Deux fois moins cher que la concurrence\u00a0\u00bb\u00a0: le pari des jeunes cr\u00e9ateurs de l\u2019Enjooy Festival qui ne gagnent toujours pas d\u2019argent avec l\u2019\u00e9v\u00e8nement"},"content":{"rendered":"<p>\n                                                                Le festival de musique \u00e9lectro Enjooy attend 12\u00a0000 personnes pour sa nouvelle \u00e9dition le 19\u00a0septembre pr\u00e8s de Montpellier. Port\u00e9 par des artistes comme Mosimann ou Trinix, l\u2019\u00e9v\u00e9nement propose des billets d\u2019entr\u00e9e \u00e0 30\u00a0\u20ac et quatre sc\u00e8nes d\u2019animations. Une offre accessible visant l\u2019\u00e9quilibre financier.\n                            <\/p>\n<p>Dans un paysage \u00e9v\u00e9nementiel montpelli\u00e9rain o\u00f9 les festivals doivent composer avec des co\u00fbts en hausse, des publics plus difficiles \u00e0 capter et une concurrence toujours plus forte, l\u2019Enjooy\u00a0Festival d\u00e9tonne.<\/p>\n<p>Pour sa nouvelle \u00e9dition \u00e0 Maurin (Lattes), le 19\u00a0septembre, avec des artistes tels que Mosimann, Trinix ou encore Yann Muller, l\u2019\u00e9v\u00e9nement esp\u00e8re franchir un nouveau cap avec pr\u00e8s de 12\u00a0000 festivaliers. Un objectif qui t\u00e9moigne, selon ses organisateurs, de la place d\u00e9sormais prise par le rendez-vous dans le calendrier montpelli\u00e9rain. \u00ab\u00a0Les ventes se passent tr\u00e8s bien, on est largement en avance sur l\u2019ann\u00e9e derni\u00e8re\u00a0\u00bb, se r\u00e9jouit Lucas Illy, 25 ans, cofondateur de l\u2019Enjooy.<\/p>\n<p>Une progression qui permet au jeune festival de nourrir une ambition d\u00e9sormais clairement affich\u00e9e\u00a0: devenir un acteur culturel incontournable \u00e0 Montpellier.<\/p>\n<p>\u00ab\u00a0Notre proposition est diff\u00e9rente\u00a0\u00bb<\/p>\n<p>Le festival\u00a0veut ainsi sortir de l\u2019image de festival \u00e9tudiant qui lui collait aux premi\u00e8res \u00e9ditions. Si les partenariats avec les associations \u00e9tudiantes restent nombreux, le public s\u2019est \u00e9largi. \u00ab\u00a0Aujourd\u2019hui, on a aux alentours de 30 ans de moyenne d\u2019\u00e2ge. \u00c7a montre vraiment qu\u2019on a une client\u00e8le beaucoup plus large et que les gens commencent \u00e0 nous appr\u00e9cier\u00a0\u00bb, estime-t-il.<\/p>\n<p>Pour continuer \u00e0 attirer, le festival mise sur une formule qui d\u00e9passe largement la seule programmation musicale. Quatre sc\u00e8nes seront install\u00e9es cette ann\u00e9e\u00a0: une sc\u00e8ne principale, une Boiler Room, un espace d\u00e9di\u00e9 \u00e0 la hard techno et une quatri\u00e8me sc\u00e8ne surprise.<\/p>\n<p>Mais l\u2019Enjooy veut surtout vendre une exp\u00e9rience. Vingt-cinq food-trucks, une f\u00eate foraine, un surf m\u00e9canique, un laser game ou encore un airbag permettant de sauter depuis dix m\u00e8tres\u00a0: les activit\u00e9s se multiplient autour des concerts. \u00ab\u00a0Notre proposition est diff\u00e9rente des autres\u00a0\u00bb, d\u00e9fend le cofondateur.<\/p>\n<p>Tout se fait en interne<\/p>\n<p>L\u2019organisation insiste \u00e9galement sur un point dans un contexte o\u00f9 l\u2019exp\u00e9rience des festivals peut \u00eatre marqu\u00e9e par les longues files d\u2019attente\u00a0: la fluidit\u00e9. Bars et sanitaires ont \u00e9t\u00e9 dimensionn\u00e9s pour limiter au maximum l\u2019attente. \u00ab\u00a0Chez nous, tu ne fais pas la queue aux toilettes, quand tu veux manger ou\u00a0boire une bi\u00e8re\u00a0\u00bb, assure Lucas Illy.<\/p>\n<p>Le tout avec un prix volontairement contenu avec des billets avoisinant les 30\u00a0\u20ac. \u00ab\u00a0On est deux fois moins cher que la concurrence\u00a0\u00bb, avance-t-il. Une strat\u00e9gie qui a un co\u00fbt\u00a0: les b\u00e9n\u00e9fices ne sont pas encore au rendez-vous. \u00ab\u00a0Les premi\u00e8res ann\u00e9es, on n\u2019a pas gagn\u00e9 d\u2019argent. Cette ann\u00e9e, on est \u00e0 l\u2019\u00e9quilibre, mais on ne sait pas encore si on va en gagner.\u00a0\u00bb<\/p>\n<p>Huit personnes travaillent sur le projet et une grande partie des comp\u00e9tences est internalis\u00e9e. \u00ab\u00a0On n\u2019a pas d\u2019agence de communication.\u00a0La direction technique, le design et la r\u00e9flexion sur les sc\u00e8nes, c\u2019est nous aussi.\u00a0\u00bb\u00a0Dans un contexte o\u00f9 chaque \u00e9v\u00e9nement doit d\u00e9sormais trouver sa recette pour exister, l\u2019Enjooy\u00a0semble avoir trouv\u00e9 la sienne\u00a0: \u00e9largir son public, multiplier les propositions et maintenir des tarifs accessibles.<\/p>\n","protected":false},"excerpt":{"rendered":"Le festival de musique \u00e9lectro Enjooy attend 12\u00a0000 personnes pour sa nouvelle \u00e9dition le 19\u00a0septembre pr\u00e8s de Montpellier.&hellip;\n","protected":false},"author":2,"featured_media":1162461,"comment_status":"","ping_status":"","sticky":false,"template":"","format":"standard","meta":{"footnotes":"","_share_on_mastodon":"0"},"categories":[9599],"tags":[1111,11,872,1777,674,82083,1011,27,7089,2208,12,2680,25],"class_list":["post-1162460","post","type-post","status-publish","format-standard","has-post-thumbnail","category-montpellier","tag-actu","tag-actualites","tag-culture-et-loisirs","tag-eu","tag-europe","tag-fetes-et-festivals","tag-fr","tag-france","tag-herault","tag-montpellier","tag-news","tag-occitanie","tag-republique-francaise"],"share_on_mastodon":{"url":"https:\/\/pubeurope.com\/@fr\/117199987526245126","error":""},"_links":{"self":[{"href":"https:\/\/www.europesays.com\/fr\/wp-json\/wp\/v2\/posts\/1162460","targetHints":{"allow":["GET"]}}],"collection":[{"href":"https:\/\/www.europesays.com\/fr\/wp-json\/wp\/v2\/posts"}],"about":[{"href":"https:\/\/www.europesays.com\/fr\/wp-json\/wp\/v2\/types\/post"}],"author":[{"embeddable":true,"href":"https:\/\/www.europesays.com\/fr\/wp-json\/wp\/v2\/users\/2"}],"replies":[{"embeddable":true,"href":"https:\/\/www.europesays.com\/fr\/wp-json\/wp\/v2\/comments?post=1162460"}],"version-history":[{"count":0,"href":"https:\/\/www.europesays.com\/fr\/wp-json\/wp\/v2\/posts\/1162460\/revisions"}],"wp:featuredmedia":[{"embeddable":true,"href":"https:\/\/www.europesays.com\/fr\/wp-json\/wp\/v2\/media\/1162461"}],"wp:attachment":[{"href":"https:\/\/www.europesays.com\/fr\/wp-json\/wp\/v2\/media?parent=1162460"}],"wp:term":[{"taxonomy":"category","embeddable":true,"href":"https:\/\/www.europesays.com\/fr\/wp-json\/wp\/v2\/categories?post=1162460"},{"taxonomy":"post_tag","embeddable":true,"href":"https:\/\/www.europesays.com\/fr\/wp-json\/wp\/v2\/tags?post=1162460"}],"curies":[{"name":"wp","href":"https:\/\/api.w.org\/{rel}","templated":true}]}}