{"id":1162498,"date":"2026-09-02T06:40:22","date_gmt":"2026-09-02T06:40:22","guid":{"rendered":"https:\/\/www.europesays.com\/fr\/1162498\/"},"modified":"2026-09-02T06:40:22","modified_gmt":"2026-09-02T06:40:22","slug":"ligue-1-vendeur-de-genie-et-acheter-malin-olivier-letang-est-il-devenu-le-maitre-absolu-du-mercato-avec-lille","status":"publish","type":"post","link":"https:\/\/www.europesays.com\/fr\/1162498\/","title":{"rendered":"Ligue 1\u00a0: Vendeur de g\u00e9nie et acheter malin\u2026 Olivier L\u00e9tang est-il devenu le ma\u00eetre absolu du mercato avec Lille\u00a0?"},"content":{"rendered":"<p><a href=\"https:\/\/www.20minutes.fr\/sport\/football\/ligue-1\/4107921-20240902-losc-psg-olivier-letang-denonce-ligue-1-deja-tronquee-apres-decision-var-faveur-paris\" target=\"_blank\" class=\"c-link c-link--is-underlined\" rel=\"nofollow noopener\">Olivier L\u00e9tang<\/a> a sans doute, pour la premi\u00e8re fois depuis belle lurette, pass\u00e9 une bonne nuit, mardi, au terme de la derni\u00e8re journ\u00e9e du mercato. A voir les valises qu\u2019il avait sous les yeux sur la photo de pr\u00e9sentation de la derni\u00e8re recrue Maurits Kj\u00e6rgaard, on se doute bien que <a href=\"https:\/\/www.20minutes.fr\/sport\/football\/4196127-20260115-ligue-1-president-losc-olivier-letang-suspendu-jusqu-31-mars-apres-coup-sang-contre-rennes\" target=\"_blank\" class=\"c-link c-link--is-underlined\" rel=\"nofollow noopener\">le pr\u00e9sident et directeur sportif du Losc<\/a> a v\u00e9cu des derni\u00e8res semaines agit\u00e9es, tr\u00e8s agit\u00e9es, sur le front du march\u00e9 des transferts.<\/p>\n<p>Tout est parti de l\u2019int\u00e9r\u00eat de <a href=\"https:\/\/www.20minutes.fr\/sport\/football\/4240401-20260823-mercato-transfert-lillois-bouaddi-vers-manchester-city-loin-etre-boucle-somme-record-l1\" target=\"_blank\" class=\"c-link c-link--is-underlined\" rel=\"nofollow noopener\">Manchester City pour la petite perle de Luchin, Ayyoub Bouaddi<\/a>. Prolong\u00e9 par Lille il y a six mois, le jeune milieu de terrain marocain a r\u00e9alis\u00e9 une si belle Coupe du monde que les Skyblues, en qu\u00eate d\u2019un successeur \u00e0 Rodri, se sont pench\u00e9s sur lui pour ne plus jamais le l\u00e2cher. Au point, apr\u00e8s de looooooongs \u00e9changes avec le Losc, de faire p\u00e9ter le ch\u00e9quier et de l\u00e2cher 100\u00a0millions d\u2019euros aux Dogues, qui se savaient en position de force : ils n\u2019avaient pas besoin de le vendre d\u2019un point de vue simplement financier.<\/p>\n<p>Ajoutez \u00e0 \u00e7a les 60\u00a0millions d\u2019euros encaiss\u00e9s pour la vente du boudeur Matias Fernandez-Pardo \u00e0 Newcastle plus quelques deals mineurs en d\u00e9but de mercato et vous avez une balance des transferts exceptionnelle (plus de 120\u00a0millions d\u2019euros) avec des recrues achet\u00e9es \u00e0 des tarifs \u00ab\u00a0normaux\u00a0\u00bb, avec 15\u00a0millions d\u2019euros maximums d\u00e9pens\u00e9s pour le Japonais Ayase Ueda. Du beau boulot \u00e0 un moment o\u00f9 la tr\u00e8s tr\u00e8s grande majorit\u00e9 des clubs fran\u00e7ais (coucou l\u2019OM et l\u2019OL) \u00e9taient dans l\u2019obligation de vendre pour tenter de survivre un an de plus.<\/p>\n<p>\u00ab\u00a0On s\u2019imaginait pas vendre des joueurs 100\u00a0millions\u00a0\u00bb<\/p>\n<p>Cette r\u00e9ussite, le club nordiste le doit en grande partie \u00e0 son pr\u00e9sident, qui avait r\u00e9cup\u00e9r\u00e9 une situation proche de la catastrophe en d\u00e9cembre\u00a02020, avec pr\u00e8s de 400\u00a0millions d\u2019euros de dettes contract\u00e9es par <a href=\"https:\/\/www.20minutes.fr\/sport\/football\/4240291-20260821-girondins-bordeaux-bordelais-vers-liquidation-judiciaire-apres-relegation-confirmee-justice\" target=\"_blank\" class=\"c-link c-link--is-underlined\" rel=\"nofollow noopener\">le petit g\u00e9nie luxembourgeois de la finance G\u00e9rard Lopez<\/a>. \u00ab\u00a0J\u2019\u00e9tais convaincu, pour travailler avec lui depuis pr\u00e8s de trente ans, que la trajectoire serait bonne, mais c\u2019est vrai que c\u2019est all\u00e9 beaucoup plus vite que pr\u00e9vu parce qu\u2019il y a cinq ans, on ne s\u2019imaginait pas transf\u00e9rer des joueurs \u00e0 100\u00a0millions d\u2019euros\u00a0\u00bb, nous explique Christophe Chenut, administrateur du Losc et proche d\u2019Olivier L\u00e9tang, qu\u2019il a connu \u00e0 Reims.<\/p>\n<p class=\"mb-xxl@xs color-ultramarine font-weight-semi-bold@xs font-source-serif-pro text-xxl@xs\">L\u2019acc\u00e8s \u00e0 ce contenu X (Twitter) a \u00e9t\u00e9 bloqu\u00e9 afin de respecter vos choix de consentement<\/p>\n<p class=\"mb-m@xs text-l@xs\">En cliquant sur \u00ab\u00a0Accepter les cookies\u00a0\u00bb, vous consentez au d\u00e9p\u00f4t de cookies par X (Twitter) et pourrez ainsi acc\u00e9der \u00e0 ce contenu interactif.<\/p>\n<p class=\"mb-m@xs text-l@xs\">Vous pouvez, \u00e0 tout moment, modifier vos choix cookies ou retirer votre consentement en bas de nos pages.<\/p>\n<p class=\"mb-xl@xs text-s@xs\">En savoir plus sur notre <a href=\"https:\/\/www.20minutes.fr\/gestion-cookies\" class=\"color-ultramarine\" rel=\"nofollow noopener\" target=\"_blank\">politique de cookies<\/a> et sur la <a href=\"https:\/\/privacy.x.com\/en\" class=\"color-ultramarine\" rel=\"nofollow noopener\" target=\"_blank\">politique de confidentialit\u00e9 de ce partenaire<\/a>.<\/p>\n<p>G\u00e9rer mes pr\u00e9f\u00e9rencesJ\u2019accepte les cookies<\/p>\n<p>Bouaddi et Fernandez-Pardo ne sont pas les seules grosses ventes de l\u2019\u00e8re L\u00e9tang. Avant eux, Baleba, Diakit\u00e9, Onana, Botman, Chevalier ou Yoro avaient \u00e9t\u00e9 tous vendus entre 30 et 60\u00a0millions d\u2019euros. Le tout sans que le niveau sportif du Losc ne baisse drastiquement, avec deux qualifications en Ligue des champions, comme le note Ismail Mouline, agent d\u2019un joueur pass\u00e9 par le Losc.<\/p>\n<blockquote class=\"mx-m@xs mx-xxl@md color-ultramarine c-citation\">\n<p class=\"font-weight-regular@xs text-italic font-source-serif-pro text-l@xs c-citation__content\">\u00ab\u00a0Bien vendre, c\u2019est une chose, mais bien vendre tout en gardant une \u00e9quipe comp\u00e9titive qui se qualifie chaque ann\u00e9e pour les comp\u00e9titions europ\u00e9ennes en est une autre. On retiendra le choix de conserver Jonathan David (en\u00a02024) pour maintenir la comp\u00e9titivit\u00e9 de l\u2019\u00e9quipe. R\u00e9ussir \u00e0 vendre, garder une \u00e9quipe comp\u00e9titive et assainir les finances du club, c\u2019est fort.\u00a0\u00bb<\/p>\n<\/blockquote>\n<p>On \u00ab\u00a0ne la fait pas\u00a0\u00bb \u00e0 Olivier L\u00e9tang<\/p>\n<p>\u00ab\u00a0L\u2019arbitrage, il est toujours entre l\u2019int\u00e9r\u00eat sportif et l\u2019int\u00e9r\u00eat \u00e9conomique, et parfois, il faut savoir profiter de la hype, <a href=\"https:\/\/www.20minutes.fr\/tv\/20-arena\/4233846-20260709-ayyoub-bouaddi-pepite-prefere-maroc-france-jouer-coupe-monde\" target=\"_blank\" class=\"c-link c-link--is-underlined\" rel=\"nofollow noopener\">comme pour Ayyoub Bouaddi<\/a>, et pour d\u2019autres, temporiser en se disant que dans un an, \u00e7a sera mieux, compl\u00e8te Christophe Chenut. Quand on reprend le club pendant le mercato d\u2019hiver, malgr\u00e9 la situation financi\u00e8re, Olivier s\u2019est oppos\u00e9 \u00e0 la vente de plusieurs joueurs, parce qu\u2019on \u00e9tait troisi\u00e8me. A la fin, on finit champions de France et on joue la Ligue des champions.\u00a0\u00bb<\/p>\n<p>Le Losc n\u2019est pas seulement fort pour vendre \u00e0 tr\u00e8s bon prix, il l\u2019est aussi pour recruter, ces derni\u00e8res ann\u00e9es, des joueurs sans surpayer. Et, l\u00e0 encore, Olivier L\u00e9tang y est grandement pour quelque chose. Gr\u00e2ce \u00e0 son exp\u00e9rience de directeur sportif au PSG, o\u00f9 il a pu construire son r\u00e9seau, et de pr\u00e9sident \u00e0 Rennes, le dirigeant a su se construire une r\u00e9putation et une notori\u00e9t\u00e9 mises \u00e0 profit \u00e0 Luchin.<\/p>\n<\/p>\n<p>Au point de se montrer intraitable s\u2019il sent que le dossier se complique, comme l\u2019avait montr\u00e9 un documentaire de la LFP en\u00a02023 o\u00f9 on le voyait rembarrer Martin Braithwaite apr\u00e8s des demandes jug\u00e9es inacceptables par le dirigeant lillois. \u00ab\u00a0On \u00ab\u00a0ne la lui fait pas\u00a0\u00bb, t\u00e9moigne l\u2019administrateur du Losc. C\u2019est quelqu\u2019un qui a vraiment une culture absolue de cet univers. On sait qu\u2019il y a des interm\u00e9diaires qui p\u00e8sent parfois lourd et c\u2019\u00e9tait une partie de la dette du Losc en arrivant. C\u2019est un sujet sur lequel, depuis toujours, Olivier, d\u00e8s qu\u2019il y a deux, trois agents, il passe \u00e0 autre chose.\u00a0\u00bb<\/p>\n<p>Surtout, et c\u2019est assez rare pour un pr\u00e9sident, Olivier L\u00e9tang s\u2019implique \u00e9norm\u00e9ment dans le recrutement de nouveaux joueurs, jusqu\u2019\u00e0 aller rencontrer lui-m\u00eame l\u2019entourage pour conna\u00eetre leur \u00e9tat d\u2019esprit. \u00ab\u00a0C\u2019est le pilote du bateau, c\u2019est lui qui donne les directions, c\u2019est lui qui valide les d\u00e9cisions, indique Jean-Fran\u00e7ois Brocard, \u00e9conomiste du sport. Globalement, les succ\u00e8s qu\u2019ils ont aujourd\u2019hui sont les fruits d\u2019une strat\u00e9gie qu\u2019il a mise en place et puis il a la capacit\u00e9 que n\u2019ont pas d\u2019autres pr\u00e9sidents d\u2019\u00eatre cr\u00e9dibles sur la strat\u00e9gie sportive.\u00a0\u00bb<\/p>\n<p>Olivier L\u00e9tang, \u00ab\u00a0excellent n\u00e9gociateur\u00a0\u00bb\u00a0?<\/p>\n<p>M\u00eame sur des dossiers mineurs, comme la post-formation, Olivier L\u00e9tang tient \u00e0 \u00eatre impliqu\u00e9. Ismail Mouline a ainsi n\u00e9goci\u00e9 directement avec le pr\u00e9sident du Losc pour son joueur, alors que le recrutement ne concernait pas l\u2019\u00e9quipe premi\u00e8re. \u00ab\u00a0\u00c7a n\u2019a pas \u00e9t\u00e9 un dossier simple, mais il a fait preuve de t\u00e9nacit\u00e9. On a termin\u00e9 le dernier jour du mercato \u00e0 17-18 heures. C\u2019est un dossier qui a pris du temps. Il n\u2019a rien l\u00e2ch\u00e9, je l\u2019ai appel\u00e9 la veille de la fin du mercato \u00e0 minuit apr\u00e8s le barrage de qualification en Ligue Europa Conf\u00e9rence (en\u00a02023) pour finaliser les derniers d\u00e9tails de ce dossier de post-formation.\u00a0\u00bb<\/p>\n<p>Evidemment, Olivier L\u00e9tang, \u00ab\u00a0pas facile en n\u00e9gociations\u00a0\u00bb selon certains, \u00ab\u00a0excellent n\u00e9gociateur\u00a0\u00bb pour d\u2019autres, n\u2019est pas seul \u00e0 g\u00e9rer le mercato du Losc. Il a derri\u00e8re lui une cellule de recrutement dirig\u00e9e par J\u00e9r\u00e9mie Colson stable et performante, tout en ayant des scouts qui couvrent de nombreux championnats. <a href=\"https:\/\/www.20minutes.fr\/sport\/football\/ligue-1\/4239947-20260822-ligue-1-comment-petits-championnats-europeens-devenus-terrain-chasse-prefere-clubs-francais\" target=\"_blank\" class=\"c-link c-link--is-underlined\" rel=\"nofollow noopener\">D\u2019o\u00f9 les recrutements dans les championnats danois, autrichien ou n\u00e9erlandais cet \u00e9t\u00e9<\/a> qui ont permis de combler les d\u00e9parts \u00ab\u00a0surprise\u00a0\u00bb de Bouaddi et Fernandez-Pardo sans trop de probl\u00e8mes.<\/p>\n<p><a href=\"https:\/\/www.20minutes.fr\/sport\/mercato\/\" target=\"_blank\" class=\"c-link c-btn c-btn--primary\" rel=\"nofollow noopener\">Toute l&rsquo;actu du mercato<\/a><\/p>\n<p>\u00ab\u00a0Quand L\u00e9tang est arriv\u00e9, Lille \u00e9tait tr\u00e8s tr\u00e8s tr\u00e8s proche du mur, aujourd\u2019hui \u00e7a va beaucoup mieux, conclut Jean-Fran\u00e7ois Brocard. Ils avaient d\u00e9j\u00e0 une situation nette positive, en g\u00e9n\u00e9rant des b\u00e9n\u00e9fices d\u2019exploitation, en\u00a02025. Donc l\u00e0, j\u2019ai envie de croire que \u00e7a sera la m\u00eame chose. Peut-\u00eatre m\u00eame qu\u2019un peu d\u2019argent va remonter vers Merlyn (le fonds d\u2019investissement propri\u00e9taire du club), ce qui a priori n\u2019a pas \u00e9t\u00e9 le cas avant. L\u00e9tang a maintenant cette l\u00e9gitimit\u00e9, cette r\u00e9putation. Mais le foot, \u00e7a va tr\u00e8s vite.\u00a0\u00bb On peut peut-\u00eatre le laisser dormir un peu, quand m\u00eame.<\/p>\n","protected":false},"excerpt":{"rendered":"Olivier L\u00e9tang a sans doute, pour la premi\u00e8re fois depuis belle lurette, pass\u00e9 une bonne nuit, mardi, au&hellip;\n","protected":false},"author":2,"featured_media":1162499,"comment_status":"","ping_status":"","sticky":false,"template":"","format":"standard","meta":{"footnotes":"","_share_on_mastodon":"0"},"categories":[2815],"tags":[1111,11,54701,1777,674,63,1011,27,811,66,1307,2854,12,1308,1309,25,517],"class_list":["post-1162498","post","type-post","status-publish","format-standard","has-post-thumbnail","category-lille","tag-actu","tag-actualites","tag-ayyoub-bouaddi","tag-eu","tag-europe","tag-football","tag-fr","tag-france","tag-hauts-de-france","tag-ligue-1","tag-lille","tag-losc-lille","tag-news","tag-nord","tag-nord-pas-de-calais","tag-republique-francaise","tag-sport"],"share_on_mastodon":{"url":"https:\/\/pubeurope.com\/@fr\/117200081953250986","error":""},"_links":{"self":[{"href":"https:\/\/www.europesays.com\/fr\/wp-json\/wp\/v2\/posts\/1162498","targetHints":{"allow":["GET"]}}],"collection":[{"href":"https:\/\/www.europesays.com\/fr\/wp-json\/wp\/v2\/posts"}],"about":[{"href":"https:\/\/www.europesays.com\/fr\/wp-json\/wp\/v2\/types\/post"}],"author":[{"embeddable":true,"href":"https:\/\/www.europesays.com\/fr\/wp-json\/wp\/v2\/users\/2"}],"replies":[{"embeddable":true,"href":"https:\/\/www.europesays.com\/fr\/wp-json\/wp\/v2\/comments?post=1162498"}],"version-history":[{"count":0,"href":"https:\/\/www.europesays.com\/fr\/wp-json\/wp\/v2\/posts\/1162498\/revisions"}],"wp:featuredmedia":[{"embeddable":true,"href":"https:\/\/www.europesays.com\/fr\/wp-json\/wp\/v2\/media\/1162499"}],"wp:attachment":[{"href":"https:\/\/www.europesays.com\/fr\/wp-json\/wp\/v2\/media?parent=1162498"}],"wp:term":[{"taxonomy":"category","embeddable":true,"href":"https:\/\/www.europesays.com\/fr\/wp-json\/wp\/v2\/categories?post=1162498"},{"taxonomy":"post_tag","embeddable":true,"href":"https:\/\/www.europesays.com\/fr\/wp-json\/wp\/v2\/tags?post=1162498"}],"curies":[{"name":"wp","href":"https:\/\/api.w.org\/{rel}","templated":true}]}}