{"id":1162504,"date":"2026-09-02T06:43:14","date_gmt":"2026-09-02T06:43:14","guid":{"rendered":"https:\/\/www.europesays.com\/fr\/1162504\/"},"modified":"2026-09-02T06:43:14","modified_gmt":"2026-09-02T06:43:14","slug":"patrick-bruel-annule-sa-tournee-le-chanteur-ne-viendra-pas-a-lyon-en-novembre","status":"publish","type":"post","link":"https:\/\/www.europesays.com\/fr\/1162504\/","title":{"rendered":"Patrick Bruel annule sa tourn\u00e9e, le chanteur ne viendra pas \u00e0 Lyon en novembre"},"content":{"rendered":"<p itemprop=\"description\"><strong>Patrick Bruel annule sa tourn\u00e9e.<\/strong><\/p>\n<p>L&rsquo;annonce a \u00e9t\u00e9 faite ce mardi sur son compte Instagram.\u00a0<\/p>\n<p>\u00ab\u00a0Cette d\u00e9cision ne signifie en aucun cas que je renonce \u00e0 me d\u00e9fendre. Je la prends librement. La justice ne m&rsquo;y oblige en rien. Et personne d&rsquo;autre du reste. Mais les conditions ne sont tout simplement plus r\u00e9unies pour que ces concerts restent ce qu&rsquo;ils auraient d\u00fb \u00eatre : des moments de musique et de partage\u00a0\u00bb, a \u00e9crit le chanteur, mis en examen pour violences sexuelles.<\/p>\n<p>Patrick Bruel devait se produire le 19 novembre \u00e0 la LDLC Arena.<\/p>\n<p>Le collectif NousToutes Rh\u00f4ne avait adress\u00e9 une lettre ouverte en juin dernier \u00e0 la Pr\u00e9fecture du Rh\u00f4ne, \u00e0 la M\u00e9tropole de Lyon, \u00e0 la Ville de Lyon, \u00e0 la Ville de D\u00e9cines-Charpieu pour demander officiellement l\u2019annulation du concert de Patrick Bruel \u00e0 Lyon.<\/p>\n<p>Gr\u00e9gory Doucet, le maire de Lyon, avait alors consid\u00e9r\u00e9 qu&rsquo;il \u00e9tait pr\u00e9f\u00e9rable que le chanteur \u00ab\u00a0se tienne \u00e0 distance des salles de concerts\u00a0\u00bb, \u00e9voquant \u00ab\u00a0de graves accusations port\u00e9es \u00e0 son encontre\u00a0\u00bb et rappelant l\u2019importance de \u00ab\u00a0respecter la parole des femmes\u00a0\u00bb.<\/p>\n","protected":false},"excerpt":{"rendered":"Patrick Bruel annule sa tourn\u00e9e. L&rsquo;annonce a \u00e9t\u00e9 faite ce mardi sur son compte Instagram.\u00a0 \u00ab\u00a0Cette d\u00e9cision ne&hellip;\n","protected":false},"author":2,"featured_media":1162505,"comment_status":"","ping_status":"","sticky":false,"template":"","format":"standard","meta":{"footnotes":"","_share_on_mastodon":"0"},"categories":[1889],"tags":[1111,11,2813,2190,2430,1109,251,1112,2811,1777,674,118,1011,27,1922,1110,1114,2428,2810,12,241,316,25,2812,517,800],"class_list":["post-1162504","post","type-post","status-publish","format-standard","has-post-thumbnail","category-lyon","tag-actu","tag-actualites","tag-article","tag-asvel","tag-auvergne-rhone-alpes","tag-breves","tag-culture","tag-depeches","tag-economique","tag-eu","tag-europe","tag-faits-divers","tag-fr","tag-france","tag-info","tag-informations","tag-infos","tag-lyon","tag-lyonmag","tag-news","tag-ol","tag-politique","tag-republique-francaise","tag-sociale","tag-sport","tag-transports"],"share_on_mastodon":{"url":"https:\/\/pubeurope.com\/@fr\/117200093669547061","error":""},"_links":{"self":[{"href":"https:\/\/www.europesays.com\/fr\/wp-json\/wp\/v2\/posts\/1162504","targetHints":{"allow":["GET"]}}],"collection":[{"href":"https:\/\/www.europesays.com\/fr\/wp-json\/wp\/v2\/posts"}],"about":[{"href":"https:\/\/www.europesays.com\/fr\/wp-json\/wp\/v2\/types\/post"}],"author":[{"embeddable":true,"href":"https:\/\/www.europesays.com\/fr\/wp-json\/wp\/v2\/users\/2"}],"replies":[{"embeddable":true,"href":"https:\/\/www.europesays.com\/fr\/wp-json\/wp\/v2\/comments?post=1162504"}],"version-history":[{"count":0,"href":"https:\/\/www.europesays.com\/fr\/wp-json\/wp\/v2\/posts\/1162504\/revisions"}],"wp:featuredmedia":[{"embeddable":true,"href":"https:\/\/www.europesays.com\/fr\/wp-json\/wp\/v2\/media\/1162505"}],"wp:attachment":[{"href":"https:\/\/www.europesays.com\/fr\/wp-json\/wp\/v2\/media?parent=1162504"}],"wp:term":[{"taxonomy":"category","embeddable":true,"href":"https:\/\/www.europesays.com\/fr\/wp-json\/wp\/v2\/categories?post=1162504"},{"taxonomy":"post_tag","embeddable":true,"href":"https:\/\/www.europesays.com\/fr\/wp-json\/wp\/v2\/tags?post=1162504"}],"curies":[{"name":"wp","href":"https:\/\/api.w.org\/{rel}","templated":true}]}}