{"id":1162506,"date":"2026-09-02T06:44:28","date_gmt":"2026-09-02T06:44:28","guid":{"rendered":"https:\/\/www.europesays.com\/fr\/1162506\/"},"modified":"2026-09-02T06:44:28","modified_gmt":"2026-09-02T06:44:28","slug":"metropole-de-lyon-jusqua-50-la-maison-lyonnaise-jielde-propose-ses-produits-iconiques-a-prix-reduits","status":"publish","type":"post","link":"https:\/\/www.europesays.com\/fr\/1162506\/","title":{"rendered":"M\u00e9tropole de Lyon. Jusqu\u2019\u00e0 -50\u00a0%\u00a0: la maison lyonnaise Jield\u00e9 propose ses produits iconiques \u00e0 prix r\u00e9duits"},"content":{"rendered":"<p>C\u2019est la deuxi\u00e8me fois que la maison lyonnaise Jield\u00e9 propose un rendez-vous pour les amateurs de bon plan. En septembre\u00a02025, elle ouvrait pour la premi\u00e8re fois les portes de ses ateliers. Vous \u00e9tiez pr\u00e8s de 500 visiteurs pr\u00e9sents <a href=\"https:\/\/www.leprogres.fr\/economie\/2025\/09\/08\/jusqu-a-50-ces-lampes-iconiques-a-prix-casses-vont-vous-en-mettre-plein-la-vue\" target=\"_blank\" rel=\"nofollow noopener\">pour profiter des prix avantageux<\/a>.<\/p>\n<p>  Une lampe au prix d\u2019atelier<\/p>\n<p>Face \u00e0 ce succ\u00e8s, Jield\u00e9 renouvelle sa vente d\u2019archives, les vendredi\u00a025 et samedi 26\u00a0septembre 2026, dans ses ateliers de Saint-Priest, pr\u00e8s de Lyon. L\u2019avantage\u00a0? Vous pouvez repartir avec une pi\u00e8ce Jield\u00e9 (un luminaire design) \u00e0 prix d\u2019atelier mais aussi d\u00e9nicher des mod\u00e8les que l\u2019on ne trouve pas ailleurs. Il y aura prototypes, mod\u00e8les issus des collections, pi\u00e8ces singuli\u00e8res ou encore luminaires de \u00ab\u00a0second choix\u00a0\u00bb, pouvant pr\u00e9senter de l\u00e9g\u00e8res imperfections esth\u00e9tiques mais parfaitement fonctionnelles.<\/p>\n<p>L\u2019occasion de d\u00e9couvrir \u00e9galement les diff\u00e9rentes \u00e9tapes qui donnent naissance \u00e0 chaque luminaire, de l\u2019assemblage au montage minutieux des articulations. N\u00e9es en 1950, ces lampes sont aujourd\u2019hui distribu\u00e9es dans plus de 40 pays, mais leur fabrication reste ancr\u00e9e \u00e0 Lyon.<\/p>\n<p class=\"note\">Rendez-vous les 25 et 26\u00a0septembre dans les ateliers de Jield\u00e9, de 9 \u00e0 18 heures, au parc Origami au 220 rue Ferdinand-Perrier, \u00e0 Saint-Priest.<\/p>\n","protected":false},"excerpt":{"rendered":"C\u2019est la deuxi\u00e8me fois que la maison lyonnaise Jield\u00e9 propose un rendez-vous pour les amateurs de bon plan.&hellip;\n","protected":false},"author":2,"featured_media":1162507,"comment_status":"","ping_status":"","sticky":false,"template":"","format":"standard","meta":{"footnotes":"","_share_on_mastodon":"0"},"categories":[1889],"tags":[1111,11,2430,4406,33,3152,1777,674,1011,27,2428,12,25,2429,4605,4606],"class_list":["post-1162506","post","type-post","status-publish","format-standard","has-post-thumbnail","category-lyon","tag-actu","tag-actualites","tag-auvergne-rhone-alpes","tag-commerce-et-services","tag-economie","tag-edition-est-lyonnais","tag-eu","tag-europe","tag-fr","tag-france","tag-lyon","tag-news","tag-republique-francaise","tag-rhone","tag-saint-priest","tag-saint-priest-ville"],"share_on_mastodon":{"url":"https:\/\/pubeurope.com\/@fr\/117200097509009624","error":""},"_links":{"self":[{"href":"https:\/\/www.europesays.com\/fr\/wp-json\/wp\/v2\/posts\/1162506","targetHints":{"allow":["GET"]}}],"collection":[{"href":"https:\/\/www.europesays.com\/fr\/wp-json\/wp\/v2\/posts"}],"about":[{"href":"https:\/\/www.europesays.com\/fr\/wp-json\/wp\/v2\/types\/post"}],"author":[{"embeddable":true,"href":"https:\/\/www.europesays.com\/fr\/wp-json\/wp\/v2\/users\/2"}],"replies":[{"embeddable":true,"href":"https:\/\/www.europesays.com\/fr\/wp-json\/wp\/v2\/comments?post=1162506"}],"version-history":[{"count":0,"href":"https:\/\/www.europesays.com\/fr\/wp-json\/wp\/v2\/posts\/1162506\/revisions"}],"wp:featuredmedia":[{"embeddable":true,"href":"https:\/\/www.europesays.com\/fr\/wp-json\/wp\/v2\/media\/1162507"}],"wp:attachment":[{"href":"https:\/\/www.europesays.com\/fr\/wp-json\/wp\/v2\/media?parent=1162506"}],"wp:term":[{"taxonomy":"category","embeddable":true,"href":"https:\/\/www.europesays.com\/fr\/wp-json\/wp\/v2\/categories?post=1162506"},{"taxonomy":"post_tag","embeddable":true,"href":"https:\/\/www.europesays.com\/fr\/wp-json\/wp\/v2\/tags?post=1162506"}],"curies":[{"name":"wp","href":"https:\/\/api.w.org\/{rel}","templated":true}]}}