{"id":1162511,"date":"2026-09-02T06:48:15","date_gmt":"2026-09-02T06:48:15","guid":{"rendered":"https:\/\/www.europesays.com\/fr\/1162511\/"},"modified":"2026-09-02T06:48:15","modified_gmt":"2026-09-02T06:48:15","slug":"les-valeurs-a-suivre-a-paris-et-en-europe-02-09-2026-a-0834","status":"publish","type":"post","link":"https:\/\/www.europesays.com\/fr\/1162511\/","title":{"rendered":"Les valeurs \u00e0 suivre \u00e0 Paris et en Europe &#8211; 02\/09\/2026 \u00e0 08:34"},"content":{"rendered":"<p>\n * SECTEUR AUTOMOBILE &#8211; Les immatriculations de voitures neuves en Italie ont augment\u00e9 de 3,15% en ao\u00fbt sur un an, \u00e0 69.411 v\u00e9hicules, selon les donn\u00e9es publi\u00e9es mardi par le minist\u00e8re des Transports.\n<\/p>\n<p>\n Le leader du march\u00e9 italien STELLANTIS<br \/>\n <a href=\"https:\/\/www.boursorama.com\/cours\/1gSTLAM\/\" title=\"STELLANTIS\" rel=\"nofollow noopener\" target=\"_blank\"><br \/>\n  STLAM.MI<br \/>\n <\/a><br \/>\n , dont les marques incluent Fiat, Jeep, Peugeot et la coentreprise chinoise Leapmotor 9863.HK , a surperform\u00e9 le march\u00e9, avec des ventes en hausse de 6,1% en ao\u00fbt, selon les calculs de Reuters.\n<\/p>\n<p>\n VOLKSWAGEN<br \/>\n <a href=\"https:\/\/www.boursorama.com\/cours\/1zVOW3\/\" title=\"VOLKSWAGEN VZ\" rel=\"nofollow noopener\" target=\"_blank\"><br \/>\n  VOWG_p.DE<br \/>\n <\/a><br \/>\n va \u00eatre retir\u00e9 l&rsquo;indice des valeurs phares Euro STOXX 50<br \/>\n <a href=\"https:\/\/www.boursorama.com\/bourse\/indices\/cours\/2cSX5E\/\" title=\"EURO STOXX 50\" rel=\"nofollow noopener\" target=\"_blank\"><br \/>\n  .STOXX50E<br \/>\n <\/a><br \/>\n , a annonc\u00e9 mardi le fournisseur d&rsquo;indices STOXX dans son rapport annuel. Le fabricant finlandais d&rsquo;\u00e9quipements de t\u00e9l\u00e9communications NOKIA NOKIA.HE va r\u00e9int\u00e9grer le STOXX 50 un an apr\u00e8s en avoir \u00e9t\u00e9 exclu, selon le rapport.\n<\/p>\n<p>\n * BP<br \/>\n <a href=\"https:\/\/www.boursorama.com\/cours\/1uBP..L\/\" title=\"BP\" rel=\"nofollow noopener\" target=\"_blank\"><br \/>\n  BP.L<br \/>\n <\/a><br \/>\n a nomm\u00e9 Ian Tyler, ancien directeur g\u00e9n\u00e9ral du groupe de construction BALFOUR BEATTY<br \/>\n <a href=\"https:\/\/www.boursorama.com\/cours\/1uBBY.L\/\" title=\"BALFOUR BEATTY\" rel=\"nofollow noopener\" target=\"_blank\"><br \/>\n  BALF.L<br \/>\n <\/a><br \/>\n , au poste de pr\u00e9sident permanent, a annonc\u00e9 mercredi le groupe, apr\u00e8s avoir limog\u00e9 Albert Manifold en mai, moins d&rsquo;un an apr\u00e8s sa nomination, en invoquant des probl\u00e8mes li\u00e9s \u00e0 la gouvernance et \u00e0 la conduite.\n<\/p>\n<p>\n * NESTL\u00c9<br \/>\n <a href=\"https:\/\/www.boursorama.com\/cours\/2aNESN\/\" title=\"NESTLE\" rel=\"nofollow noopener\" target=\"_blank\"><br \/>\n  NESN.S<br \/>\n <\/a><br \/>\n va c\u00e9der ses marques phares de compl\u00e9ments alimentaires \u00e0 la soci\u00e9t\u00e9 de capital-investissement Yellow Wood Partners pour 1 milliard de dollars (863,63 millions d&rsquo;euros), a annonc\u00e9 mardi soir le g\u00e9ant suisse de l&rsquo;agroalimentaire, alors que son directeur g\u00e9n\u00e9ral Philipp Navratil renforce l&rsquo;orientation strat\u00e9gique du groupe.\n<\/p>\n<p>\n * INTESA SANPAOLO<br \/>\n <a href=\"https:\/\/www.boursorama.com\/cours\/1gISP\/\" title=\"INTESA SANPAOLO\" rel=\"nofollow noopener\" target=\"_blank\"><br \/>\n  ISP.MI<br \/>\n <\/a><br \/>\n ne s&rsquo;attend pas \u00e0 ce que son projet de rachat de MONTE DEI PASCHI DI SIENA<br \/>\n <a href=\"https:\/\/www.boursorama.com\/cours\/1gBMPS\/\" title=\"BANCA MPS\" rel=\"nofollow noopener\" target=\"_blank\"><br \/>\n  BMPS.MI<br \/>\n <\/a><br \/>\n soit entrav\u00e9 par des offres lanc\u00e9es par sa cible ou par des clarifications demand\u00e9es par la Consob, l&rsquo;autorit\u00e9 italienne de surveillance des march\u00e9s, a d\u00e9clar\u00e9 une source proche du dossier.\n<\/p>\n<p>\n * SHELL<br \/>\n <a href=\"https:\/\/www.boursorama.com\/cours\/1uSHEL.L\/\" title=\"SHELL\" rel=\"nofollow noopener\" target=\"_blank\"><br \/>\n  SHEL.L<br \/>\n <\/a><br \/>\n &#8211; Le g\u00e9ant britannique du p\u00e9trole et du gaz a annonc\u00e9 mardi qu&rsquo;il allait acqu\u00e9rir la totalit\u00e9 du capital de Tri Star Energy, un op\u00e9rateur am\u00e9ricain de sup\u00e9rettes et distributeur de carburant, renfor\u00e7ant ainsi sa pr\u00e9sence aux \u00c9tats-Unis.\n<\/p>\n<p>\n * EUTELSAT<br \/>\n <a href=\"https:\/\/www.boursorama.com\/cours\/1rPETL\/\" title=\"EUTELSAT\" rel=\"nofollow noopener\" target=\"_blank\"><br \/>\n  ETL.PA<br \/>\n <\/a><br \/>\n &#8211; Berenberg a entam\u00e9 le suivi de la valeur avec une recommandation \u00e0 \u00ab\u00a0conserver\u00a0\u00bb.\n<\/p>\n<p>\n * SOCI\u00c9T\u00c9 G\u00c9N\u00c9RALE<br \/>\n <a href=\"https:\/\/www.boursorama.com\/cours\/1rPGLE\/\" title=\"SOCIETE GENERALE\" rel=\"nofollow noopener\" target=\"_blank\"><br \/>\n  SOGN.PA<br \/>\n <\/a><br \/>\n &#8211; Goldman Sachs a abaiss\u00e9 sa recommandation \u00e0 \u00ab\u00a0neutre\u00a0\u00bb contre \u00ab\u00a0acheter\u00a0\u00bb.\n<\/p>\n<p>\n (R\u00e9dig\u00e9 par Claude Chendjou et Coralie Lamarque, \u00e9dit\u00e9 par Augustin Turpin)<\/p>\n","protected":false},"excerpt":{"rendered":"* SECTEUR AUTOMOBILE &#8211; Les immatriculations de voitures neuves en Italie ont augment\u00e9 de 3,15% en ao\u00fbt sur&hellip;\n","protected":false},"author":2,"featured_media":17400,"comment_status":"","ping_status":"","sticky":false,"template":"","format":"standard","meta":{"footnotes":"","_share_on_mastodon":"0"},"categories":[1888],"tags":[400,1111,1928,11,1927,398,408,405,1777,674,1011,27,403,402,399,404,12,1926,626,1925,25,401,406,407],"class_list":["post-1162511","post","type-post","status-publish","format-standard","has-post-thumbnail","category-paris","tag-action-cac-40","tag-actu","tag-actu-paris","tag-actualites","tag-actualites-paris","tag-bourse-de-paris","tag-boursorama","tag-cotations","tag-eu","tag-europe","tag-fr","tag-france","tag-indices-devises","tag-investir","tag-investissement","tag-marche-boursier","tag-news","tag-news-paris","tag-paris","tag-paris-news","tag-republique-francaise","tag-sicav","tag-trackers","tag-warrants"],"share_on_mastodon":{"url":"https:\/\/pubeurope.com\/@fr\/117200113786875980","error":""},"_links":{"self":[{"href":"https:\/\/www.europesays.com\/fr\/wp-json\/wp\/v2\/posts\/1162511","targetHints":{"allow":["GET"]}}],"collection":[{"href":"https:\/\/www.europesays.com\/fr\/wp-json\/wp\/v2\/posts"}],"about":[{"href":"https:\/\/www.europesays.com\/fr\/wp-json\/wp\/v2\/types\/post"}],"author":[{"embeddable":true,"href":"https:\/\/www.europesays.com\/fr\/wp-json\/wp\/v2\/users\/2"}],"replies":[{"embeddable":true,"href":"https:\/\/www.europesays.com\/fr\/wp-json\/wp\/v2\/comments?post=1162511"}],"version-history":[{"count":0,"href":"https:\/\/www.europesays.com\/fr\/wp-json\/wp\/v2\/posts\/1162511\/revisions"}],"wp:featuredmedia":[{"embeddable":true,"href":"https:\/\/www.europesays.com\/fr\/wp-json\/wp\/v2\/media\/17400"}],"wp:attachment":[{"href":"https:\/\/www.europesays.com\/fr\/wp-json\/wp\/v2\/media?parent=1162511"}],"wp:term":[{"taxonomy":"category","embeddable":true,"href":"https:\/\/www.europesays.com\/fr\/wp-json\/wp\/v2\/categories?post=1162511"},{"taxonomy":"post_tag","embeddable":true,"href":"https:\/\/www.europesays.com\/fr\/wp-json\/wp\/v2\/tags?post=1162511"}],"curies":[{"name":"wp","href":"https:\/\/api.w.org\/{rel}","templated":true}]}}