{"id":1162517,"date":"2026-09-02T06:52:48","date_gmt":"2026-09-02T06:52:48","guid":{"rendered":"https:\/\/www.europesays.com\/fr\/1162517\/"},"modified":"2026-09-02T06:52:48","modified_gmt":"2026-09-02T06:52:48","slug":"les-elections-periode-sensible-pour-le-kremlin","status":"publish","type":"post","link":"https:\/\/www.europesays.com\/fr\/1162517\/","title":{"rendered":"Les \u00e9lections, p\u00e9riode sensible pour le Kremlin"},"content":{"rendered":"<p class=\"ap-StoryElement ap-StoryElement--mb ap-StoryText\">C&rsquo;est ce qui fait du taux de participation le seul enjeu r\u00e9el des diff\u00e9rentes \u00e9lections russes de ces derni\u00e8res ann\u00e9es. Le Kremlin a r\u00e9clam\u00e9 un taux de participation sup\u00e9rieur \u00e0 50 % aux responsables des votes, les derniers sondages sur le sujet ne donnent pas particuli\u00e8rement mati\u00e8re \u00e0 s&rsquo;inqui\u00e9ter mais les \u00e9quipes du pr\u00e9sident sont f\u00e9briles car elles savent que l&rsquo;opinion publique peut \u00e9voluer tr\u00e8s rapidement en temps de guerre et de r\u00e9pression intensifi\u00e9e.<\/p>\n<p><a href=\"\" target=\"_self\" rel=\"noopener noreferrer\" class=\"ap-StoryInterstitialLink ap-StoryElement ap-StoryElement--mb\">Le pr\u00e9sident russe durcit sa guerre contre sa population : \u00ab\u00a0Conna\u00eetre Poutine ne suffit plus pour rester en Russie\u00a0\u00bb<\/a>Poutine pris\u00e9 \u00e0 65 %<\/p>\n<p class=\"ap-StoryElement ap-StoryElement--mb ap-StoryText\">Au printemps, les technocrates du Kremlin ont laiss\u00e9 \u00e9chapper leur frustration de voir leur travail de modelage de l&rsquo;opinion publique en vue des \u00e9lections presque r\u00e9duit \u00e0 n\u00e9ant par l&rsquo;annonce du blocage du r\u00e9seau social Telegram et du r\u00e9seau mobile dans certaines villes. La col\u00e8re de la population s&rsquo;est exprim\u00e9e au grand jour et le taux de popularit\u00e9 du pr\u00e9sident russe a chut\u00e9. Il serait aujourd&rsquo;hui entre 65 % et 70 % selon les instituts contre environ 88 % en janvier dernier. Ainsi, Vladimir Poutine multiplie-t-il les d\u00e9placements hors de Moscou et les bains de foule improvis\u00e9s. Mais pas de quoi effacer son probl\u00e8me principal : le conflit entre sa rh\u00e9torique en faveur d&rsquo;une longue guerre et les aspirations de paix qui \u00e9manent de la population.<\/p>\n<p class=\"ap-StoryElement ap-StoryElement--mb ap-StoryText\">Cette derni\u00e8re ne semble pas savoir o\u00f9 donner de la t\u00eate. Dans un rapport publi\u00e9 d\u00e9but ao\u00fbt, l&rsquo;institut Levada estimait que 66 % des Russes soutenaient la guerre en Ukraine, mais qu&rsquo;ils \u00e9taient aussi 62 % \u00e0 r\u00e9clamer des n\u00e9gociations de paix. Enfin, 50 % souhaiteraient une victoire obtenue par une intensification des frappes sur l&rsquo;Ukraine\u2026 Pour satisfaire les partisans d&rsquo;une ligne dure, cette partie de la population qui effraie le Kremlin, 1 600 v\u00e9t\u00e9rans de la guerre en Ukraine ont \u00e9t\u00e9 autoris\u00e9s \u00e0 se pr\u00e9senter dans ces scrutins.<\/p>\n<p><a href=\"https:\/\/www.lalibre.be\/international\/europe\/guerre-ukraine-russie\/2026\/03\/13\/je-suis-toujours-frappe-de-voir-a-quel-point-les-russes-ont-peur-ZC4TJVYYFBCIBN6LXE5TSK5GQU\/\" target=\"_self\" class=\"ap-StoryInterstitialLink ap-StoryElement ap-StoryElement--mb\" rel=\"nofollow noopener\">\u00ab\u00a0Je suis toujours frapp\u00e9 de voir \u00e0 quel point les Russes ont peur\u00a0\u00bb<\/a>\u00ab\u00a0Gens nouveaux\u00a0\u00bb<\/p>\n<p class=\"ap-StoryElement ap-StoryElement--mb ap-StoryText\">Les derniers sondages des instituts russes pla\u00e7aient \u00e0 la mi-ao\u00fbt Russie Unie, le parti du pouvoir, \u00e0 environ 32 % des voix pour les \u00e9lections l\u00e9gislatives. Les communistes autour de 10 % et les nationalistes de la LDPR \u00e0 9 %. Une nouveaut\u00e9 toutefois, le parti \u00ab\u00a0Gens nouveaux\u00a0\u00bb pourrait devenir la deuxi\u00e8me force politique du pays, devant le parti communiste. Ce parti qui vote toutes les lois du Kremlin se diff\u00e9rencie des autres par un ton plus conciliant sur la question de la guerre, et se fait le relais de la fatigue de la population. En somme, il repr\u00e9sente une soupape pour les autorit\u00e9s russes mais pas une force d&rsquo;opposition.<\/p>\n<p class=\"ap-StoryElement ap-StoryElement--mb ap-StoryText\"><a href=\"https:\/\/www.lalibre.be\/international\/europe\/guerre-ukraine-russie\/2026\/09\/01\/ils-vont-me-pendre-vladimir-poutine-craindrait-pour-sa-vie-en-cas-de-defaite-militaire-et-pourrait-decider-dune-nouvelle-surenchere-JOWZTU75T5ATXIMCXY77QYDRFE\/\" target=\"_self\" rel=\"nofollow noopener\">Vladimir Poutine<\/a> doit donc jongler avec toutes ces donn\u00e9es pour s&rsquo;assurer d&rsquo;\u00e9lections l\u00e9gislatives conformes \u00e0 ses objectifs. D&rsquo;o\u00f9 l&rsquo;effacement soudain du parti lib\u00e9ral historique du champ politique \u2013 Iabloko \u2013 et l&rsquo;apparition de propositions frauduleuses. Comme cette suggestion d&rsquo;Ella Pamfilova, pr\u00e9sidente de la Commission \u00e9lectorale centrale de Russie, qui souhaite priver de droit de vote les Russes qui ont choisi l&rsquo;exil\u2026<\/p>\n<p><a href=\"https:\/\/www.lalibre.be\/international\/europe\/guerre-ukraine-russie\/2026\/09\/02\/le-president-russe-durcit-sa-guerre-contre-sa-population-connaitre-poutine-ne-suffit-plus-pour-rester-en-russie-5NGR2MGZ7FDE3H3TRLDBN3TSCE\/\" target=\"_self\" class=\"ap-StoryInterstitialLink ap-StoryElement ap-StoryElement--mb\" rel=\"nofollow noopener\">Le pr\u00e9sident russe durcit sa guerre contre sa population : \u00ab\u00a0Conna\u00eetre Poutine ne suffit plus pour rester en Russie\u00a0\u00bb<\/a><\/p>\n","protected":false},"excerpt":{"rendered":"C&rsquo;est ce qui fait du taux de participation le seul enjeu r\u00e9el des diff\u00e9rentes \u00e9lections russes de ces&hellip;\n","protected":false},"author":2,"featured_media":1162518,"comment_status":"","ping_status":"","sticky":false,"template":"","format":"standard","meta":{"footnotes":"","_share_on_mastodon":"0"},"categories":[1590],"tags":[11,66771,1777,674,1227,12,55403,39830,9024,10394,220,5995],"class_list":["post-1162517","post","type-post","status-publish","format-standard","has-post-thumbnail","category-ukraine","tag-actualites","tag-court","tag-eu","tag-europe","tag-horizontal","tag-news","tag-parliament","tag-parties","tag-politics","tag-trial","tag-ukraine","tag-vote"],"share_on_mastodon":{"url":"https:\/\/pubeurope.com\/@fr\/117200129033796285","error":""},"_links":{"self":[{"href":"https:\/\/www.europesays.com\/fr\/wp-json\/wp\/v2\/posts\/1162517","targetHints":{"allow":["GET"]}}],"collection":[{"href":"https:\/\/www.europesays.com\/fr\/wp-json\/wp\/v2\/posts"}],"about":[{"href":"https:\/\/www.europesays.com\/fr\/wp-json\/wp\/v2\/types\/post"}],"author":[{"embeddable":true,"href":"https:\/\/www.europesays.com\/fr\/wp-json\/wp\/v2\/users\/2"}],"replies":[{"embeddable":true,"href":"https:\/\/www.europesays.com\/fr\/wp-json\/wp\/v2\/comments?post=1162517"}],"version-history":[{"count":0,"href":"https:\/\/www.europesays.com\/fr\/wp-json\/wp\/v2\/posts\/1162517\/revisions"}],"wp:featuredmedia":[{"embeddable":true,"href":"https:\/\/www.europesays.com\/fr\/wp-json\/wp\/v2\/media\/1162518"}],"wp:attachment":[{"href":"https:\/\/www.europesays.com\/fr\/wp-json\/wp\/v2\/media?parent=1162517"}],"wp:term":[{"taxonomy":"category","embeddable":true,"href":"https:\/\/www.europesays.com\/fr\/wp-json\/wp\/v2\/categories?post=1162517"},{"taxonomy":"post_tag","embeddable":true,"href":"https:\/\/www.europesays.com\/fr\/wp-json\/wp\/v2\/tags?post=1162517"}],"curies":[{"name":"wp","href":"https:\/\/api.w.org\/{rel}","templated":true}]}}