{"id":1162519,"date":"2026-09-02T06:54:24","date_gmt":"2026-09-02T06:54:24","guid":{"rendered":"https:\/\/www.europesays.com\/fr\/1162519\/"},"modified":"2026-09-02T06:54:24","modified_gmt":"2026-09-02T06:54:24","slug":"taiwan-les-entreprises-vont-investir-20-mds-de-plus-aux-usa-02-09-2026-a-0754","status":"publish","type":"post","link":"https:\/\/www.europesays.com\/fr\/1162519\/","title":{"rendered":"Ta\u00efwan-Les entreprises vont investir $20 mds de plus aux USA &#8211; 02\/09\/2026 \u00e0 07:54"},"content":{"rendered":"<p>\n Les entreprises<br \/>\nta\u00efwanaises pr\u00e9voient de nouveaux investissements de 20<br \/>\nmilliards de dollars (17,28 milliards d&rsquo;euros) aux \u00c9tats-Unis,<br \/>\nsoutenus par la demande en applications d\u2019intelligence<br \/>\nartificielle (IA), a d\u00e9clar\u00e9 mercredi le ministre de l\u2019\u00c9conomie<br \/>\nde l\u2019\u00eele sans donner plus de d\u00e9tails, suscitant une r\u00e9action<br \/>\nfavorable de la part d\u2019un responsable am\u00e9ricain en visite.\n<\/p>\n<p>\n Les \u00c9tats-Unis, principal soutien international et<br \/>\nfournisseur d\u2019armes de Ta\u00efwan \u2013 dont la Chine revendique la<br \/>\nsouverainet\u00e9 \u2013, malgr\u00e9 l\u2019absence de relations diplomatiques<br \/>\nofficielles, ont incit\u00e9 les entreprises de technologie<br \/>\nta\u00efwanaises \u00e0 intensifier leurs investissements dans le cadre<br \/>\nd\u2019une initiative am\u00e9ricaine visant \u00e0 d\u00e9velopper la production<br \/>\nnationale de semi-conducteurs.\n<\/p>\n<p>\n S&rsquo;exprimant lors de l&rsquo;inauguration du pavillon am\u00e9ricain au<br \/>\nsalon SEMICON \u00e0 Taipei, la capitale, le ministre de l&rsquo;\u00c9conomie,<br \/>\nKung Ming-hsin, a d\u00e9clar\u00e9 que les entreprises ta\u00efwanaises<br \/>\ninvestissaient \u00ab\u00a0tr\u00e8s activement\u00a0\u00bb aux \u00c9tats-Unis.\n<\/p>\n<p>\n Depuis le mois de mai, date \u00e0 laquelle Ta\u00efwan a particip\u00e9 au<br \/>\nsommet sur l\u2019investissement SelectUSA, Kung Ming-hsin a indiqu\u00e9<br \/>\nque le minist\u00e8re avait proc\u00e9d\u00e9 \u00e0 une nouvelle \u00e9valuation afin de<br \/>\nd\u00e9terminer quelles entreprises, outre le grand fabricant de<br \/>\npuces TSMC<br \/>\n <a href=\"https:\/\/www.boursorama.com\/cours\/3kTSMWF\/\" title=\"TSMC\" rel=\"nofollow noopener\" target=\"_blank\"><br \/>\n  2330.TW<br \/>\n <\/a><br \/>\n , pourraient souhaiter renforcer leurs<br \/>\ninvestissements aux \u00c9tats-Unis, ce qui s\u2019est traduit par un<br \/>\nmontant suppl\u00e9mentaire de 20 milliards de dollars.\n<\/p>\n<p>\n Les commandes dans les domaines de l\u2019IA et des puces<br \/>\n\u00e9lectroniques sont \u00ab\u00a0extr\u00eamement dynamiques\u00a0\u00bb, ce qui explique cet<br \/>\nint\u00e9r\u00eat, a ajout\u00e9 le ministre de l&rsquo;\u00c9conomie, sans toutefois<br \/>\npr\u00e9ciser de quelles entreprises il s\u2019agissait.\n<\/p>\n<p>\n La multinationale TSMC a annonc\u00e9 en juillet un<br \/>\ninvestissement suppl\u00e9mentaire de 100 milliards de dollars dans<br \/>\nl\u2019\u00c9tat am\u00e9ricain de l\u2019Arizona, portant le montant total des<br \/>\ninvestissements pr\u00e9vus \u00e0 265 milliards de dollars.\n<\/p>\n<p>\n S\u2019exprimant lors du m\u00eame \u00e9v\u00e9nement, un responsable du<br \/>\nminist\u00e8re am\u00e9ricain du Commerce charg\u00e9 de superviser le<br \/>\nprogramme gouvernemental visant \u00e0 stimuler la production<br \/>\nnationale de semi-conducteurs, appel\u00e9 \u00ab\u00a0CHIPS Act\u00a0\u00bb, s\u2019est<br \/>\nf\u00e9licit\u00e9 de cette annonce.\n<\/p>\n<p>\n \u00ab\u00a0Cela d\u00e9montre notre engagement commun et continu en faveur<br \/>\nd\u2019une cha\u00eene d\u2019approvisionnement en semi-conducteurs et en<br \/>\n\u00e9lectronique s\u00fbre, r\u00e9siliente et innovante\u00a0\u00bb, a d\u00e9clar\u00e9 Bill<br \/>\nFrauenhofer, directeur ex\u00e9cutif charg\u00e9 des investissements et de<br \/>\nl\u2019innovation dans le domaine des semi-conducteurs au sein du<br \/>\nd\u00e9partement.\n<\/p>\n<p>\n \u00ab\u00a0Ces projets renforceront les capacit\u00e9s technologiques<br \/>\nessentielles aux \u00c9tats-Unis et favoriseront les innovations qui<br \/>\nfa\u00e7onneront notre avenir collectif pour les d\u00e9cennies \u00e0 venir\u00a0\u00bb,<br \/>\na-t-il ajout\u00e9.\n<\/p>\n<p>\n Le pr\u00e9sident am\u00e9ricain Donald Trump a parfois critiqu\u00e9<br \/>\nTa\u00efwan pour avoir \u00ab\u00a0vol\u00e9\u00a0\u00bb le march\u00e9 am\u00e9ricain des<br \/>\nsemi-conducteurs, une perception que le gouvernement ta\u00efwanais<br \/>\njuge injuste, alors m\u00eame qu\u2019il a soutenu ses entreprises pour<br \/>\nqu\u2019elles augmentent leurs investissements aux \u00c9tats-Unis.\n<\/p>\n<p>\n (R\u00e9dig\u00e9 par Ben Blanchard ; Version fran\u00e7aise Rihab<br \/>\nLatrache, \u00e9dit\u00e9 par Augustin Turpin)<\/p>\n","protected":false},"excerpt":{"rendered":"Les entreprises ta\u00efwanaises pr\u00e9voient de nouveaux investissements de 20 milliards de dollars (17,28 milliards d&rsquo;euros) aux \u00c9tats-Unis, soutenus&hellip;\n","protected":false},"author":2,"featured_media":2554,"comment_status":"","ping_status":"","sticky":false,"template":"","format":"standard","meta":{"footnotes":"","_share_on_mastodon":"0"},"categories":[1589],"tags":[400,11,398,408,405,73,1866,403,402,399,404,12,401,406,1864,1865,1863,308,407],"class_list":["post-1162519","post","type-post","status-publish","format-standard","has-post-thumbnail","category-etats-unis","tag-action-cac-40","tag-actualites","tag-bourse-de-paris","tag-boursorama","tag-cotations","tag-etats-unis","tag-etats-unis-damerique","tag-indices-devises","tag-investir","tag-investissement","tag-marche-boursier","tag-news","tag-sicav","tag-trackers","tag-united-states","tag-united-states-of-america","tag-us","tag-usa","tag-warrants"],"share_on_mastodon":{"url":"https:\/\/pubeurope.com\/@fr\/117200137089282663","error":""},"_links":{"self":[{"href":"https:\/\/www.europesays.com\/fr\/wp-json\/wp\/v2\/posts\/1162519","targetHints":{"allow":["GET"]}}],"collection":[{"href":"https:\/\/www.europesays.com\/fr\/wp-json\/wp\/v2\/posts"}],"about":[{"href":"https:\/\/www.europesays.com\/fr\/wp-json\/wp\/v2\/types\/post"}],"author":[{"embeddable":true,"href":"https:\/\/www.europesays.com\/fr\/wp-json\/wp\/v2\/users\/2"}],"replies":[{"embeddable":true,"href":"https:\/\/www.europesays.com\/fr\/wp-json\/wp\/v2\/comments?post=1162519"}],"version-history":[{"count":0,"href":"https:\/\/www.europesays.com\/fr\/wp-json\/wp\/v2\/posts\/1162519\/revisions"}],"wp:featuredmedia":[{"embeddable":true,"href":"https:\/\/www.europesays.com\/fr\/wp-json\/wp\/v2\/media\/2554"}],"wp:attachment":[{"href":"https:\/\/www.europesays.com\/fr\/wp-json\/wp\/v2\/media?parent=1162519"}],"wp:term":[{"taxonomy":"category","embeddable":true,"href":"https:\/\/www.europesays.com\/fr\/wp-json\/wp\/v2\/categories?post=1162519"},{"taxonomy":"post_tag","embeddable":true,"href":"https:\/\/www.europesays.com\/fr\/wp-json\/wp\/v2\/tags?post=1162519"}],"curies":[{"name":"wp","href":"https:\/\/api.w.org\/{rel}","templated":true}]}}