{"id":1162530,"date":"2026-09-02T07:03:27","date_gmt":"2026-09-02T07:03:27","guid":{"rendered":"https:\/\/www.europesays.com\/fr\/1162530\/"},"modified":"2026-09-02T07:03:27","modified_gmt":"2026-09-02T07:03:27","slug":"de-billy-a-kallax-pourquoi-ikea-baisse-ses-prix-sur-450-produits-en-france","status":"publish","type":"post","link":"https:\/\/www.europesays.com\/fr\/1162530\/","title":{"rendered":"De Billy \u00e0 Kallax : pourquoi Ikea baisse ses prix sur 450 produits en France"},"content":{"rendered":"<p class=\"article-p mdl\">Depuis le 1er septembre, Ikea a baiss\u00e9 ses prix en magasin sur 450 r\u00e9f\u00e9rences en France. Les r\u00e9ductions vont de 16 \u00e0 25%, avec une cible claire : les produits les plus connus du groupe. L&rsquo;exemple le plus parlant reste l&rsquo;\u00e9tag\u00e8re Billy, qui passe de 49,99 euros \u00e0 34,99 euros. Kallax fait aussi partie des r\u00e9f\u00e9rences mises en avant. Au total, 60 millions d\u2019euros de ristournes ont \u00e9t\u00e9 budg\u00e9t\u00e9s.<\/p>\n<p class=\"article-p mdl\">Cette offensive tarifaire dit beaucoup plus qu&rsquo;une simple op\u00e9ration commerciale. Elle r\u00e9v\u00e8le surtout les difficult\u00e9s d&rsquo;un march\u00e9 du meuble qui traverse une mauvaise passe. Ikea en est \u00e0 sa troisi\u00e8me ann\u00e9e de baisse des ventes en trois ans. Et le groupe su\u00e9dois n&rsquo;est pas un cas isol\u00e9. Selon les chiffres cit\u00e9s de l&rsquo;Insee, les ventes de meubles ont chut\u00e9 de 12% entre 2021 et 2024.<\/p>\n<p>            La fin du boom de l&rsquo;apr\u00e8s-Covid<\/p>\n<p class=\"article-p mdl\">Le secteur paie d&rsquo;abord le contrecoup du Covid. Pendant les confinements, les m\u00e9nages passaient davantage de temps chez eux et disposaient, pour certains, d&rsquo;une \u00e9pargne disponible. Beaucoup en ont profit\u00e9 pour refaire leur d\u00e9coration, acheter des rangements, am\u00e9nager un bureau ou renouveler leur mobilier. Ces achats ont dop\u00e9 les ventes \u00e0 court terme, mais ils ont aussi avanc\u00e9 des d\u00e9penses qui ne se reproduisent plus aujourd\u2019hui.<\/p>\n<p class=\"article-p mdl\">Le retournement est suffisamment marqu\u00e9 pour pousser Ikea \u00e0 prendre des d\u00e9cisions lourdes. Le groupe a annonc\u00e9 des suppressions de postes et la fermeture d\u2019un magasin pr\u00e8s de Stockholm, une premi\u00e8re depuis quarante ans. Et la perspective d&rsquo;un red\u00e9marrage rapide para\u00eet limit\u00e9e : pour beaucoup de m\u00e9nages, salons, cuisines ou biblioth\u00e8ques achet\u00e9s ces derni\u00e8res ann\u00e9es ont encore plusieurs ann\u00e9es devant eux avant d\u2019\u00eatre remplac\u00e9s.<\/p>\n<p>            Pouvoir d&rsquo;achat et immobilier p\u00e8sent sur le meuble<\/p>\n<p class=\"article-p mdl\">\u00c0 cet effet de rattrapage s\u2019ajoute la question du pouvoir d\u2019achat. Acheter un meuble implique souvent de se d\u00e9placer en p\u00e9riph\u00e9rie des grandes villes, l\u00e0 o\u00f9 sont implant\u00e9s les magasins Ikea. Avec le prix de l\u2019essence, le co\u00fbt du trajet devient un frein suppl\u00e9mentaire pour des m\u00e9nages d\u00e9j\u00e0 contraints sur leur budget.<\/p>\n<p class=\"article-p mdl\">Autre facteur de ralentissement : la d\u00e9prime du march\u00e9 immobilier. Les transactions reculent fortement, de l\u2019ordre de 14 \u00e0 18% depuis le d\u00e9but de l\u2019ann\u00e9e par rapport \u00e0 2022. Or, lorsqu&rsquo;on d\u00e9m\u00e9nage, on refait souvent une partie de sa d\u00e9coration ou de son ameublement. Moins de changements de domicile, c&rsquo;est aussi moins d&rsquo;achats de meubles.<\/p>\n<p>            Ikea attaqu\u00e9 sur la d\u00e9coration et pouss\u00e9 vers le e-commerce<\/p>\n<p class=\"article-p mdl\">Ikea doit aussi faire face \u00e0 une concurrence qui ne vient pas seulement de son c\u0153ur de m\u00e9tier historique. Environ 40% de ses ventes concernent des articles de d\u00e9coration : coussins, lampes, tapis ou chaises. Sur ce terrain, les discounters comme Action, Centrakor ou Foir\u2019Fouille proposent souvent des prix plus bas.<\/p>\n<p class=\"article-p mdl\">Le groupe voit \u00e9galement monter la\u00a0<a class=\"link\" href=\"https:\/\/www.rtl.fr\/actu\/economie-consommation\/malus-sur-l-ultra-fast-fashion-c-est-quoi-cette-nouvelle-taxe-sur-les-vetements-vendus-sur-shein-temu-ou-aliexpress-7900667485\" target=\"_blank\" rel=\"nofollow noopener\">pression des plateformes chinoises comme Temu, Shein ou AliExpress<\/a>. Dans ce contexte, Ikea veut d\u00e9velopper davantage la vente en ligne. Le mod\u00e8le est plus l\u00e9ger en personnel, les produits sont standardis\u00e9s, et le distributeur esp\u00e8re ainsi \u00e9largir son terrain de jeu au-del\u00e0 de ses grands magasins de p\u00e9riph\u00e9rie.<\/p>\n<p>    La r\u00e9daction vous recommande<\/p>\n<p class=\"s-newsletter__title\">\n                L\u2019actualit\u00e9 par la r\u00e9daction de RTL dans votre bo\u00eete mail.\n            <\/p>\n<p class=\"s-newsletter__subtitle\">\n                Gr\u00e2ce \u00e0 votre compte RTL abonnez-vous \u00e0 la newsletter RTL info pour suivre toute l&rsquo;actualit\u00e9 au quotidien\n            <\/p>\n<p>\n                                    Lire la suite\n                                <\/p>\n<p class=\"article-google-preferred__title\">Ne laissez pas Google d\u00e9cider de vos sources.<\/p>\n<p>    <a href=\"https:\/\/www.google.com\/preferences\/source?q=https:\/\/www.rtl.fr\" target=\"_blank\" rel=\"noopener noreferrer nofollow\" class=\"article-google-preferred__btn at-class\" data-at-event=\"action\" data-at-category=\"actualite\" data-at-chapter1=\"pied_article\" data-at-chapter2=\"actu_economie_et_consommation\" data-at-click=\"favori_google\">Ajouter RTL comme source pr\u00e9f\u00e9r\u00e9e<\/a><\/p>\n","protected":false},"excerpt":{"rendered":"Depuis le 1er septembre, Ikea a baiss\u00e9 ses prix en magasin sur 450 r\u00e9f\u00e9rences en France. Les r\u00e9ductions&hellip;\n","protected":false},"author":2,"featured_media":1162531,"comment_status":"","ping_status":"","sticky":false,"template":"","format":"standard","meta":{"footnotes":"","_share_on_mastodon":"0"},"categories":[4],"tags":[11,6907,4397,313,3483,107,1011,27,714,8010,12,2141,362,25],"class_list":["post-1162530","post","type-post","status-publish","format-standard","has-post-thumbnail","category-france","tag-actualites","tag-consommateur","tag-decoration","tag-entreprises","tag-extrait","tag-fil-info","tag-fr","tag-france","tag-ikea","tag-meubles","tag-news","tag-prix","tag-replay","tag-republique-francaise"],"share_on_mastodon":{"url":"https:\/\/pubeurope.com\/@fr\/117200172272597792","error":""},"_links":{"self":[{"href":"https:\/\/www.europesays.com\/fr\/wp-json\/wp\/v2\/posts\/1162530","targetHints":{"allow":["GET"]}}],"collection":[{"href":"https:\/\/www.europesays.com\/fr\/wp-json\/wp\/v2\/posts"}],"about":[{"href":"https:\/\/www.europesays.com\/fr\/wp-json\/wp\/v2\/types\/post"}],"author":[{"embeddable":true,"href":"https:\/\/www.europesays.com\/fr\/wp-json\/wp\/v2\/users\/2"}],"replies":[{"embeddable":true,"href":"https:\/\/www.europesays.com\/fr\/wp-json\/wp\/v2\/comments?post=1162530"}],"version-history":[{"count":0,"href":"https:\/\/www.europesays.com\/fr\/wp-json\/wp\/v2\/posts\/1162530\/revisions"}],"wp:featuredmedia":[{"embeddable":true,"href":"https:\/\/www.europesays.com\/fr\/wp-json\/wp\/v2\/media\/1162531"}],"wp:attachment":[{"href":"https:\/\/www.europesays.com\/fr\/wp-json\/wp\/v2\/media?parent=1162530"}],"wp:term":[{"taxonomy":"category","embeddable":true,"href":"https:\/\/www.europesays.com\/fr\/wp-json\/wp\/v2\/categories?post=1162530"},{"taxonomy":"post_tag","embeddable":true,"href":"https:\/\/www.europesays.com\/fr\/wp-json\/wp\/v2\/tags?post=1162530"}],"curies":[{"name":"wp","href":"https:\/\/api.w.org\/{rel}","templated":true}]}}