{"id":1162552,"date":"2026-09-02T07:22:18","date_gmt":"2026-09-02T07:22:18","guid":{"rendered":"https:\/\/www.europesays.com\/fr\/1162552\/"},"modified":"2026-09-02T07:22:18","modified_gmt":"2026-09-02T07:22:18","slug":"et-si-les-medecins-se-trompaient-depuis-trois-siecles-sur-la-mort-de-louis-xiv","status":"publish","type":"post","link":"https:\/\/www.europesays.com\/fr\/1162552\/","title":{"rendered":"Et si les m\u00e9decins se trompaient depuis trois si\u00e8cles sur la mort de Louis XIV\u00a0?"},"content":{"rendered":"<p class=\"mb-4 text-lg md:leading-8 break-words\"><strong>secret d&rsquo;histoire &#8211; Selon une nouvelle \u00e9tude du n\u00e9phrologue Stanislas Bataille et du pal\u00e9opathologiste Philippe Charlier, Louis XIV serait, en fait, mort d&rsquo;une calciphylaxie, une insuffisance r\u00e9nale chronique dont les sympt\u00f4mes ressemblent \u00e0 la gangr\u00e8ne<\/strong><\/p>\n<p class=\"mb-4 text-lg md:leading-8 break-words\">Le roi est mort, vive le roi\u00a0! Et oui, d\u00e9j\u00e0 311 ans que <a data-ylk=\"slk:le Roi Soleil;elm:context_link;itc:0;sec:content-canvas;\" data-yga=\"{&quot;yLinkElement&quot;:&quot;link&quot;,&quot;yLinkElementType&quot;:&quot;article_link&quot;}\" href=\"https:\/\/www.20minutes.fr\/arts-stars\/4195788-20260113-roi-soleil-vie-pense-amuser-confie-louis-delort?at_medium=RSS%20feed&amp;at_campaign=ynews&amp;utm_source=yahoo&amp;utm_medium=rss&amp;utm_campaign=news_feed&amp;utm_content=in_article_link\" rel=\"noopener noreferrer nofollow\" target=\"_blank\">le Roi Soleil<\/a> a tir\u00e9 sa r\u00e9v\u00e9rence le 1er\u00a0septembre 1715. Si <a data-ylk=\"slk:l&#039;Histoire;elm:context_link;itc:0;sec:content-canvas;\" data-yga=\"{&quot;yLinkElement&quot;:&quot;link&quot;,&quot;yLinkElementType&quot;:&quot;article_link&quot;}\" href=\"https:\/\/www.20minutes.fr\/societe\/4224679-20260525-baie-saint-malo-epave-corsaire-echouee-depuis-siecles-encore-livre-tous-secrets?at_medium=RSS%20feed&amp;at_campaign=ynews&amp;utm_source=yahoo&amp;utm_medium=rss&amp;utm_campaign=news_feed&amp;utm_content=in_article_link\" rel=\"noopener noreferrer nofollow\" target=\"_blank\">l&rsquo;Histoire<\/a> a largement tourn\u00e9 la page, la fin du plus c\u00e9l\u00e8bre des <a data-ylk=\"slk:monarques fran\u00e7ais;elm:context_link;itc:0;sec:content-canvas;\" data-yga=\"{&quot;yLinkElement&quot;:&quot;link&quot;,&quot;yLinkElementType&quot;:&quot;article_link&quot;}\" href=\"https:\/\/www.20minutes.fr\/arts-stars\/culture\/4190354-20251208-chateau-versailles-acquis-verifier-croquis-peintre-david-spolies-nazis?at_medium=RSS%20feed&amp;at_campaign=ynews&amp;utm_source=yahoo&amp;utm_medium=rss&amp;utm_campaign=news_feed&amp;utm_content=in_article_link\" rel=\"noopener noreferrer nofollow\" target=\"_blank\">monarques fran\u00e7ais<\/a> continue pourtant de hanter certains esprits. Il faut dire que le personnage intrigue toujours autant. Et pour cause\u00a0: le diagnostic de sa mort pourrait \u00eatre\u2026 un faux. Pendant plus de trois si\u00e8cles, les <a data-ylk=\"slk:manuels d&#039;histoire;elm:context_link;itc:0;sec:content-canvas;\" data-yga=\"{&quot;yLinkElement&quot;:&quot;link&quot;,&quot;yLinkElementType&quot;:&quot;article_link&quot;}\" href=\"https:\/\/www.20minutes.fr\/societe\/4204359-20260303-geants-existe-terre-vieux-manuscrit-egyptien-seme-doute?at_medium=RSS%20feed&amp;at_campaign=ynews&amp;utm_source=yahoo&amp;utm_medium=rss&amp;utm_campaign=news_feed&amp;utm_content=in_article_link\" rel=\"noopener noreferrer nofollow\" target=\"_blank\">manuels d&rsquo;histoire<\/a> et la m\u00e9decine se sont accord\u00e9s sur une gangr\u00e8ne fulgurante \u00e0 la jambe gauche comme cause du d\u00e9c\u00e8s. Aujourd&rsquo;hui, de nouveaux \u00e9l\u00e9ments scientifiques viennent mettre \u00e0 mal cette hypoth\u00e8se. Et si le monarque avait en r\u00e9alit\u00e9 \u00e9t\u00e9 terrass\u00e9 par ses propres reins\u00a0?<\/p>\n<p class=\"mb-4 text-lg md:leading-8 break-words\">A l&rsquo;approche de la date anniversaire de sa disparition, une \u00e9tude publi\u00e9e dans la revue <a data-ylk=\"slk:BMC Nephrology;elm:context_link;itc:0;sec:content-canvas;\" data-yga=\"{&quot;yLinkElement&quot;:&quot;link&quot;,&quot;yLinkElementType&quot;:&quot;article_link&quot;}\" href=\"https:\/\/link.springer.com\/article\/10.1186\/s12882-026-05010-z?at_medium=RSS%20feed&amp;at_campaign=ynews&amp;utm_source=yahoo&amp;utm_medium=rss&amp;utm_campaign=news_feed&amp;utm_content=in_article_link\" rel=\"noopener noreferrer nofollow\" target=\"_blank\">BMC Nephrology<\/a> vient bousculer le diagnostic officiel. Stanislas Bataille, n\u00e9phrologue \u00e0 la clinique Bouchard (Elsan) \u00e0 Marseille, et le c\u00e9l\u00e8bre anthropologue et pal\u00e9opathologiste, Philippe Charlier ont rouvert le dossier m\u00e9dical du roi pour proposer une relecture moderne de ses derniers jours.<\/p>\n<p>Cachez cette calciphylaxie que je ne saurais voir<\/p>\n<p class=\"mb-4 text-lg md:leading-8 break-words\">L&rsquo;histoire commence de fa\u00e7on presque banale, loin des laboratoires. \u00ab\u00a0En \u00e9coutant un podcast de Lor\u00e0nt Deutsch sur la mort de Louis XIV avec Philippe Charlier, la fa\u00e7on dont les sympt\u00f4mes \u00e9taient d\u00e9crits ne me paraissait pas typique d&rsquo;une gangr\u00e8ne classique\u00a0\u00bb, raconte \u00e0 20 Minutes, le docteur Stanislas Bataille. Intrigu\u00e9, le sp\u00e9cialiste replonge dans les archives m\u00e9dicales de la (&#8230;)<\/p>\n<p class=\"mb-4 text-lg md:leading-8 break-words\"><a data-ylk=\"slk:Lire la suite sur 20minutes;elm:context_link;itc:0;sec:content-canvas;\" data-yga=\"{&quot;yLinkElement&quot;:&quot;link&quot;,&quot;yLinkElementType&quot;:&quot;article_link&quot;}\" href=\"https:\/\/www.20minutes.fr\/societe\/4240640-20260901-si-medecins-trompaient-depuis-trois-siecles-mort-louis-xiv?at_medium=RSS%20feed&amp;at_campaign=ynews&amp;utm_source=yahoo&amp;utm_medium=rss&amp;utm_campaign=news_feed&amp;utm_content=read_more_link&quot;\" rel=\"noopener noreferrer nofollow\" target=\"_blank\">Lire la suite sur 20minutes<\/a><\/p>\n<p>\u00c0 lire aussi :<br \/><a data-ylk=\"slk:L&#039;affaire Martin Guerre ou la \u00ab\u00a0prodigieuse\u00a0\u00bb imposture d&#039;un homme qui dupa sa femme et tout un village;elm:context_link;itc:0;sec:content-canvas;\" data-yga=\"{&quot;yLinkElement&quot;:&quot;link&quot;,&quot;yLinkElementType&quot;:&quot;article_link&quot;}\" href=\"https:\/\/www.20minutes.fr\/societe\/4233327-20260812-affaire-martin-guerre-prodigieuse-imposture-homme-dupa-femme-tout-village?at_medium=RSS%20feed&amp;at_campaign=ynews&amp;utm_source=yahoo&amp;utm_medium=rss&amp;utm_campaign=news_feed&amp;utm_content=related_content_link\" rel=\"noopener noreferrer nofollow\" target=\"_blank\">L&rsquo;affaire Martin Guerre ou la \u00ab\u00a0prodigieuse\u00a0\u00bb imposture d&rsquo;un homme qui dupa sa femme et tout un village<\/a><br \/><a data-ylk=\"slk:TikTok\u00a0: C&#039;est quoi cette nouvelle tendance avec Napol\u00e9on venue de Chine\u00a0?;elm:context_link;itc:0;sec:content-canvas;\" data-yga=\"{&quot;yLinkElement&quot;:&quot;link&quot;,&quot;yLinkElementType&quot;:&quot;article_link&quot;}\" href=\"https:\/\/www.20minutes.fr\/arts-stars\/web\/4223135-20260512-tiktok-quoi-nouvelle-tendance-napoleon-venue-chine?at_medium=RSS%20feed&amp;at_campaign=ynews&amp;utm_source=yahoo&amp;utm_medium=rss&amp;utm_campaign=news_feed&amp;utm_content=related_content_link\" rel=\"noopener noreferrer nofollow\" target=\"_blank\">TikTok\u00a0: C&rsquo;est quoi cette nouvelle tendance avec Napol\u00e9on venue de Chine\u00a0?<\/a><\/p>\n","protected":false},"excerpt":{"rendered":"secret d&rsquo;histoire &#8211; Selon une nouvelle \u00e9tude du n\u00e9phrologue Stanislas Bataille et du pal\u00e9opathologiste Philippe Charlier, Louis XIV&hellip;\n","protected":false},"author":2,"featured_media":1162553,"comment_status":"","ping_status":"","sticky":false,"template":"","format":"standard","meta":{"footnotes":"","_share_on_mastodon":"0"},"categories":[10],"tags":[41635,119662,1011,27,72,113186,59867,18,119660,119658,72853,71,119657,119661,119659],"class_list":["post-1162552","post","type-post","status-publish","format-standard","has-post-thumbnail","category-sante","tag-bouchard","tag-elsan","tag-fr","tag-france","tag-health","tag-intrigue","tag-louis-xiv","tag-mort","tag-nephrologue-a-la","tag-philippe-charlier","tag-reins","tag-sante","tag-stanislas-bataille","tag-tire-sa","tag-vive-le"],"share_on_mastodon":{"url":"https:\/\/pubeurope.com\/@fr\/117200246941861209","error":""},"_links":{"self":[{"href":"https:\/\/www.europesays.com\/fr\/wp-json\/wp\/v2\/posts\/1162552","targetHints":{"allow":["GET"]}}],"collection":[{"href":"https:\/\/www.europesays.com\/fr\/wp-json\/wp\/v2\/posts"}],"about":[{"href":"https:\/\/www.europesays.com\/fr\/wp-json\/wp\/v2\/types\/post"}],"author":[{"embeddable":true,"href":"https:\/\/www.europesays.com\/fr\/wp-json\/wp\/v2\/users\/2"}],"replies":[{"embeddable":true,"href":"https:\/\/www.europesays.com\/fr\/wp-json\/wp\/v2\/comments?post=1162552"}],"version-history":[{"count":0,"href":"https:\/\/www.europesays.com\/fr\/wp-json\/wp\/v2\/posts\/1162552\/revisions"}],"wp:featuredmedia":[{"embeddable":true,"href":"https:\/\/www.europesays.com\/fr\/wp-json\/wp\/v2\/media\/1162553"}],"wp:attachment":[{"href":"https:\/\/www.europesays.com\/fr\/wp-json\/wp\/v2\/media?parent=1162552"}],"wp:term":[{"taxonomy":"category","embeddable":true,"href":"https:\/\/www.europesays.com\/fr\/wp-json\/wp\/v2\/categories?post=1162552"},{"taxonomy":"post_tag","embeddable":true,"href":"https:\/\/www.europesays.com\/fr\/wp-json\/wp\/v2\/tags?post=1162552"}],"curies":[{"name":"wp","href":"https:\/\/api.w.org\/{rel}","templated":true}]}}