{"id":1162648,"date":"2026-09-02T08:29:17","date_gmt":"2026-09-02T08:29:17","guid":{"rendered":"https:\/\/www.europesays.com\/fr\/1162648\/"},"modified":"2026-09-02T08:29:17","modified_gmt":"2026-09-02T08:29:17","slug":"france-le-deficit-du-budget-de-letat-se-creuse-de-39-milliards-e-sur-un-an","status":"publish","type":"post","link":"https:\/\/www.europesays.com\/fr\/1162648\/","title":{"rendered":"France : Le d\u00e9ficit du budget de l\u2019\u00c9tat se creuse de 3,9 milliards \u20ac sur un an"},"content":{"rendered":"<p class=\"text-sm sm:text-base dark:text-brand-ink-foreground text-brand-ink mb-6 leading-snug text-justify\">Le d\u00e9ficit du budget de l\u2019\u00c9tat fran\u00e7ais s\u2019est \u00e9tabli \u00e0 145,9 milliards d\u2019euros \u00e0 fin juillet 2026, selon les donn\u00e9es publi\u00e9es mercredi par le minist\u00e8re de l\u2019Action et des Comptes publics. \u00c0 la m\u00eame p\u00e9riode en 2025, il atteignait 142 milliards d\u2019euros.<\/p>\n<p class=\"text-sm sm:text-base dark:text-brand-ink-foreground text-brand-ink mb-6 leading-snug text-justify\">La d\u00e9gradation repr\u00e9sente environ 3,9 milliards d\u2019euros sur un an. Ce niveau intervient alors que le gouvernement cherche \u00e0 r\u00e9tablir progressivement les comptes publics et \u00e0 maintenir la trajectoire de r\u00e9duction du d\u00e9ficit. Le d\u00e9ficit budg\u00e9taire de l\u2019\u00c9tat ne doit toutefois pas \u00eatre confondu avec le d\u00e9ficit public, qui englobe l\u2019ensemble des administrations publiques.<\/p>\n<p class=\"text-sm sm:text-base dark:text-brand-ink-foreground text-brand-ink mb-6 leading-snug text-justify\">Le gouvernement vise une poursuite de l\u2019assainissement des finances publiques. Selon les projections pr\u00e9sent\u00e9es par la Direction g\u00e9n\u00e9rale du Tr\u00e9sor en avril, le d\u00e9ficit public fran\u00e7ais devrait atteindre 5 % du PIB en 2026, avant une trajectoire visant \u00e0 revenir sous 3 % \u00e0 l\u2019horizon 2029.<\/p>\n<p>Les chiffres cl\u00e9s<\/p>\n<p class=\"text-sm sm:text-base dark:text-brand-ink-foreground text-brand-ink mb-6 leading-snug text-justify\">\u2022 145,9 milliards d\u2019euros : d\u00e9ficit budg\u00e9taire de l\u2019\u00c9tat \u00e0 fin juillet 2026.<br \/>\u2022 142 milliards d\u2019euros : d\u00e9ficit enregistr\u00e9 \u00e0 fin juillet 2025.<\/p>\n<p class=\"text-sm sm:text-base dark:text-brand-ink-foreground text-brand-ink mb-6 leading-snug text-justify\">Cette nouvelle donn\u00e9e intervient dans un contexte de forte attention port\u00e9e \u00e0 la soutenabilit\u00e9 des finances fran\u00e7aises. Une mission d\u2019experts publi\u00e9e en juillet estimait qu\u2019en l\u2019absence de mesures suppl\u00e9mentaires, le d\u00e9ficit public pourrait atteindre 5,9 % du PIB en 2027 et pr\u00e8s de 7 % en 2030.<\/p>\n","protected":false},"excerpt":{"rendered":"Le d\u00e9ficit du budget de l\u2019\u00c9tat fran\u00e7ais s\u2019est \u00e9tabli \u00e0 145,9 milliards d\u2019euros \u00e0 fin juillet 2026, selon&hellip;\n","protected":false},"author":2,"featured_media":1162649,"comment_status":"","ping_status":"","sticky":false,"template":"","format":"standard","meta":{"footnotes":"","_share_on_mastodon":"0"},"categories":[4],"tags":[15033,11,98560,11660,340,343,98561,33,589,526,1011,27,1116,342,2554,98559,2112,12,2551,7879,2553,57611,25,137],"class_list":["post-1162648","post","type-post","status-publish","format-standard","has-post-thumbnail","category-france","tag-actions","tag-actualites","tag-actualites-financieres","tag-assurance-vie","tag-bourse","tag-cac-40","tag-conseils-boursiers","tag-economie","tag-epargne","tag-fiscalite","tag-fr","tag-france","tag-immobilier","tag-impots","tag-investissements","tag-le-revenu","tag-marches-financiers","tag-news","tag-patrimoine","tag-pea","tag-placements","tag-portefeuille","tag-republique-francaise","tag-retraite"],"share_on_mastodon":{"url":"https:\/\/pubeurope.com\/@fr\/117200510600683333","error":""},"_links":{"self":[{"href":"https:\/\/www.europesays.com\/fr\/wp-json\/wp\/v2\/posts\/1162648","targetHints":{"allow":["GET"]}}],"collection":[{"href":"https:\/\/www.europesays.com\/fr\/wp-json\/wp\/v2\/posts"}],"about":[{"href":"https:\/\/www.europesays.com\/fr\/wp-json\/wp\/v2\/types\/post"}],"author":[{"embeddable":true,"href":"https:\/\/www.europesays.com\/fr\/wp-json\/wp\/v2\/users\/2"}],"replies":[{"embeddable":true,"href":"https:\/\/www.europesays.com\/fr\/wp-json\/wp\/v2\/comments?post=1162648"}],"version-history":[{"count":0,"href":"https:\/\/www.europesays.com\/fr\/wp-json\/wp\/v2\/posts\/1162648\/revisions"}],"wp:featuredmedia":[{"embeddable":true,"href":"https:\/\/www.europesays.com\/fr\/wp-json\/wp\/v2\/media\/1162649"}],"wp:attachment":[{"href":"https:\/\/www.europesays.com\/fr\/wp-json\/wp\/v2\/media?parent=1162648"}],"wp:term":[{"taxonomy":"category","embeddable":true,"href":"https:\/\/www.europesays.com\/fr\/wp-json\/wp\/v2\/categories?post=1162648"},{"taxonomy":"post_tag","embeddable":true,"href":"https:\/\/www.europesays.com\/fr\/wp-json\/wp\/v2\/tags?post=1162648"}],"curies":[{"name":"wp","href":"https:\/\/api.w.org\/{rel}","templated":true}]}}