{"id":1162666,"date":"2026-09-02T08:46:16","date_gmt":"2026-09-02T08:46:16","guid":{"rendered":"https:\/\/www.europesays.com\/fr\/1162666\/"},"modified":"2026-09-02T08:46:16","modified_gmt":"2026-09-02T08:46:16","slug":"un-repos-bien-merite-ariana-grande-acheve-a-londres-sa-tournee-avant-de-prendre-une-pause","status":"publish","type":"post","link":"https:\/\/www.europesays.com\/fr\/1162666\/","title":{"rendered":"\u00abUn repos bien m\u00e9rit\u00e9\u00bb : Ariana Grande ach\u00e8ve \u00e0 Londres sa tourn\u00e9e avant de prendre une pause"},"content":{"rendered":"<p>\n    D\u00e9but ao\u00fbt, un repr\u00e9sentant de la star am\u00e9ricaine a indiqu\u00e9 qu\u2019elle souhaitait prendre du \u00ab\u00a0recul\u00a0\u00bb vis-\u00e0-vis de la vie publique. Elle a livr\u00e9 une derni\u00e8re prestation, mardi, dans la capitale britannique.<\/p>\n<p class=\"fig-paragraph\">La star am\u00e9ricaine\u00a0<a href=\"http:\/\/www.lefigaro.fr\/musique\/ariana-grande-reserve-une-surprise-a-ses-fans-lors-d-un-concert-a-londres-20260819\" target=\"_blank\" data-fig-type=\"Article\" rel=\"noopener nofollow\" data-gtm-custom-categorie=\"navigation\" data-gtm-custom-action=\"crossclick\" data-gtm-custom-label=\"Contextuel\" data-gtm-event=\"customEventSPE\" data-fig-domain=\"LEFIGARO\">Ariana Grande<\/a>\u00a0a conclu mardi soir \u00e0 Londres sa tourn\u00e9e Eternal Sunshine avant de se retirer de la vie publique pour une dur\u00e9e ind\u00e9termin\u00e9e, alors que son apparence physique et sa perte de poids suscitent de nombreuses r\u00e9actions depuis des mois.<\/p>\n<p class=\"fig-paragraph\">Cette tourn\u00e9e d&rsquo;Ariana Grande, qui est \u00e0 33 ans l&rsquo;une des pop stars les plus c\u00e9l\u00e8bres du monde, a d\u00e9marr\u00e9 en juin en Am\u00e9rique du Nord et s&rsquo;est achev\u00e9e \u00e0 Londres avec 10 concerts, qui ont tous affich\u00e9 complet. Pour la derni\u00e8re date, mardi soir, une excitation teint\u00e9e de tristesse r\u00e9gnait chez les fans rencontr\u00e9s par l&rsquo;AFP avant le concert.<\/p>\n<p class=\"fig-body-link\">\n            \u00c0 lire aussi<br \/>\n        <a class=\"fig-body-link__link\" href=\"http:\/\/www.lefigaro.fr\/culture\/ariana-grande-sera-finalement-absente-d-une-comedie-musicale-a-londres-en-2027-20260803\" target=\"_blank\" data-fig-type=\"NewsFlash\" rel=\"noopener nofollow\" data-gtm-custom-categorie=\"navigation\" data-gtm-custom-action=\"crossclick\" data-gtm-custom-label=\"Contextuel\" data-gtm-event=\"customEventSPE\" data-fig-domain=\"LEFIGARO\"><br \/>\n                Ariana Grande sera finalement absente d&rsquo;une com\u00e9die musicale \u00e0 Londres en 2027<br \/>\n    <\/a>\n<\/p>\n<p>                                            <a class=\"fig-a11y-skip\" href=\"#fig-a11y-skip-main-inarticle\" is=\"fig-a11y-skip\" data-trigger-mode=\"visible-once\"><br \/>\n    Passer la publicit\u00e9<br \/>\n<\/a>            <\/p>\n<p class=\"fig-paragraph\">Jadey, une N\u00e9erlandaise de 21 ans travaillant dans le tourisme, a racont\u00e9 attendre le concert \u00ab\u00a0depuis pr\u00e8s d&rsquo;un an\u00a0\u00bb. Mais \u00ab\u00a0c&rsquo;est la fin d&rsquo;une \u00e8re pour moi et beaucoup de fans\u00a0\u00bb, a-t-elle ajout\u00e9, en \u00e9voquant la mise en retrait de la star. \u00ab\u00a0C&rsquo;est un sentiment mitig\u00e9\u00a0: je suis triste, mais je pense que \u00e7a lui fera du bien\u00a0\u00bb, a comment\u00e9 Kane, un animateur de 27 ans vivant dans le nord-est de l&rsquo;Angleterre. \u00ab\u00a0Ce soir, \u00e7a va \u00eatre un moment vraiment sp\u00e9cial\u00a0\u00bb, ajoute sa s\u0153ur, Heather.<\/p>\n<p>                                            Des commentaires \u00abincessants et permanents\u00bb<\/p>\n<p class=\"fig-paragraph\">D\u00e9but ao\u00fbt, un repr\u00e9sentant d&rsquo;Ariana Grande a indiqu\u00e9 qu&rsquo;elle souhaitait prendre du \u00ab\u00a0recul\u00a0\u00bb vis-\u00e0-vis de la vie publique, ses nombreuses apparitions ayant \u00ab\u00a0entra\u00een\u00e9 des commentaires incessants et permanents\u00a0\u00bb. \u00ab\u00a0Elle a h\u00e2te de terminer la tourn\u00e9e et de la conclure en beaut\u00e9, en bonne sant\u00e9 et dans la joie, puis de prendre un repos bien m\u00e9rit\u00e9 loin de son travail et de ses apparitions publiques\u00a0\u00bb, a dit son \u00e9quipe dans un communiqu\u00e9.<\/p>\n<p class=\"fig-paragraph\">Le clip de\u00a0<a href=\"http:\/\/madame.lefigaro.fr\/celebrites\/actu-people\/elle-ne-va-pas-bien-pourquoi-le-clip-petal-d-ariana-grande-fait-il-polemique-20260804\" target=\"_blank\" data-fig-type=\"Article\" rel=\"noopener nofollow\" data-gtm-custom-categorie=\"navigation\" data-gtm-custom-action=\"crossclick\" data-gtm-custom-label=\"Contextuel\" data-gtm-event=\"customEventSPE\" data-fig-domain=\"MADAME\">Petal<\/a>, titre phare de son dernier album, dans lequel elle appara\u00eet tr\u00e8s maigre, a aliment\u00e9 les interrogations sur l&rsquo;\u00e9tat de sant\u00e9 de la chanteuse. Les fans font bloc autour d\u2019elle. \u00ab\u00a0Je ne pense pas que les personnes qui ne font pas partie de son entourage devraient se permettre de faire des commentaires \u00e0 son sujet\u00a0\u00bb, a d\u00e9clar\u00e9 Yan Li, 21 ans, graphiste originaire de Hong Kong.<\/p>\n<p class=\"fig-paragraph\">Ariana Grande, qui a \u00e9t\u00e9 nomm\u00e9e en 2025 aux oscars pour son r\u00f4le dans le film Wicked, a renonc\u00e9 \u00e0 jouer dans une com\u00e9die musicale qui \u00e9tait pr\u00e9vue \u00e0 Londres en 2027. La star a une lourde histoire avec l&rsquo;Angleterre. En mai 2017, 22 personnes dont sept enfants avaient \u00e9t\u00e9 tu\u00e9s \u00e0 la sortie du concert qu&rsquo;elle avait donn\u00e9 \u00e0 Manchester dans un attentat \u00e0 la bombe.<\/p>\n","protected":false},"excerpt":{"rendered":"D\u00e9but ao\u00fbt, un repr\u00e9sentant de la star am\u00e9ricaine a indiqu\u00e9 qu\u2019elle souhaitait prendre du \u00ab\u00a0recul\u00a0\u00bb vis-\u00e0-vis de la&hellip;\n","protected":false},"author":2,"featured_media":1162667,"comment_status":"","ping_status":"","sticky":false,"template":"","format":"standard","meta":{"footnotes":"","_share_on_mastodon":"0"},"categories":[1355],"tags":[27818,1282,1697,58,59,1011,27,1361,873],"class_list":["post-1162666","post","type-post","status-publish","format-standard","has-post-thumbnail","category-musique","tag-ariana-grande","tag-carriere","tag-concert","tag-divertissement","tag-entertainment","tag-fr","tag-france","tag-music","tag-musique"],"share_on_mastodon":{"url":"https:\/\/pubeurope.com\/@fr\/117200577633964301","error":""},"_links":{"self":[{"href":"https:\/\/www.europesays.com\/fr\/wp-json\/wp\/v2\/posts\/1162666","targetHints":{"allow":["GET"]}}],"collection":[{"href":"https:\/\/www.europesays.com\/fr\/wp-json\/wp\/v2\/posts"}],"about":[{"href":"https:\/\/www.europesays.com\/fr\/wp-json\/wp\/v2\/types\/post"}],"author":[{"embeddable":true,"href":"https:\/\/www.europesays.com\/fr\/wp-json\/wp\/v2\/users\/2"}],"replies":[{"embeddable":true,"href":"https:\/\/www.europesays.com\/fr\/wp-json\/wp\/v2\/comments?post=1162666"}],"version-history":[{"count":0,"href":"https:\/\/www.europesays.com\/fr\/wp-json\/wp\/v2\/posts\/1162666\/revisions"}],"wp:featuredmedia":[{"embeddable":true,"href":"https:\/\/www.europesays.com\/fr\/wp-json\/wp\/v2\/media\/1162667"}],"wp:attachment":[{"href":"https:\/\/www.europesays.com\/fr\/wp-json\/wp\/v2\/media?parent=1162666"}],"wp:term":[{"taxonomy":"category","embeddable":true,"href":"https:\/\/www.europesays.com\/fr\/wp-json\/wp\/v2\/categories?post=1162666"},{"taxonomy":"post_tag","embeddable":true,"href":"https:\/\/www.europesays.com\/fr\/wp-json\/wp\/v2\/tags?post=1162666"}],"curies":[{"name":"wp","href":"https:\/\/api.w.org\/{rel}","templated":true}]}}