{"id":1162672,"date":"2026-09-02T08:50:35","date_gmt":"2026-09-02T08:50:35","guid":{"rendered":"https:\/\/www.europesays.com\/fr\/1162672\/"},"modified":"2026-09-02T08:50:35","modified_gmt":"2026-09-02T08:50:35","slug":"plus-belle-la-vie-en-avance-resume-de-lepisode-663-du-jeudi-3-septembre","status":"publish","type":"post","link":"https:\/\/www.europesays.com\/fr\/1162672\/","title":{"rendered":"Plus belle la vie en avance : r\u00e9sum\u00e9 de l&rsquo;\u00e9pisode 663 du jeudi 3 septembre"},"content":{"rendered":"<p>Une histoire de serveur pr\u00e9tendument en maintenance suffit \u00e0<br \/>\nfaire vaciller la position de Jean-Paul Boher. Dans l\u2019\u00e9pisode 663<br \/>\nde Plus belle la vie, encore plus belle, diffus\u00e9 jeudi 3 septembre<br \/>\n2026 sur TF1, Steve et Jules v\u00e9rifient une information que le<br \/>\ncommissaire par int\u00e9rim avait donn\u00e9e apr\u00e8s l\u2019accident de Mathis.<br \/>\nLeur d\u00e9couverte change brutalement la situation : les serveurs de<br \/>\nvid\u00e9osurveillance fonctionnaient bien lorsque Boher affirmait le<br \/>\ncontraire.<\/p>\n<p><a href=\"https:\/\/www.melty.fr\/series\/plus-belle-la-vie-en-avance-resume-de-lepisode-661-du-mardi-1er-septembre-2343198.html\" rel=\"nofollow noopener\" target=\"_blank\"><br \/>\nCette journ\u00e9e du 3 septembre ne m\u00e9nage personne au Mistral<\/a>.<br \/>\nStanislas commence \u00e0 envisager une entrave \u00e0 la justice, Louis et<br \/>\nDjawad pr\u00e9parent leur retour clandestin au mus\u00e9e pour tenter de<br \/>\nsauver Zo\u00e9, Emma confronte Baptiste apr\u00e8s avoir d\u00e9couvert sa<br \/>\nrelation avec Morgane et Apolline doit choisir entre un dossier<br \/>\npouvant d\u00e9cider du reste de la vie de Charlie et son propre examen<br \/>\nprofessionnel.<\/p>\n<p>Le mensonge de Boher sur les images du 25 ao\u00fbt commence \u00e0 se<br \/>\nretourner contre lui<\/p>\n<p>Steve et Jules n\u2019abandonnent pas les recherches autour de<br \/>\nl\u2019accident de Mathis. Ils veulent comprendre ce qu\u2019il est advenu<br \/>\ndes images de vid\u00e9osurveillance de la ville susceptibles d\u2019avoir<br \/>\nenregistr\u00e9 les \u00e9v\u00e9nements du 25 ao\u00fbt. Jean-Paul avait donn\u00e9 une<br \/>\nexplication apparemment simple : les serveurs \u00e9taient en<br \/>\nmaintenance. Sans images exploitables, la police ne pouvait donc<br \/>\npas v\u00e9rifier directement ce qui s\u2019\u00e9tait produit dans la rue lorsque<br \/>\nMathis avait \u00e9t\u00e9 percut\u00e9.<\/p>\n<p>Les deux jeunes hommes d\u00e9cident pourtant de contr\u00f4ler cette<br \/>\nversion aupr\u00e8s du directeur du centre de s\u00e9curit\u00e9. Sa r\u00e9ponse fait<br \/>\ndispara\u00eetre toute justification technique. Il leur indique<br \/>\nqu\u2019aucune op\u00e9ration de maintenance n\u2019avait lieu sur les serveurs \u00e0<br \/>\nla fin du mois d\u2019ao\u00fbt. Steve comprend imm\u00e9diatement l\u2019importance de<br \/>\ncette information. Boher a d\u00e9clar\u00e9 que le serveur du 25 ao\u00fbt \u00e9tait<br \/>\nindisponible alors que le responsable charg\u00e9 de la<br \/>\nvid\u00e9osurveillance affirme d\u00e9sormais le contraire.<\/p>\n<p>Il rapporte sa d\u00e9couverte \u00e0 Stanislas et Morgane. La discussion<br \/>\nne porte plus seulement sur une erreur ou un mauvais renseignement<br \/>\ntransmis au cours de l\u2019enqu\u00eate. Stanislas consid\u00e8re que Boher<br \/>\npourrait avoir soustrait volontairement des \u00e9l\u00e9ments de preuve.<\/p>\n<p>La situation devient encore plus sensible parce que Lucie est<br \/>\ndirectement concern\u00e9e par l\u2019affaire. C\u2019est elle qui conduisait le<br \/>\nscooter ayant percut\u00e9 Mathis. Morgane se demande donc si Jean-Paul<br \/>\nn\u2019a pas fabriqu\u00e9 cette histoire de maintenance pour emp\u00eacher ses<br \/>\ncoll\u00e8gues d\u2019acc\u00e9der \u00e0 des images susceptibles d\u2019accabler sa propre<br \/>\nfille.<\/p>\n<p>Le commissaire par int\u00e9rim, qui cherchait jusqu\u2019ici \u00e0 g\u00e9rer les<br \/>\ncons\u00e9quences de l\u2019accident de Lucie, devient \u00e0 son tour un<br \/>\npersonnage central de l\u2019enqu\u00eate. Le soup\u00e7on porte d\u00e9sormais sur son<br \/>\npropre comportement apr\u00e8s les faits.<\/p>\n<p>Cette d\u00e9couverte arrive dans un contexte d\u00e9j\u00e0 tr\u00e8s tendu pour<br \/>\nlui. Ariane a \u00e9galement appris r\u00e9cemment que Boher avait sign\u00e9 la<br \/>\nperquisition de son appartement dans l\u2019enqu\u00eate visant Zo\u00e9. Deux<br \/>\naffaires diff\u00e9rentes commencent donc \u00e0 fragiliser ses relations<br \/>\navec ceux qui l\u2019entourent au commissariat.<\/p>\n<p>Louis et Djawad retournent au mus\u00e9e malgr\u00e9 le risque de finir \u00e0<br \/>\nnouveau derri\u00e8re les barreaux<\/p>\n<p>Pendant que Steve rapproche l\u2019enqu\u00eate de Boher, Louis et Djawad<br \/>\npensent surtout \u00e0 Zo\u00e9. La jeune femme se retrouve dans une position<br \/>\ndangereuse depuis que Stanislas s\u2019int\u00e9resse \u00e0 elle pour le vol de<br \/>\nla toile. Ariane tombe d\u2019abord sur Louis au moment o\u00f9 il pr\u00e9pare<br \/>\nses valises. La sc\u00e8ne lui para\u00eet suffisamment suspecte pour qu\u2019elle<br \/>\nimagine imm\u00e9diatement qu\u2019il veut prendre la fuite. Pour elle, il<br \/>\nabandonnerait Marseille au moment o\u00f9 Zo\u00e9 risque de subir les<br \/>\ncons\u00e9quences de cette affaire.<\/p>\n<p>Louis r\u00e9agit avec col\u00e8re et remet la responsabilit\u00e9 du<br \/>\ncambriolage sur Zo\u00e9 : \u00ab\u00a0Zo\u00e9 a m*rd\u00e9 ! Le mus\u00e9e, c&rsquo;est elle qui l&rsquo;a<br \/>\nfait toute seule et maintenant, il faut que je la sorte de l\u00e0\u00a0\u00bb<br \/>\nAriane refuse d\u2019abord de croire ses explications. Une fois rentr\u00e9e<br \/>\nchez elle, elle finit pourtant par modifier sa position. Elle<br \/>\nannonce \u00e0 Djawad qu\u2019elle accepte de laisser Louis tenter<br \/>\nd\u2019innocenter sa fille.<\/p>\n<p>Cette confiance ne r\u00e9sout pas le principal probl\u00e8me : <a href=\"https:\/\/www.melty.fr\/series\/plus-belle-la-vie-en-avance-resume-de-lepisode-660-du-lundi-31-aout-2342570.html\" rel=\"nofollow noopener\" target=\"_blank\"><br \/>\nleur plan n\u00e9cessite de retourner dans le mus\u00e9e o\u00f9 la toile a \u00e9t\u00e9<br \/>\nvol\u00e9e<\/a>. Djawad commence \u00e0 mesurer ce que cela implique<br \/>\nr\u00e9ellement. Remettre l\u2019\u0153uvre en place signifie p\u00e9n\u00e9trer \u00e0 nouveau<br \/>\ndans un lieu surveill\u00e9 alors qu\u2019il poss\u00e8de d\u00e9j\u00e0 un pass\u00e9<br \/>\njudiciaire. S\u2019il se fait prendre, une nouvelle incarc\u00e9ration<br \/>\ndevient une possibilit\u00e9 tr\u00e8s concr\u00e8te.<\/p>\n<p>Louis comprend son h\u00e9sitation et d\u00e9cide de le pr\u00e9parer. Selon<br \/>\nlui, le d\u00e9fi ne repose pas simplement sur la condition physique.<br \/>\nDjawad doit surtout ma\u00eetriser son stress pour \u00eatre capable d\u2019agir<br \/>\nau bon moment. Les deux hommes se rendent donc au mus\u00e9e avant<br \/>\nl\u2019op\u00e9ration. Ils ne viennent pas encore remettre la toile mais<br \/>\nobserver les lieux. Leur attention se porte sur les d\u00e9placements<br \/>\ndes gardiens, leurs rondes et les moments o\u00f9 certaines zones<br \/>\npourraient \u00eatre moins surveill\u00e9es.<\/p>\n<p>Djawad supporte difficilement cette reconnaissance. Louis tente<br \/>\nde calmer son partenaire et poursuit son observation. Chaque<br \/>\nd\u00e9placement des agents de s\u00e9curit\u00e9 peut devenir d\u00e9terminant<br \/>\nlorsqu\u2019ils reviendront avec l\u2019\u0153uvre. Leur objectif reste<br \/>\nparticuli\u00e8rement risqu\u00e9 : remettre un tableau vol\u00e9 dans le mus\u00e9e<br \/>\nsans \u00eatre identifi\u00e9s, tout en esp\u00e9rant que cette op\u00e9ration<br \/>\npermettra de d\u00e9placer les soup\u00e7ons qui p\u00e8sent sur Zo\u00e9.<\/p>\n<p>Emma d\u00e9couvre ce que Baptiste faisait pendant que Mathis \u00e9tait<br \/>\nseul<\/p>\n<p>L\u2019accident de Mathis continue aussi de bouleverser Emma. Elle<br \/>\nvient pourtant de prendre une d\u00e9cision importante concernant son<br \/>\navenir imm\u00e9diat : elle a sign\u00e9 le bail d\u2019un appartement qui fera<br \/>\nd\u2019elle la voisine des Boher-Nebout. Elle annonce la nouvelle \u00e0<br \/>\nThomas au Mistral, mais leur conversation glisse rapidement vers<br \/>\nBaptiste. Emma soup\u00e7onne qu\u2019il a peut-\u00eatre rencontr\u00e9 quelqu\u2019un et<br \/>\ndemande directement \u00e0 Thomas ce qu\u2019il sait.<\/p>\n<p>Thomas finit par lui r\u00e9v\u00e9ler que Baptiste entretient une<br \/>\nrelation avec Morgane. Apprendre que la nouvelle compagne du p\u00e8re<br \/>\nde Mathis est une polici\u00e8re surprend Emma, mais cette information<br \/>\nprend surtout une autre dimension lorsqu\u2019elle retrouve Baptiste au<br \/>\nPavillon des Fleurs.<\/p>\n<p>Emma veut comprendre ce qu\u2019il faisait exactement le soir o\u00f9 leur<br \/>\nfils a eu son accident. La r\u00e9ponse la met hors d\u2019elle. Elle<br \/>\ncomprend que Baptiste avait laiss\u00e9 Mathis seul dans la rue afin de<br \/>\npasser du temps avec Morgane. Pendant ce rendez-vous, leur fils a<br \/>\n\u00e9t\u00e9 renvers\u00e9 par le scooter conduit par Lucie.<\/p>\n<p>Pour Emma, la faute de Baptiste est impossible \u00e0 minimiser. Elle<br \/>\nlui lance : \u00ab\u00a0Je ne l&rsquo;aurai jamais laiss\u00e9 tout seul dans la rue pour<br \/>\nun pauvre plan c*l.\u00a0\u00bb Baptiste est d\u00e9j\u00e0 rong\u00e9 par la culpabilit\u00e9,<br \/>\nmais ses regrets ne changent rien \u00e0 la col\u00e8re de son ancienne<br \/>\ncompagne. Emma refuse de l\u2019\u00e9couter davantage : \u00ab\u00a0Rien \u00e0 foutre de<br \/>\ntes remords !\u00a0\u00bb<\/p>\n<p>Baptiste se retrouve plus tard avec Thomas et reconna\u00eet \u00e0 son<br \/>\ntour ce qui s\u2019est pass\u00e9. Il \u00e9tait avec Morgane pendant que Mathis<br \/>\nse trouvait seul. Sa culpabilit\u00e9 a depuis eu une cons\u00e9quence<br \/>\ndirecte sur sa relation amoureuse. Baptiste a d\u00e9cid\u00e9 de quitter<br \/>\nMorgane pour consacrer davantage de temps \u00e0 son fils apr\u00e8s<br \/>\nl\u2019accident.<\/p>\n<p>Cette rupture ne signifie pas qu\u2019il ne ressent plus rien pour<br \/>\nelle. Il confie \u00e0 Thomas : \u00ab\u00a0Je l&rsquo;aime mais je la quitte car je ne<br \/>\npeux pas faire autrement apr\u00e8s ce qui s&rsquo;est pass\u00e9.\u00a0\u00bb Emma conna\u00eet<br \/>\nd\u00e9sormais la v\u00e9rit\u00e9 compl\u00e8te sur cette soir\u00e9e. L\u2019accident ne<br \/>\nrenvoie plus seulement \u00e0 Lucie et au scooter : elle sait aussi<br \/>\npourquoi Mathis s\u2019\u00e9tait retrouv\u00e9 sans son p\u00e8re lorsqu\u2019il a \u00e9t\u00e9<br \/>\npercut\u00e9.<\/p>\n<p>Apolline remet le sort de Charlie entre<br \/>\nles mains d\u2019Ulysse le jour de son CAPA<\/p>\n<p>Apolline affronte une urgence tr\u00e8s diff\u00e9rente mais avec des<br \/>\ncons\u00e9quences potentiellement consid\u00e9rables. Une pi\u00e8ce essentielle<br \/>\nmanque dans le dossier de Charlie. Le probl\u00e8me est surtout li\u00e9 au<br \/>\ntemps. Le document doit \u00eatre d\u00e9pos\u00e9 au tribunal avant 13 heures.<br \/>\nS\u2019il n\u2019arrive pas au greffe dans les d\u00e9lais, Charlie risque de<br \/>\nfinir ses jours en prison.<\/p>\n<p>Apolline d\u00e9couvre cette situation pr\u00e9cis\u00e9ment le jour o\u00f9 elle<br \/>\ndoit passer son CAPA. Elle se retrouve donc face \u00e0 deux obligations<br \/>\nimpossibles \u00e0 g\u00e9rer simultan\u00e9ment : d\u00e9fendre jusqu\u2019au bout les<br \/>\nint\u00e9r\u00eats de sa cliente ou se pr\u00e9senter aux \u00e9preuves d\u00e9terminantes<br \/>\npour son propre avenir.<\/p>\n<p>Un premier soulagement arrive au Mistral lorsque Aya retrouve le<br \/>\ndocument. Il n\u2019avait pas disparu d\u00e9finitivement : il se trouvait<br \/>\ndans un tiroir sous le comptoir du bar. Retrouver la pi\u00e8ce ne r\u00e8gle<br \/>\npourtant que la moiti\u00e9 du probl\u00e8me. Il reste \u00e0 la d\u00e9poser avant<br \/>\nl\u2019heure limite et Apolline ne peut pas \u00eatre \u00e0 la fois au tribunal<br \/>\net \u00e0 ses \u00e9crits.<\/p>\n<p>Sa rencontre avec Ulysse Kepler ouvre une possibilit\u00e9<br \/>\ninattendue. Apolline raconte son probl\u00e8me \u00e0 son ancien ma\u00eetre de<br \/>\nstage et celui-ci se propose de remettre lui-m\u00eame le document au<br \/>\ngreffe. La solution semble simple, sauf qu\u2019Ulysse d\u00e9fend la partie<br \/>\nadverse dans le dossier. Lui confier la pi\u00e8ce revient donc \u00e0 placer<br \/>\nune \u00e9tape d\u00e9cisive de la d\u00e9fense de Charlie entre les mains de<br \/>\nl\u2019avocat qui repr\u00e9sente l\u2019autre camp.<\/p>\n<p>Malgr\u00e9 ce risque, Apolline accepte son offre. Elle choisit de<br \/>\nfaire confiance \u00e0 Ulysse et peut partir passer ses \u00e9preuves pendant<br \/>\nqu\u2019il prend en charge le document. Sa journ\u00e9e se joue d\u00e9sormais sur<br \/>\ndeux fronts qu\u2019elle ne contr\u00f4le plus compl\u00e8tement : son CAPA d\u00e9pend<br \/>\nde ses performances pendant les \u00e9crits, tandis que l\u2019avenir<br \/>\njudiciaire de Charlie repose sur la promesse d\u2019Ulysse de d\u00e9poser la<br \/>\npi\u00e8ce au greffe avant 13 heures.<\/p>\n","protected":false},"excerpt":{"rendered":"Une histoire de serveur pr\u00e9tendument en maintenance suffit \u00e0 faire vaciller la position de Jean-Paul Boher. Dans l\u2019\u00e9pisode&hellip;\n","protected":false},"author":2,"featured_media":1162673,"comment_status":"","ping_status":"","sticky":false,"template":"","format":"standard","meta":{"footnotes":"","_share_on_mastodon":"0"},"categories":[8],"tags":[58,59,1011,27,1368,199],"class_list":["post-1162672","post","type-post","status-publish","format-standard","has-post-thumbnail","category-divertissement","tag-divertissement","tag-entertainment","tag-fr","tag-france","tag-plus-belle-la-vie","tag-tf1"],"share_on_mastodon":{"url":"https:\/\/pubeurope.com\/@fr\/117200593124150376","error":""},"_links":{"self":[{"href":"https:\/\/www.europesays.com\/fr\/wp-json\/wp\/v2\/posts\/1162672","targetHints":{"allow":["GET"]}}],"collection":[{"href":"https:\/\/www.europesays.com\/fr\/wp-json\/wp\/v2\/posts"}],"about":[{"href":"https:\/\/www.europesays.com\/fr\/wp-json\/wp\/v2\/types\/post"}],"author":[{"embeddable":true,"href":"https:\/\/www.europesays.com\/fr\/wp-json\/wp\/v2\/users\/2"}],"replies":[{"embeddable":true,"href":"https:\/\/www.europesays.com\/fr\/wp-json\/wp\/v2\/comments?post=1162672"}],"version-history":[{"count":0,"href":"https:\/\/www.europesays.com\/fr\/wp-json\/wp\/v2\/posts\/1162672\/revisions"}],"wp:featuredmedia":[{"embeddable":true,"href":"https:\/\/www.europesays.com\/fr\/wp-json\/wp\/v2\/media\/1162673"}],"wp:attachment":[{"href":"https:\/\/www.europesays.com\/fr\/wp-json\/wp\/v2\/media?parent=1162672"}],"wp:term":[{"taxonomy":"category","embeddable":true,"href":"https:\/\/www.europesays.com\/fr\/wp-json\/wp\/v2\/categories?post=1162672"},{"taxonomy":"post_tag","embeddable":true,"href":"https:\/\/www.europesays.com\/fr\/wp-json\/wp\/v2\/tags?post=1162672"}],"curies":[{"name":"wp","href":"https:\/\/api.w.org\/{rel}","templated":true}]}}