{"id":1162712,"date":"2026-09-02T09:18:26","date_gmt":"2026-09-02T09:18:26","guid":{"rendered":"https:\/\/www.europesays.com\/fr\/1162712\/"},"modified":"2026-09-02T09:18:26","modified_gmt":"2026-09-02T09:18:26","slug":"au-champ-du-feu-le-developpement-touristique-porte-par-le-millionnaire-henri-morel-inquiete","status":"publish","type":"post","link":"https:\/\/www.europesays.com\/fr\/1162712\/","title":{"rendered":"Au Champ du feu, le d\u00e9veloppement touristique port\u00e9 par le millionnaire Henri Morel inqui\u00e8te"},"content":{"rendered":"<p class=\"wp-block-post-excerpt__excerpt\">Une piste de luge d\u2019\u00e9t\u00e9, une extension de l\u2019auberge et de l\u2019h\u00f4tel\u2026 L\u2019industriel Henri Morel poursuit ses investissements au Champ du feu. Mais sur place, les \u00e9cologistes alertent sur la consommation d\u2019espaces naturels et le surtourisme. <\/p>\n<p>Gabriel De Baecque Duriez<\/p>\n<p>Publi\u00e9 le 2 septembre 2026\u00a0\u00a0\u00b7\u00a0\u00a0<\/p>\n<p>Imprim\u00e9 le 2 septembre 2026 \u00e0 11h18\u00a0\u00a0\u00b7\u00a0\u00a0<\/p>\n<p>\t\t\t\t\t8\u00a0minutes\n<\/p>\n<p class=\"has-drop-cap wp-block-paragraph\">\u00ab\u00a0J\u2019habite dans la r\u00e9gion depuis que je suis gamine. J\u2019ai toujours fait de la randonn\u00e9e au Champ du Feu. C\u2019est pour \u00e7a que je m\u2019engage contre un projet qui va d\u00e9naturer le site.\u00a0\u00bb Lunettes de soleil viss\u00e9es sur le nez, Martine Marchal-Minazzi regarde le paysage qu\u2019elle conna\u00eet par c\u0153ur.<\/p>\n<p class=\"wp-block-paragraph\">\u00c0 l\u2019horizon, des montagnes s\u2019\u00e9tendent \u00e0 perte de vue. Des for\u00eats de h\u00eatres ou de<strong> <\/strong>sapins ont pris racine, entrecoup\u00e9es par de vastes prairies, jaunies par l\u2019\u00e9t\u00e9 caniculaire. En parall\u00e8le, la Serva, petit ruisseau, s\u2019\u00e9coule et apporte de la fra\u00eecheur \u00e0 la flore et \u00e0 la faune locales. Ce paysage de carte postale est celui du Champ du feu, bien visible depuis la terrasse de l\u2019auberge Hazemann.<\/p>\n<p class=\"wp-block-paragraph\">C\u2019est l\u00e0, en lisi\u00e8re de for\u00eat, que 36 luges pourraient bient\u00f4t serpenter le long d\u2019un rail m\u00e9tallique de 713 m\u00e8tres. Une succession de courbes et de virages viendront occuper 1\u00a0943 m\u00e8tres carr\u00e9s de pentes, l\u2019\u00e9quivalent de sept terrains de tennis environ. Le 1er ao\u00fbt 2026, la commune de Belmont a accord\u00e9 \u00e0 l\u2019auberge Hazemann un permis pour construire une piste de luge quatre saisons le long de la piste de ski, avec un remonte-luges de 416 m\u00e8tres en remplacement du t\u00e9l\u00e9ski du Rocher. Le circuit total fera 1\u00a0129 m\u00e8tres.<\/p>\n<p>Soutenez un m\u00e9dia qui enqu\u00eate sur les atteintes \u00e0 l\u2019environnement<\/p>\n<p class=\"wp-block-paragraph\"><strong>Pour acc\u00e9der \u00e0 la suite de cet article, il faut \u00eatre abonn\u00e9. Pourquoi\u00a0?<\/strong><\/p>\n<p class=\"wp-block-paragraph\">Engag\u00e9e contre les atteintes \u00e0 l\u2019environnement, la r\u00e9daction suit de pr\u00e8s les enjeux \u00e9cologiques et travaille sur les alertes qui lui sont transmises. Sans Rue89 Strasbourg, la pollution de l\u2019eau potable par les pesticides et des projets comme un stade de biathlon dans les Vosges, ou une route sur la colline de Lorentzen seraient bien moins connus des Alsaciens.<\/p>\n<p><img loading=\"lazy\" decoding=\"async\" width=\"2560\" height=\"2560\" src=\"https:\/\/www.europesays.com\/fr\/wp-content\/uploads\/2025\/07\/thibault-scaled.jpg\" alt=\"\" class=\"wp-image-343597\" style=\"aspect-ratio:1;object-fit:cover;width:124px;height:auto\"  \/><\/p>\n<p class=\"wp-block-paragraph\">Thibault Vetter suit les collectifs militants et les associations qui se mobilisent partout dans la r\u00e9gion face aux projets \u00e9cocides, comme de nouvelles zones d\u2019activit\u00e9s sur des terres cultivables. Il enqu\u00eate sur diverses sources de pollution, les pesticides, les usines, et leurs impacts sur la sant\u00e9 publique. Un travail de l\u2019ombre, qui n\u00e9cessite beaucoup de contacts et le d\u00e9corticage de nombreuses alertes.<\/p>\n<p class=\"wp-block-paragraph\">Pour poursuivre ce travail, unique en Alsace, nous avons besoin d\u2019une petite contribution de votre part. <strong>Chaque abonnement compte<\/strong>. Toutes les recettes servent directement \u00e0 financer un journalisme engag\u00e9 et document\u00e9 sur l\u2019environnement \u00e0 Strasbourg et en Alsace.<\/p>\n<p>\t\t\t<a href=\"https:\/\/www.rue89strasbourg.com\/\" class=\"custom-logo-link\" rel=\"home nofollow noopener\" target=\"_blank\"><img loading=\"lazy\" decoding=\"async\" width=\"290\" height=\"62\" src=\"https:\/\/www.europesays.com\/fr\/wp-content\/uploads\/2025\/04\/1743975279_388_logo.png\" class=\"custom-logo\" alt=\"Rue89 Strasbourg Enqu\u00eates et informations locales\"  \/><\/a><\/p>\n<p>\n\t\t\t\tAbonnez-vous maintenant pour suivre l\u2019actualit\u00e9 locale.\t\t\t<\/p>\n<p class=\"font-bold font-serif-heading mb-2 text-4xl\">\n\t\t\t\t\t\tL\u2019investigation locale \u00e0 port\u00e9e de main.\n\t\t\t\t\t<\/p>\n<p>\n\t\t\t\t\t\tAbonnez-vous et profitez d\u2019un acc\u00e8s illimit\u00e9 \u00e0 Rue89 Strasbourg. Annulez quand vous voulez.\n\t\t\t\t\t<\/p>\n<p class=\"xl:text-sm\">\n\t\t\t\t\tD\u00e9j\u00e0 abonn\u00e9\u00a0?<br \/>\n\t\t\t\t\t<a class=\"border border-transparent text-center transition-colors duration-instant focus:border-info focus:rounded focus:shadow-focus cursor-pointer text-black hover:text-gray-700 active:bg-black-700 font-semibold inline-block\" href=\"https:\/\/www.rue89strasbourg.com\/user\/connexion?redirect=\/champ-du-feu-developpement-touristique-millionnaire-henri-morel-alsace-395512\" rel=\"nofollow noopener\" target=\"_blank\">Connectez-vous<\/a>\t\t\t\t<\/p>\n<p>\n\t\t\t\tChoisissez votre formule\u00a0:\n\t\t\t<\/p>\n<p>\t\t\t\tFermer<\/p>\n","protected":false},"excerpt":{"rendered":"Une piste de luge d\u2019\u00e9t\u00e9, une extension de l\u2019auberge et de l\u2019h\u00f4tel\u2026 L\u2019industriel Henri Morel poursuit ses investissements&hellip;\n","protected":false},"author":2,"featured_media":1162713,"comment_status":"","ping_status":"","sticky":false,"template":"","format":"standard","meta":{"footnotes":"","_share_on_mastodon":"0"},"categories":[2820],"tags":[1111,11,22062,25810,74893,436,1777,674,1011,27,775,119676,119677,12,25,640,602,774],"class_list":["post-1162712","post","type-post","status-publish","format-standard","has-post-thumbnail","category-strasbourg","tag-actu","tag-actualites","tag-alsace-nature","tag-belmont","tag-champ-du-feu","tag-environnement","tag-eu","tag-europe","tag-fr","tag-france","tag-grand-est","tag-henri-morel","tag-martine-marchal-minazzi","tag-news","tag-republique-francaise","tag-strasbourg","tag-tourisme","tag-vosges"],"share_on_mastodon":{"url":"https:\/\/pubeurope.com\/@fr\/117200705846904624","error":""},"_links":{"self":[{"href":"https:\/\/www.europesays.com\/fr\/wp-json\/wp\/v2\/posts\/1162712","targetHints":{"allow":["GET"]}}],"collection":[{"href":"https:\/\/www.europesays.com\/fr\/wp-json\/wp\/v2\/posts"}],"about":[{"href":"https:\/\/www.europesays.com\/fr\/wp-json\/wp\/v2\/types\/post"}],"author":[{"embeddable":true,"href":"https:\/\/www.europesays.com\/fr\/wp-json\/wp\/v2\/users\/2"}],"replies":[{"embeddable":true,"href":"https:\/\/www.europesays.com\/fr\/wp-json\/wp\/v2\/comments?post=1162712"}],"version-history":[{"count":0,"href":"https:\/\/www.europesays.com\/fr\/wp-json\/wp\/v2\/posts\/1162712\/revisions"}],"wp:featuredmedia":[{"embeddable":true,"href":"https:\/\/www.europesays.com\/fr\/wp-json\/wp\/v2\/media\/1162713"}],"wp:attachment":[{"href":"https:\/\/www.europesays.com\/fr\/wp-json\/wp\/v2\/media?parent=1162712"}],"wp:term":[{"taxonomy":"category","embeddable":true,"href":"https:\/\/www.europesays.com\/fr\/wp-json\/wp\/v2\/categories?post=1162712"},{"taxonomy":"post_tag","embeddable":true,"href":"https:\/\/www.europesays.com\/fr\/wp-json\/wp\/v2\/tags?post=1162712"}],"curies":[{"name":"wp","href":"https:\/\/api.w.org\/{rel}","templated":true}]}}