{"id":1162716,"date":"2026-09-02T09:21:20","date_gmt":"2026-09-02T09:21:20","guid":{"rendered":"https:\/\/www.europesays.com\/fr\/1162716\/"},"modified":"2026-09-02T09:21:20","modified_gmt":"2026-09-02T09:21:20","slug":"un-maillot-pour-ne-jamais-oublier-nice-devoile-sa-troisieme-tunique-en-hommage-aux-victimes-de-lattentat-du-14-juillet-2016","status":"publish","type":"post","link":"https:\/\/www.europesays.com\/fr\/1162716\/","title":{"rendered":"\u00ab\u00a0Un maillot pour ne jamais oublier\u00a0\u00bb: Nice d\u00e9voile sa troisi\u00e8me tunique en hommage aux victimes de l&rsquo;attentat du 14 juillet 2016"},"content":{"rendered":"<p class=\"mb-4 text-lg md:leading-8 break-words\">\u00ab\u00a0Dix ans apr\u00e8s, l&rsquo;OGC Nice n&rsquo;oublie pas.\u00a0\u00bb Ce mercredi, l&rsquo;<a data-ylk=\"slk:OGC Nice;elm:context_link;itc:0;sec:content-canvas;\" data-yga=\"{&quot;yLinkElement&quot;:&quot;link&quot;,&quot;yLinkElementType&quot;:&quot;article_link&quot;}\" href=\"https:\/\/rmcsport.bfmtv.com\/football\/clubs\/ogc-nice\/ogc-nice-coup-dur-pour-moise-bombito-qui-va-se-faire-operer-a-nouveau-de-la-jambe-gauche_AV-202608260399.html\" rel=\"noopener noreferrer nofollow\" target=\"_blank\">OGC Nice<\/a> a d\u00e9voil\u00e9 son troisi\u00e8me maillot pour la saison 2026-2027, une tunique pens\u00e9e pour rendre hommage aux victimes de l&rsquo;attentat du 14 juillet 2026. Elle sera port\u00e9e ce samedi \u00e0 l&rsquo;occasion de la r\u00e9ception du Mans (20h45, 3e journ\u00e9e de <a data-ylk=\"slk:Ligue 1;elm:context_link;itc:0;sec:content-canvas;\" data-yga=\"{&quot;yLinkElement&quot;:&quot;link&quot;,&quot;yLinkElementType&quot;:&quot;article_link&quot;}\" href=\"https:\/\/rmcsport.bfmtv.com\/football\/ligue-1\/\" rel=\"noopener noreferrer nofollow\" target=\"_blank\">Ligue 1<\/a>).<\/p>\n<p class=\"mb-4 text-lg md:leading-8 break-words\">Les deux premi\u00e8res tuniques du club azur\u00e9en \u00e9taient d\u00e9j\u00e0 orn\u00e9es d&rsquo;un c\u0153ur form\u00e9 des noms des 86 personnes disparues. Mais pour ce troisi\u00e8me maillot, l&rsquo;OGC Nice \u00ab\u00a0a souhait\u00e9 aller en plus loin en concevant int\u00e9gralement sa troisi\u00e8me tenue comme un hommage\u00a0\u00bb, indique le communiqu\u00e9 du club.<\/p>\n<p>La lumi\u00e8re \u00ab\u00a0des 86 faisceaux\u00a0\u00bb<\/p>\n<p class=\"mb-4 text-lg md:leading-8 break-words\">\u00ab\u00a0(Le maillot) puise sa couleur dor\u00e9e dans la lumi\u00e8re. Celle des 86 faisceaux qui s&rsquo;\u00e9l\u00e8vent depuis la Promenade des Anglais vers le ciel ni\u00e7ois lors des c\u00e9r\u00e9monies de m\u00e9moire\u00a0\u00bb, d\u00e9taille le Gym. \u00ab\u00a0Le dor\u00e9 \u00e9voque \u00e9galement une autre lumi\u00e8re, celle des \u00e9toiles, dont la disposition symbolique sur la face avant du maillot dessine la courbe de la Baie des Anges, inscrivant leur souvenir dans la silhouette m\u00eame de Nice. Alors que dans le dos, la date du 14 juillet 2016 se lit sobrement sous le col.\u00a0\u00bb<\/p>\n<p class=\"mb-4 text-lg md:leading-8 break-words\">Le soir du 14 juillet 2016, un terroriste, Mohamed Lahouaiej-Bouhlel, a fait 86 morts et plus de 400 bless\u00e9s en fon\u00e7ant sur pr\u00e8s de 2 kilom\u00e8tres au volant d&rsquo;un camion de 19 tonnes dans la foule qui venait d&rsquo;assister au feu d&rsquo;artifice de la f\u00eate nationale fran\u00e7aise, avant d&rsquo;\u00eatre abattu par la police. Le 14 juillet dernier, <a data-ylk=\"slk:un moment de recueillement a \u00e9t\u00e9 observ\u00e9 en mondovision;elm:context_link;itc:0;sec:content-canvas;\" data-yga=\"{&quot;yLinkElement&quot;:&quot;link&quot;,&quot;yLinkElementType&quot;:&quot;article_link&quot;}\" href=\"https:\/\/rmcsport.bfmtv.com\/football\/coupe-du-monde\/france-espagne-les-images-de-la-minute-de-silence-poignante-pour-les-victimes-de-l-attentat-de-nice_AV-202607140615.html\" rel=\"noopener noreferrer nofollow\" target=\"_blank\">un moment de recueillement a \u00e9t\u00e9 observ\u00e9 en mondovision<\/a> au d\u00e9but de la demi-finale de la Coupe du monde 2026 entre la France et l&rsquo;Espagne.<\/p>\n<p class=\"mb-4 text-lg md:leading-8 break-words\"><a data-ylk=\"slk:Article original publi\u00e9 sur RMC Sport;elm:context_link;itc:0;sec:content-canvas;\" data-yga=\"{&quot;yLinkElement&quot;:&quot;link&quot;,&quot;yLinkElementType&quot;:&quot;article_link&quot;}\" href=\"https:\/\/rmcsport.bfmtv.com\/football\/ligue-1\/un-maillot-pour-ne-jamais-oublier-nice-devoile-sa-troisieme-tunique-en-hommage-aux-victimes-de-l-attentat-du-14-juillet-2016_AV-202609020395.html#xtor=AL-68\" rel=\"noopener noreferrer nofollow\" target=\"_blank\">Article original publi\u00e9 sur RMC Sport<\/a><\/p>\n","protected":false},"excerpt":{"rendered":"\u00ab\u00a0Dix ans apr\u00e8s, l&rsquo;OGC Nice n&rsquo;oublie pas.\u00a0\u00bb Ce mercredi, l&rsquo;OGC Nice a d\u00e9voil\u00e9 son troisi\u00e8me maillot pour la&hellip;\n","protected":false},"author":2,"featured_media":1162717,"comment_status":"","ping_status":"","sticky":false,"template":"","format":"standard","meta":{"footnotes":"","_share_on_mastodon":"0"},"categories":[2819],"tags":[109613,5734,61864,76415,1111,11,57353,1777,674,1011,27,12,2401,119679,2268,882,25,119678],"class_list":["post-1162716","post","type-post","status-publish","format-standard","has-post-thumbnail","category-nice","tag-14-juillet-2026","tag-5734","tag-2026-2027","tag-76415","tag-actu","tag-actualites","tag-ce-mercredi","tag-eu","tag-europe","tag-fr","tag-france","tag-news","tag-nice","tag-nice-a","tag-ogc-nice","tag-provence-alpes-cote-dazur","tag-republique-francaise","tag-troisieme-maillot-pour-la-saison"],"share_on_mastodon":{"url":"https:\/\/pubeurope.com\/@fr\/117200714860494849","error":""},"_links":{"self":[{"href":"https:\/\/www.europesays.com\/fr\/wp-json\/wp\/v2\/posts\/1162716","targetHints":{"allow":["GET"]}}],"collection":[{"href":"https:\/\/www.europesays.com\/fr\/wp-json\/wp\/v2\/posts"}],"about":[{"href":"https:\/\/www.europesays.com\/fr\/wp-json\/wp\/v2\/types\/post"}],"author":[{"embeddable":true,"href":"https:\/\/www.europesays.com\/fr\/wp-json\/wp\/v2\/users\/2"}],"replies":[{"embeddable":true,"href":"https:\/\/www.europesays.com\/fr\/wp-json\/wp\/v2\/comments?post=1162716"}],"version-history":[{"count":0,"href":"https:\/\/www.europesays.com\/fr\/wp-json\/wp\/v2\/posts\/1162716\/revisions"}],"wp:featuredmedia":[{"embeddable":true,"href":"https:\/\/www.europesays.com\/fr\/wp-json\/wp\/v2\/media\/1162717"}],"wp:attachment":[{"href":"https:\/\/www.europesays.com\/fr\/wp-json\/wp\/v2\/media?parent=1162716"}],"wp:term":[{"taxonomy":"category","embeddable":true,"href":"https:\/\/www.europesays.com\/fr\/wp-json\/wp\/v2\/categories?post=1162716"},{"taxonomy":"post_tag","embeddable":true,"href":"https:\/\/www.europesays.com\/fr\/wp-json\/wp\/v2\/tags?post=1162716"}],"curies":[{"name":"wp","href":"https:\/\/api.w.org\/{rel}","templated":true}]}}