{"id":1162737,"date":"2026-09-02T09:35:19","date_gmt":"2026-09-02T09:35:19","guid":{"rendered":"https:\/\/www.europesays.com\/fr\/1162737\/"},"modified":"2026-09-02T09:35:19","modified_gmt":"2026-09-02T09:35:19","slug":"cinema-lyon-sonate-dautomne-la-rentree-cinema-par-vincent-nicolet-et-jean-francois-dickeli","status":"publish","type":"post","link":"https:\/\/www.europesays.com\/fr\/1162737\/","title":{"rendered":"Cin\u00e9ma Lyon &#8211; Sonate d&rsquo;Automne, la rentr\u00e9e cin\u00e9ma par Vincent Nicolet et Jean-Fran\u00e7ois Dickeli"},"content":{"rendered":"<p itemprop=\"description\" style=\"font-weight: 600;\">    Panorama \/ Apr\u00e8s un \u00e9t\u00e9 qui a vu les succ\u00e8s colossaux coexister, entre le grandiose L&rsquo;Odyss\u00e9e, Spider-Man Brand New Day et Toy Story 5, la fr\u00e9quentation des salles de cin\u00e9ma est au plus haut. En attendant la sortie de deux nouveaux mastodontes au mois de d\u00e9cembre (Dune : troisi\u00e8me partie et Avengers Doomsday), comment la tendance nationale se r\u00e9percute-t-elle \u00e0 l&rsquo;\u00e9chelle locale ? Quelques \u00e9l\u00e9ments de r\u00e9ponse se trouvent dans les \u00e9v\u00e9nements propos\u00e9s par les diff\u00e9rents acteurs de la m\u00e9tropole pour les prochains mois.\u00a0<\/p>\n<p><img decoding=\"async\" src=\"https:\/\/www.europesays.com\/fr\/wp-content\/uploads\/2026\/09\/2026-08-20-21-14-01_AvCsarUniversalPictures.jpg\" alt=\"\"\/><\/p>\n<p style=\"font-size:12px;\">Photo : Av\u00e9 C\u00e9sar \u00a9 Universal Pictures<\/p>\n<p>N&rsquo;en d\u00e9plaise aux Cassandre qui annoncent sa mort depuis des d\u00e9cennies, le cin\u00e9ma se porte bien. Depuis janvier, les succ\u00e8s s&rsquo;encha\u00eenent dans des registres tr\u00e8s diff\u00e9rents. Des longs-m\u00e9trages familiaux \u00e0 m\u00eame d&rsquo;attirer le grand public, des suites \u00e0 succ\u00e8s, des biopics tant\u00f4t musicaux, tant\u00f4t historiques, ou encore des films d&rsquo;horreur remarquables : tous les voyants sont au vert. Si le contexte est aussi favorable, les cin\u00e9mas locaux ne peuvent cependant pas se contenter de suivre le calendrier des sorties. Comment attirer le public au-del\u00e0 de l&rsquo;actualit\u00e9 nationale ? Comment fid\u00e9liser des spectateurs en d\u00e9veloppant ses propres sp\u00e9cificit\u00e9s ? Deux probl\u00e9matiques auxquelles chacun tente de r\u00e9pondre \u00e0 sa mani\u00e8re avec ses \u00e9v\u00e9nements et ses exclusivit\u00e9s.<\/p>\n<p>En avant !<\/p>\n<p>UGC organise la quatri\u00e8me \u00e9dition de la semaine Aime et d\u00e9couvre du 8 au 15 septembre 2026. Au programme, huit s\u00e9ances parmi lesquelles Quelques mots d&rsquo;amour, deuxi\u00e8me long-m\u00e9trage de Rudi Rosenberg onze ans apr\u00e8s l&rsquo;attachant Le Nouveau. On retrouve \u00e9galement deux de nos grosses attentes du trimestre, Le Corset et La Gradiva, dans cette s\u00e9lection. Si les cin\u00e9mas Path\u00e9 n&rsquo;ont pas encore communiqu\u00e9 sur toutes leurs actualit\u00e9s, on sait d\u00e9j\u00e0 que les abonn\u00e9s Cin\u00e9Pass pourront d\u00e9couvrir d\u00e8s le 10 septembre Karma, le retour au thriller de Guillaume Canet. Conc\u00e9dons que la pr\u00e9sence de Marion Cotillard dans le r\u00f4le principal et de Beno\u00eet Debie (Irr\u00e9versible, Spring Breakers) \u00e0 l&rsquo;image constituent des atouts de choix. Une semaine plus tard, le Path\u00e9 Bellecour invite Jeanne Herry pour pr\u00e9senter son nouveau film Garance.<\/p>\n<p>Les avant-premi\u00e8res ne sont pas seulement l&rsquo;apanage des multiplexes. Le Com\u0153dia pr\u00e9pare d\u00e8s le mois de septembre plusieurs s\u00e9ances suivies d&rsquo;\u00e9changes et de rencontres avec les \u00e9quipes, entre autres de La Vie d&rsquo;une femme, Si tu penses bien, M\u00e9moire de fille, Ni Vue ni connue ou encore L&rsquo;esp\u00e8ce explosive.<\/p>\n<p>Que Lumi\u00e8re soit !<\/p>\n<p>Cette rentr\u00e9e est plac\u00e9e sous le signe de changement avec le d\u00e9part de Flavien Poncet, responsable d&rsquo;exploitation des cin\u00e9mas Lumi\u00e8re depuis dix ans, qui quitte ses fonctions pour d&rsquo;autres aventures. Saluons son travail et sa capacit\u00e9 \u00e0 faire des trois cin\u00e9mas des lieux aux rendez-vous identifi\u00e9s, tout en leur insufflant une v\u00e9ritable personnalit\u00e9. Plusieurs \u00e9v\u00e9nements sont attendus dans leurs murs pour le mois de septembre avec notamment, jeudi 17 la projection unique de Teenage Sex and Death at camp Miasma au Lumi\u00e8re Terreaux en partenariat avec \u00c9crans Mixtes. Il s&rsquo;agit du nouveau film de Jane Schoenbrun, r\u00e9alisatrice d&rsquo;I saw the TV glow, qui ne sera ensuite visible que sur la plateforme Mubi. Autre belle proposition, le mercredi 30 septembre, une projection en partenariat avec Quai du polar du dernier Ridley Scott, The Dog stars, en pr\u00e9sence de l&rsquo;auteur du roman original, Peter Heller.<\/p>\n<p>L&rsquo;Institut Lumi\u00e8re pr\u00e9pare le terrain pour la 18e \u00e9dition du Festival Lumi\u00e8re (du 10 au 18 octobre) avec le double programme \u00ab\u00a0En attendant les fr\u00e8res Coen\u00a0\u00bb. Seront projet\u00e9s deux grands films minor\u00e9s de la fratrie : le d\u00e9jant\u00e9 Burn after reading et leur hommage \u00e0 l&rsquo;\u00e2ge d&rsquo;or d&rsquo;Hollywood, Ave Cesar. L&rsquo;institut organise \u00e9galement divers hommages dont une r\u00e9trospective consacr\u00e9e \u00e0 Milos Forman, d\u00e9c\u00e9d\u00e9 en 2018. On doit \u00e0 celui qui fut le deuxi\u00e8me laur\u00e9at du Prix Lumi\u00e8re, deux des meilleurs biopics de l&rsquo;histoire \u00e0 red\u00e9couvrir sans h\u00e9siter : Amadeus et Man on the moon.<\/p>\n<p>Voyage of Time<\/p>\n<p>Le cin\u00e9aste tch\u00e8que sera \u00e9galement au c\u0153ur de la 12e \u00e9dition du Festival Play It Again ! du 17 au 27 septembre au Com\u0153dia. L&rsquo;occasion de revoir sur grand \u00e9cran Vol au-dessus d&rsquo;un nid de coucou en copie restaur\u00e9e. Le Com\u0153dia propose \u00e9galement du 2 au 4 octobre sa traditionnelle reprise de l&rsquo;ACID. Pas moins de neuf s\u00e9ances sont propos\u00e9es, pour la plupart en pr\u00e9sence des \u00e9quipes et suivies de d\u00e9bats. On attire votre attention sur le film d&rsquo;animation Blaise, sign\u00e9 Dimitri Planchon et Jean-Paul Guigue. Plus tard, \u00e0 l&rsquo;automne, le Zola verra se tenir la 45e \u00e9dition de son Festival du Film Court, du 8 au 15 novembre.\u00a0<\/p>\n<p>Hors de Lyon et Villeurbanne, une belle dynamique anime le Cin\u00e9 Mourguet. Le lieu entame sa rentr\u00e9e avec l&rsquo;avant-premi\u00e8re de Notre Salut d&rsquo;Emmanuel Marre d\u00e8s le 17 septembre. Notons \u00e9galement ses \u00e9v\u00e9nements en collaboration, tel la Cin\u00e9Collection avec le Grac, qui verra les projections de chefs-d&rsquo;\u0153uvre comme Riz Amer, Lawrence d&rsquo;Arabie, ou encore le Cin\u00e9 Dante avec la Dante Alighieri et la s\u00e9ance exceptionnelle d&rsquo;Une journ\u00e9e particuli\u00e8re d&rsquo;Ettore Scola.\u00a0<\/p>\n<p>Autant de rendez-vous qui t\u00e9moignent d&rsquo;une m\u00eame volont\u00e9 : faire des salles de v\u00e9ritables espaces de d\u00e9couverte, de rencontre et de curiosit\u00e9. Une rentr\u00e9e riche en perspectives pour les cin\u00e9philes de l&rsquo;agglom\u00e9ration.<\/p>\n","protected":false},"excerpt":{"rendered":"Panorama \/ Apr\u00e8s un \u00e9t\u00e9 qui a vu les succ\u00e8s colossaux coexister, entre le grandiose L&rsquo;Odyss\u00e9e, Spider-Man Brand&hellip;\n","protected":false},"author":2,"featured_media":1162738,"comment_status":"","ping_status":"","sticky":false,"template":"","format":"standard","meta":{"footnotes":"","_share_on_mastodon":"0"},"categories":[1889],"tags":[1111,11,2430,117183,650,1777,674,3696,3337,1011,27,2428,12,25,119680],"class_list":["post-1162737","post","type-post","status-publish","format-standard","has-post-thumbnail","category-lyon","tag-actu","tag-actualites","tag-auvergne-rhone-alpes","tag-avant-premieres","tag-cinema","tag-eu","tag-europe","tag-evenements","tag-festivals","tag-fr","tag-france","tag-lyon","tag-news","tag-republique-francaise","tag-retrospectives"],"share_on_mastodon":{"url":"https:\/\/pubeurope.com\/@fr\/117200771431414530","error":""},"_links":{"self":[{"href":"https:\/\/www.europesays.com\/fr\/wp-json\/wp\/v2\/posts\/1162737","targetHints":{"allow":["GET"]}}],"collection":[{"href":"https:\/\/www.europesays.com\/fr\/wp-json\/wp\/v2\/posts"}],"about":[{"href":"https:\/\/www.europesays.com\/fr\/wp-json\/wp\/v2\/types\/post"}],"author":[{"embeddable":true,"href":"https:\/\/www.europesays.com\/fr\/wp-json\/wp\/v2\/users\/2"}],"replies":[{"embeddable":true,"href":"https:\/\/www.europesays.com\/fr\/wp-json\/wp\/v2\/comments?post=1162737"}],"version-history":[{"count":0,"href":"https:\/\/www.europesays.com\/fr\/wp-json\/wp\/v2\/posts\/1162737\/revisions"}],"wp:featuredmedia":[{"embeddable":true,"href":"https:\/\/www.europesays.com\/fr\/wp-json\/wp\/v2\/media\/1162738"}],"wp:attachment":[{"href":"https:\/\/www.europesays.com\/fr\/wp-json\/wp\/v2\/media?parent=1162737"}],"wp:term":[{"taxonomy":"category","embeddable":true,"href":"https:\/\/www.europesays.com\/fr\/wp-json\/wp\/v2\/categories?post=1162737"},{"taxonomy":"post_tag","embeddable":true,"href":"https:\/\/www.europesays.com\/fr\/wp-json\/wp\/v2\/tags?post=1162737"}],"curies":[{"name":"wp","href":"https:\/\/api.w.org\/{rel}","templated":true}]}}