{"id":1162769,"date":"2026-09-02T09:56:31","date_gmt":"2026-09-02T09:56:31","guid":{"rendered":"https:\/\/www.europesays.com\/fr\/1162769\/"},"modified":"2026-09-02T09:56:31","modified_gmt":"2026-09-02T09:56:31","slug":"presence-du-loup-en-france-une-hausse-des-attaques-sur-les-troupeaux-domestiques-oblige-le-prefet-du-rhone-a-autoriser-les-tirs-de-defense","status":"publish","type":"post","link":"https:\/\/www.europesays.com\/fr\/1162769\/","title":{"rendered":"Pr\u00e9sence du loup en France : une hausse des attaques sur les troupeaux domestiques oblige le pr\u00e9fet du Rh\u00f4ne \u00e0 autoriser les tirs de d\u00e9fense"},"content":{"rendered":"<p>\n                                                                    l&rsquo;essentiel<br \/>\n                                                                Depuis le d\u00e9but de l&rsquo;\u00e9t\u00e9, la pr\u00e9sence confirm\u00e9e d&rsquo;une meute de loups sur le massif du Pilat, dans le Rh\u00f4ne, a entra\u00een\u00e9 une hausse des attaques sur les troupeaux domestiques. Face \u00e0 cette situation, le pr\u00e9fet \u00c9tienne a d\u00fb autoriser des tirs de d\u00e9fense pour prot\u00e9ger l&rsquo;\u00e9levage local.\n                            <\/p>\n<p>Il n&rsquo;y a pas que pour les \u00e9leveurs Occitans que la pr\u00e9sence du loup est un probl\u00e8me. \u00ab\u00a0Une augmentation significative des pr\u00e9dations sur des troupeaux domestiques est constat\u00e9e\u00a0\u00bb dans le Rh\u00f4ne. Depuis plusieurs mois, les autorit\u00e9s avaient confirm\u00e9 la pr\u00e9sence d\u2019un loup dans le Rh\u00f4ne, sans pouvoir d\u00e9terminer si le pr\u00e9dateur ne faisait que traverser le d\u00e9partement ou s\u2019il comptait s\u2019y installer. Les derni\u00e8res observations de l&rsquo;<a href=\"https:\/\/www.loupfrance.fr\/\" target=\"_blank\" rel=\"nofollow noopener\">OFB (Loup en France)<\/a> semblent d\u00e9sormais lever le doute. Depuis le d\u00e9but de l\u2019\u00e9t\u00e9, les attaques contre les troupeaux domestiques se sont multipli\u00e9es. Tant et si bien que la pr\u00e9fecture a d\u00fb se positionner.<\/p>\n<p class=\"std-elt__inline\">\n        <strong>\u00c0 lire aussi :<\/strong><br \/>\n        <a href=\"https:\/\/www.ladepeche.fr\/2026\/01\/15\/face-au-loup-le-tarn-durcit-la-protection-des-troupeaux-et-change-drastiquement-les-regles-de-tir-pour-les-eleveurs-13161225.php\" rel=\"nofollow noopener\" target=\"_blank\">Face au loup, le Tarn durcit la protection des troupeaux et change drastiquement les r\u00e8gles de tir pour les \u00e9leveurs<\/a>\n    <\/p>\n<p>\u00ab\u00a0L\u2019intensification des suivis de terrain a permis de d\u00e9tecter la pr\u00e9sence de louveteaux, confirmant la reproduction du loup sur le massif du Pilat et attestant ainsi de la constitution d\u2019une premi\u00e8re meute sur ce territoire\u00a0\u00bb, a notamment indiqu\u00e9 la pr\u00e9fecture dans un communiqu\u00e9. Face \u00e0 la multitude d&rsquo;attaques sur les troupeaux, notamment de brebis, les \u00e9leveurs se sont prononc\u00e9s contre la pr\u00e9sence des loups par le pass\u00e9.<\/p>\n<p>Des lieutenants de louveterie mobilis\u00e9s<\/p>\n<p>Comme dans certains de nos d\u00e9partements Occitans, le pr\u00e9fet du Rh\u00f4ne \u00c9tienne Guyot a appuy\u00e9 et valid\u00e9 la mise en \u0153uvre de tirs de d\u00e9fense des troupeaux en compl\u00e9ment des autorisations d\u00e9j\u00e0 donn\u00e9es aux \u00e9leveurs. Des lieutenants de louveterie vont \u00eatre mobilis\u00e9s.<\/p>\n<p>Le loup \u00e9tant une esp\u00e8ce prot\u00e9g\u00e9e, le tuer peut exposer \u00e0 des poursuites p\u00e9nales&#8230; \u00ab\u00a0N\u00e9anmoins, dans le cas d\u2019une attaque sur des troupeaux domestiques, des tirs l\u00e9taux peuvent \u00eatre men\u00e9s \u00e0 certaines conditions et selon un cadre r\u00e9glementaire strict\u00a0\u00bb.<\/p>\n","protected":false},"excerpt":{"rendered":"l&rsquo;essentiel Depuis le d\u00e9but de l&rsquo;\u00e9t\u00e9, la pr\u00e9sence confirm\u00e9e d&rsquo;une meute de loups sur le massif du Pilat,&hellip;\n","protected":false},"author":2,"featured_media":1162770,"comment_status":"","ping_status":"","sticky":false,"template":"","format":"standard","meta":{"footnotes":"","_share_on_mastodon":"0"},"categories":[4],"tags":[11,1867,436,1011,27,12,25],"class_list":["post-1162769","post","type-post","status-publish","format-standard","has-post-thumbnail","category-france","tag-actualites","tag-animaux","tag-environnement","tag-fr","tag-france","tag-news","tag-republique-francaise"],"share_on_mastodon":{"url":"https:\/\/pubeurope.com\/@fr\/117200852288756960","error":""},"_links":{"self":[{"href":"https:\/\/www.europesays.com\/fr\/wp-json\/wp\/v2\/posts\/1162769","targetHints":{"allow":["GET"]}}],"collection":[{"href":"https:\/\/www.europesays.com\/fr\/wp-json\/wp\/v2\/posts"}],"about":[{"href":"https:\/\/www.europesays.com\/fr\/wp-json\/wp\/v2\/types\/post"}],"author":[{"embeddable":true,"href":"https:\/\/www.europesays.com\/fr\/wp-json\/wp\/v2\/users\/2"}],"replies":[{"embeddable":true,"href":"https:\/\/www.europesays.com\/fr\/wp-json\/wp\/v2\/comments?post=1162769"}],"version-history":[{"count":0,"href":"https:\/\/www.europesays.com\/fr\/wp-json\/wp\/v2\/posts\/1162769\/revisions"}],"wp:featuredmedia":[{"embeddable":true,"href":"https:\/\/www.europesays.com\/fr\/wp-json\/wp\/v2\/media\/1162770"}],"wp:attachment":[{"href":"https:\/\/www.europesays.com\/fr\/wp-json\/wp\/v2\/media?parent=1162769"}],"wp:term":[{"taxonomy":"category","embeddable":true,"href":"https:\/\/www.europesays.com\/fr\/wp-json\/wp\/v2\/categories?post=1162769"},{"taxonomy":"post_tag","embeddable":true,"href":"https:\/\/www.europesays.com\/fr\/wp-json\/wp\/v2\/tags?post=1162769"}],"curies":[{"name":"wp","href":"https:\/\/api.w.org\/{rel}","templated":true}]}}