{"id":1162776,"date":"2026-09-02T10:05:22","date_gmt":"2026-09-02T10:05:22","guid":{"rendered":"https:\/\/www.europesays.com\/fr\/1162776\/"},"modified":"2026-09-02T10:05:22","modified_gmt":"2026-09-02T10:05:22","slug":"savoie-ca-va-faire-pas-mal-dabsences-a-9-ans-valentin-jeune-espoir-de-la-moto-slalome-entre-le-cartable-et-le-guidon","status":"publish","type":"post","link":"https:\/\/www.europesays.com\/fr\/1162776\/","title":{"rendered":"Savoie. \u00ab\u00a0\u00c7a va faire pas mal d\u2019absences\u00a0\u00bb :\u00a0\u00e0 9 ans, Valentin, jeune espoir de la moto, slalome entre le cartable et le guidon"},"content":{"rendered":"<p>Pour Valentin Lacroix, la rentr\u00e9e ne se joue uniquement derri\u00e8re un tableau noir. \u00c0 peine le cartable retrouv\u00e9, le jeune pilote de 9\u00a0ans doit d\u00e9j\u00e0 penser au prochain circuit. Cette saison, ses bons r\u00e9sultats en mini moto lui ont permis d\u2019encha\u00eener les podiums. Troisi\u00e8me \u00e0 Vaison (Vaucluse), en mars, puis \u00e0 Marcillat (Allier), en mai, il a \u00e9galement d\u00e9croch\u00e9 la troisi\u00e8me place \u00e0 Varennes-sur-Allier (Allier), en juillet, apr\u00e8s avoir d\u00fb composer quelques semaines plus t\u00f4t avec une grosse chute au Creusot (Sa\u00f4ne-et-Loire).<\/p>\n<p>Une passion qui d\u00e9borde largement sur la semaine<\/p>\n<p>Lorsqu\u2019on lui demande s\u2019il a eu peur lors de sa chute, Valentin r\u00e9pond simplement\u00a0: \u00ab\u00a0Je sais ce que \u00e7a fait quand tu prends une glisse et que tu tombes \u00e0 l\u2019arr\u00eat.\u00a0\u00bb Un&#8230;<\/p>\n","protected":false},"excerpt":{"rendered":"Pour Valentin Lacroix, la rentr\u00e9e ne se joue uniquement derri\u00e8re un tableau noir. \u00c0 peine le cartable retrouv\u00e9,&hellip;\n","protected":false},"author":2,"featured_media":1162777,"comment_status":"","ping_status":"","sticky":false,"template":"","format":"standard","meta":{"footnotes":"","_share_on_mastodon":"0"},"categories":[1411],"tags":[1687,1154,207,7001,1057,119682,107,1011,27,35760,10425,5508,60],"class_list":["post-1162776","post","type-post","status-publish","format-standard","has-post-thumbnail","category-cyclisme","tag-culture-loisirs","tag-cycling","tag-cyclisme","tag-edition-chambery-aix-les-bains","tag-education","tag-entrelacs","tag-fil-info","tag-fr","tag-france","tag-le-lac","tag-maternelle-elementaire","tag-savoie","tag-sports"],"share_on_mastodon":{"url":"https:\/\/pubeurope.com\/@fr\/117200888012099103","error":""},"_links":{"self":[{"href":"https:\/\/www.europesays.com\/fr\/wp-json\/wp\/v2\/posts\/1162776","targetHints":{"allow":["GET"]}}],"collection":[{"href":"https:\/\/www.europesays.com\/fr\/wp-json\/wp\/v2\/posts"}],"about":[{"href":"https:\/\/www.europesays.com\/fr\/wp-json\/wp\/v2\/types\/post"}],"author":[{"embeddable":true,"href":"https:\/\/www.europesays.com\/fr\/wp-json\/wp\/v2\/users\/2"}],"replies":[{"embeddable":true,"href":"https:\/\/www.europesays.com\/fr\/wp-json\/wp\/v2\/comments?post=1162776"}],"version-history":[{"count":0,"href":"https:\/\/www.europesays.com\/fr\/wp-json\/wp\/v2\/posts\/1162776\/revisions"}],"wp:featuredmedia":[{"embeddable":true,"href":"https:\/\/www.europesays.com\/fr\/wp-json\/wp\/v2\/media\/1162777"}],"wp:attachment":[{"href":"https:\/\/www.europesays.com\/fr\/wp-json\/wp\/v2\/media?parent=1162776"}],"wp:term":[{"taxonomy":"category","embeddable":true,"href":"https:\/\/www.europesays.com\/fr\/wp-json\/wp\/v2\/categories?post=1162776"},{"taxonomy":"post_tag","embeddable":true,"href":"https:\/\/www.europesays.com\/fr\/wp-json\/wp\/v2\/tags?post=1162776"}],"curies":[{"name":"wp","href":"https:\/\/api.w.org\/{rel}","templated":true}]}}