{"id":1162794,"date":"2026-09-02T10:16:28","date_gmt":"2026-09-02T10:16:28","guid":{"rendered":"https:\/\/www.europesays.com\/fr\/1162794\/"},"modified":"2026-09-02T10:16:28","modified_gmt":"2026-09-02T10:16:28","slug":"ses-photos-font-rever-les-internautes-flavien-beauvais-toute-la-beaute-du-ciel-dans-loeil-dun-charentais","status":"publish","type":"post","link":"https:\/\/www.europesays.com\/fr\/1162794\/","title":{"rendered":"Ses photos font r\u00eaver les internautes: Flavien Beauvais, toute la beaut\u00e9 du ciel dans l\u2019oeil d\u2019un Charentais"},"content":{"rendered":"<p>        <img decoding=\"async\" id=\"30418895\" src=\"https:\/\/www.europesays.com\/fr\/wp-content\/uploads\/2026\/09\/763378788-18173653258429604-8773330939700377647-n.jpg\" itemprop=\"contentURL\"\/><\/p>\n<p>Flavien Beauvais<\/p>\n<p>Il offre au grand public une loupe pour admirer les astres sous toutes leurs coutures. Donne \u00e0 voir des couleurs, des ambiances&#8230;<\/p>\n<p>        <img decoding=\"async\" id=\"30418895\" src=\"https:\/\/www.europesays.com\/fr\/wp-content\/uploads\/2026\/09\/763378788-18173653258429604-8773330939700377647-n.jpg\" itemprop=\"contentURL\"\/><\/p>\n<p>Flavien Beauvais<\/p>\n<p>Il offre au grand public une loupe pour admirer les astres sous toutes leurs coutures. Donne \u00e0 voir des couleurs, des ambiances. C\u2019est surtout pour lui une qu\u00eate d\u2019absolu qui le d\u00e9passe, l\u2019exalte et peut-\u00eatre m\u00eame l\u2019apaise. Il n\u2019y a qu\u2019\u00e0 l\u2019\u00e9couter parler de ses nuits d\u2019observation \u00e0 pointer ses objectifs vers le ciel.<\/p>\n<p>    La r\u00e9daction vous conseille<\/p>\n<p>\u00ab\u00a0L\u2019ambiance de nuit est incroyable.\u00a0\u00bb Ce qui le marque\u00a0? \u00ab\u00a0Le calme\u2026 Je n\u2019aime pas les grandes villes, le bruit. Quand je suis seul devant un ch\u00e2teau, la nuit, je suis bien, je suis dans mon \u00e9l\u00e9ment. Juste avec le \u2018clac clac\u2019 de l\u2019appareil.\u00a0\u00bb Il peut y passer les trois quarts de la nuit. \u00ab\u00a0C\u2019est une vie en d\u00e9cal\u00e9, c\u2019est vrai.\u00a0\u00bb Il n\u2019aime rien de plus que la nature, r\u00eave \u00ab\u00a0de vivre \u00e0 la montagne, dans un tout petit village\u00a0\u00bb, au plus pr\u00e8s des \u00e9toiles, loin de la pollution lumineuse.<\/p>\n<p>85\u00a0000 abonn\u00e9s<\/p>\n<p>Il pourrait parler des heures \u00ab\u00a0des perspectives de nuit qui n\u2019ont rien \u00e0 voir\u00a0\u00bb, de cette atmosph\u00e8re qui ne semble appartenir qu\u2019\u00e0 lui et, de fa\u00e7on plus pragmatique, de la technique parfaite pour obtenir la meilleure photo.<\/p>\n<p>Astrophotographe suivi par 85\u00a0000\u00a0personnes <a href=\"https:\/\/www.instagram.com\/flavien_pics\/\" target=\"_blank\" rel=\"nofollow noopener\">sur les r\u00e9seaux sociaux<\/a>, Flavien Beauvais veut se d\u00e9finir comme \u00ab\u00a0vulgarisateur scientifique par l\u2019image\u00a0\u00bb. Au fil des ann\u00e9es, il est devenu une r\u00e9f\u00e9rence en la mati\u00e8re. On l\u2019invite d\u00e9sormais au salon de la photo \u00e0 Paris. L\u2019an pass\u00e9, il y a donn\u00e9 une conf\u00e9rence sur le th\u00e8me \u00ab\u00a0comment d\u00e9buter en astrophotographie\u00a0\u00bb. \u00ab\u00a0J\u2019aime conseiller les autres, car moi, j\u2019ai d\u00fb me d\u00e9brouiller tout seul.\u00a0\u00bb<\/p>\n<p>        <img decoding=\"async\" id=\"30418924\" src=\"https:\/\/www.europesays.com\/fr\/wp-content\/uploads\/2026\/09\/753204604-18172207459429604-4599322476801459569-n.jpg\" alt=\"Ici dans le d\u00e9sert d\u2019Atacama, au Chili.\" itemprop=\"contentURL\"\/><\/p>\n<p>    Ici dans le d\u00e9sert d\u2019Atacama, au Chili.<\/p>\n<p>Flavien Beauvais<\/p>\n<p>C\u2019\u00e9tait il y a neuf ans. \u00c0 l\u2019\u00e9poque, l\u2019ado d\u00e9couvre une photo de la Voie lact\u00e9e. \u00ab\u00a0J\u2019\u00e9tais impressionn\u00e9.\u00a0\u00bb Chez ses parents, en Seine-et-Marne, il commence \u00e0 explorer les possibilit\u00e9s de l\u2019appareil photo de son p\u00e8re. \u00ab\u00a0Un Canon 7D premi\u00e8re g\u00e9n\u00e9ration. Les premiers r\u00e9sultats \u00e9taient affreux mais moi, j\u2019\u00e9tais super content. J\u2019ai pass\u00e9 des nuits blanches \u00e0 manipuler le bo\u00eetier, apprendre \u00e0 le conna\u00eetre pour l\u2019utiliser la nuit.\u00a0\u00bb Il a aussi regard\u00e9 beaucoup de tutos, explor\u00e9 les forums anglophones en bon autodidacte alors que personne dans son entourage ne travaille dans cet univers. Les progr\u00e8s sont l\u00e0 et il y a cinq ans, un de ses r\u00e9els (une vid\u00e9o sur les r\u00e9seaux sociaux) explose. 60\u00a0000 vues. Des dizaines de milliers d\u2019internautes se mettent \u00e0 le suivre.<\/p>\n<p>        <img decoding=\"async\" id=\"30418918\" src=\"https:\/\/www.europesays.com\/fr\/wp-content\/uploads\/2026\/09\/753205146-18172207408429604-6004756077602429220-n.jpg\" alt=\"Le ch\u00e2teau de Villebois photographi\u00e9 par Flavien Beauvais.\" itemprop=\"contentURL\"\/><\/p>\n<p>    Le ch\u00e2teau de Villebois photographi\u00e9 par Flavien Beauvais.<\/p>\n<p>Flavien Beauvais.<\/p>\n<p>Il y a plusieurs mois, sa passion l\u2019a emmen\u00e9 au Chili dans le d\u00e9sert d\u2019Atacama, \u00e0 2\u00a0500\u00a0m d\u2019altitude, en partenariat avec l\u2019ESO\u00a0: The European Organisation for Astronomical Research. Il y a vu \u00ab\u00a0l\u2019un des plus beaux ciels nocturnes du monde\u00a0\u00bb. Quatorze nuits \u00e0 contempler, \u00e0 photographier pour en tirer des images somptueuses. Il ambitionne d\u2019y revenir avec ses camarades de la French astro touch, un groupe de passionn\u00e9s. Il r\u00eave aussi de Nouvelle-Z\u00e9lande, de Namibie et de l\u2019Islande, ces hauts lieux mondiaux de l\u2019observation astronomique. Dans son \u00ab\u00a0Top 1 ou Top 2\u00a0\u00bb, il garde tout de m\u00eame le souvenir de l\u2019\u00e9clipse du 12\u00a0ao\u00fbt dernier v\u00e9cue depuis l\u2019Espagne.<\/p>\n<p>    La r\u00e9daction vous conseille<\/p>\n<p>Mais qu\u2019on ne s\u2019y trompe pas, Flavien Beauvais n\u2019a pas fait de son art un m\u00e9tier. Il pourrait vivre de sa passion, accepter quantit\u00e9 de collaborations tel un influenceur et devenir panneau publicitaire. \u00ab\u00a0Mais tout ce qui ne touche pas \u00e0 mon domaine, je refuse\u00a0\u00bb, tranche-t-il. Cela ne lui laisse pas beaucoup de temps. Entre sa passion, la course \u00e0 pied &#8211; il ambitionne de courir un trail \u00e0 Mad\u00e8re ainsi que la Saint\u00e9-Lyon l\u2019ann\u00e9e prochaine &#8211; et son emploi, son agenda est d\u00e9j\u00e0 bien rempli\u2026 y compris la nuit.<\/p>\n<blockquote><p>\u00ab\u00a0Quand je suis seul devant un ch\u00e2teau, la nuit, je suis bien, je suis dans mon \u00e9l\u00e9ment.\u00a0\u00bb<\/p><\/blockquote>\n<p>Titulaire d\u2019une licence pro environnementale, il travaille au bureau d\u2019\u00e9tudes Adev Environnement \u00e0 Gond-Pontouvre. Il est naturaliste et doit mesurer l\u2019impact de projets photovolta\u00efques ou \u00e9oliens sur la faune et la flore. Cela peut l\u2019amener \u00e0 travailler de nuit pour observer les grenouilles, par exemple. La nature, encore et toujours.<\/p>\n<p><script async src=\"\/\/www.instagram.com\/embed.js\"><\/script><\/p>\n","protected":false},"excerpt":{"rendered":"Flavien Beauvais Il offre au grand public une loupe pour admirer les astres sous toutes leurs coutures. Donne&hellip;\n","protected":false},"author":2,"featured_media":1162795,"comment_status":"","ping_status":"","sticky":false,"template":"","format":"standard","meta":{"footnotes":"","_share_on_mastodon":"0"},"categories":[7],"tags":[1011,27,43,40,41,39,42,44],"class_list":["post-1162794","post","type-post","status-publish","format-standard","has-post-thumbnail","category-sciences-et-technologies","tag-fr","tag-france","tag-science","tag-science-and-technology","tag-sciences","tag-sciences-et-technologies","tag-technologies","tag-technology"],"share_on_mastodon":{"url":"https:\/\/pubeurope.com\/@fr\/117200933950174875","error":""},"_links":{"self":[{"href":"https:\/\/www.europesays.com\/fr\/wp-json\/wp\/v2\/posts\/1162794","targetHints":{"allow":["GET"]}}],"collection":[{"href":"https:\/\/www.europesays.com\/fr\/wp-json\/wp\/v2\/posts"}],"about":[{"href":"https:\/\/www.europesays.com\/fr\/wp-json\/wp\/v2\/types\/post"}],"author":[{"embeddable":true,"href":"https:\/\/www.europesays.com\/fr\/wp-json\/wp\/v2\/users\/2"}],"replies":[{"embeddable":true,"href":"https:\/\/www.europesays.com\/fr\/wp-json\/wp\/v2\/comments?post=1162794"}],"version-history":[{"count":0,"href":"https:\/\/www.europesays.com\/fr\/wp-json\/wp\/v2\/posts\/1162794\/revisions"}],"wp:featuredmedia":[{"embeddable":true,"href":"https:\/\/www.europesays.com\/fr\/wp-json\/wp\/v2\/media\/1162795"}],"wp:attachment":[{"href":"https:\/\/www.europesays.com\/fr\/wp-json\/wp\/v2\/media?parent=1162794"}],"wp:term":[{"taxonomy":"category","embeddable":true,"href":"https:\/\/www.europesays.com\/fr\/wp-json\/wp\/v2\/categories?post=1162794"},{"taxonomy":"post_tag","embeddable":true,"href":"https:\/\/www.europesays.com\/fr\/wp-json\/wp\/v2\/tags?post=1162794"}],"curies":[{"name":"wp","href":"https:\/\/api.w.org\/{rel}","templated":true}]}}