{"id":1162800,"date":"2026-09-02T10:20:17","date_gmt":"2026-09-02T10:20:17","guid":{"rendered":"https:\/\/www.europesays.com\/fr\/1162800\/"},"modified":"2026-09-02T10:20:17","modified_gmt":"2026-09-02T10:20:17","slug":"jean-michel-aulas-perd-encore-face-a-rue89lyon-la-justice-confirme-la-relaxe","status":"publish","type":"post","link":"https:\/\/www.europesays.com\/fr\/1162800\/","title":{"rendered":"Jean-Michel Aulas perd encore face \u00e0 Rue89Lyon : la justice confirme la relaxe"},"content":{"rendered":"<p class=\"gmail-isSelectedEnd\">Ce mardi 1er septembre, la cour d\u2019appel de Lyon a confirm\u00e9 la d\u00e9cision rendue en premi\u00e8re instance et relax\u00e9 le m\u00e9dia lyonnais poursuivi pour diffamation.<\/p>\n<p class=\"gmail-isSelectedEnd\">L\u2019affaire remonte \u00e0 octobre 2023 et \u00e0 la publication d\u2019une enqu\u00eate de Rue89Lyon intitul\u00e9e \u00ab\u00a0Les Aulas s\u2019envolent en jet priv\u00e9 vers les paradis fiscaux\u00a0\u00bb. Celle-ci s\u2019int\u00e9ressait notamment \u00e0 l\u2019investissement de la holding Holnest dans un a\u00e9roport destin\u00e9 aux jets priv\u00e9s aux \u00c9tats-Unis.<\/p>\n<p class=\"gmail-isSelectedEnd\">Jean-Michel Aulas et son fils Alexandre avaient d\u00e9cid\u00e9 de poursuivre le m\u00e9dia, consid\u00e9rant que les propos publi\u00e9s et les insinuations relatives \u00e0 une pr\u00e9tendue \u00e9vasion fiscale portaient atteinte \u00e0 leur honneur et \u00e0 leur r\u00e9putation.<\/p>\n<p>La relaxe de Rue89Lyon confirm\u00e9e en appel<\/p>\n<p class=\"gmail-isSelectedEnd\">En janvier dernier, les juges de la chambre de la presse avaient d\u00e9j\u00e0 donn\u00e9 raison \u00e0 Rue89Lyon, estimant que l\u2019article ne contenait pas \u00ab\u00a0d\u2019all\u00e9gations diffamatoires.\u00a0\u00bb<\/p>\n<p class=\"gmail-isSelectedEnd\">Jean-Michel et Alexandre Aulas avaient imm\u00e9diatement annonc\u00e9 leur intention de faire appel. Un recours qui n\u2019a donc pas permis d\u2019inverser la d\u00e9cision.<\/p>\n<p class=\"gmail-isSelectedEnd\">\u00ab\u00a0Le juge de la cour d\u2019appel a confirm\u00e9 la d\u00e9cision prise en premi\u00e8re instance et relax\u00e9 notre m\u00e9dia. Par deux fois, le s\u00e9rieux de notre enqu\u00eate a \u00e9t\u00e9 reconnu\u00a0\u00bb, s\u2019est f\u00e9licit\u00e9 ce mardi Pierre Lemerle, directeur de la publication de Rue89Lyon.<\/p>\n<p class=\"gmail-isSelectedEnd\">La cour d\u2019appel n\u2019a toutefois pas confirm\u00e9 l\u2019int\u00e9gralit\u00e9 du jugement de premi\u00e8re instance. La d\u00e9cision imposant aux Aulas de rembourser les frais d\u2019avocats du m\u00e9dia n\u2019a cette fois pas \u00e9t\u00e9 retenue.<\/p>\n<p>Rue89Lyon d\u00e9nonce une \u00ab proc\u00e9dure b\u00e2illon \u00bb<\/p>\n<p class=\"gmail-isSelectedEnd\">Dans une longue publication diffus\u00e9e apr\u00e8s le d\u00e9lib\u00e9r\u00e9, Pierre Lemerle revient \u00e9galement sur les cons\u00e9quences financi\u00e8res de cette proc\u00e9dure pour sa r\u00e9daction.<\/p>\n<p class=\"gmail-isSelectedEnd\">Le journaliste assure ne pas contester le droit de Jean-Michel et Alexandre Aulas de saisir la justice s\u2019ils s\u2019estiment diffam\u00e9s. Il regrette en revanche que les deux hommes aient, selon lui, refus\u00e9 de r\u00e9pondre aux sollicitations du m\u00e9dia avant d&rsquo;engager des poursuites.<\/p>\n<p class=\"gmail-isSelectedEnd\">Rue89Lyon assume ainsi de qualifier cette action de \u00ab\u00a0proc\u00e9dure b\u00e2illon\u00a0\u00bb. Pierre Lemerle oppose notamment les moyens financiers de Jean-Michel Aulas, dont il estime la fortune \u00e0 plusieurs centaines de millions d\u2019euros, \u00e0 ceux de son m\u00e9dia, compos\u00e9 de quatre journalistes.<\/p>\n<p class=\"gmail-isSelectedEnd\">Il souligne \u00e9galement que Jean-Michel et Alexandre Aulas ne se sont, selon lui, \u00ab jamais point\u00e9s au tribunal \u00bb.<\/p>\n<p>Un pourvoi en cassation d\u00e9sormais possible<\/p>\n<p class=\"gmail-isSelectedEnd\">Cette d\u00e9cision vient clore, au moins provisoirement, une proc\u00e9dure judiciaire entam\u00e9e il y a pr\u00e8s de trois ans. Elle intervient \u00e9galement quelques mois apr\u00e8s une s\u00e9quence politique difficile pour Jean-Michel Aulas. Apr\u00e8s une campagne municipale difficile qui n\u2019a pas permis \u00e0 l\u2019ancien pr\u00e9sident de l\u2019OL de conqu\u00e9rir la mairie de Lyon. Son nom a depuis \u00e9t\u00e9 associ\u00e9 \u00e0 plusieurs s\u00e9quences m\u00e9diatiques d\u00e9favorables, notamment autour de l\u2019affaire Roman Abreu.<\/p>\n<p class=\"gmail-isSelectedEnd\">Le dossier Rue89Lyon n\u2019est toutefois peut-\u00eatre pas d\u00e9finitivement termin\u00e9. Jean-Michel et Alexandre Aulas disposent encore de la possibilit\u00e9 de se pourvoir en cassation.<\/p>\n","protected":false},"excerpt":{"rendered":"Ce mardi 1er septembre, la cour d\u2019appel de Lyon a confirm\u00e9 la d\u00e9cision rendue en premi\u00e8re instance et&hellip;\n","protected":false},"author":2,"featured_media":1162801,"comment_status":"","ping_status":"","sticky":false,"template":"","format":"standard","meta":{"footnotes":"","_share_on_mastodon":"0"},"categories":[4],"tags":[1111,11,2813,2190,1109,251,1112,2811,118,1011,27,1922,1110,1114,2428,2810,12,241,316,25,2812,517,800],"class_list":["post-1162800","post","type-post","status-publish","format-standard","has-post-thumbnail","category-france","tag-actu","tag-actualites","tag-article","tag-asvel","tag-breves","tag-culture","tag-depeches","tag-economique","tag-faits-divers","tag-fr","tag-france","tag-info","tag-informations","tag-infos","tag-lyon","tag-lyonmag","tag-news","tag-ol","tag-politique","tag-republique-francaise","tag-sociale","tag-sport","tag-transports"],"share_on_mastodon":{"url":"https:\/\/pubeurope.com\/@fr\/117200946733054695","error":""},"_links":{"self":[{"href":"https:\/\/www.europesays.com\/fr\/wp-json\/wp\/v2\/posts\/1162800","targetHints":{"allow":["GET"]}}],"collection":[{"href":"https:\/\/www.europesays.com\/fr\/wp-json\/wp\/v2\/posts"}],"about":[{"href":"https:\/\/www.europesays.com\/fr\/wp-json\/wp\/v2\/types\/post"}],"author":[{"embeddable":true,"href":"https:\/\/www.europesays.com\/fr\/wp-json\/wp\/v2\/users\/2"}],"replies":[{"embeddable":true,"href":"https:\/\/www.europesays.com\/fr\/wp-json\/wp\/v2\/comments?post=1162800"}],"version-history":[{"count":0,"href":"https:\/\/www.europesays.com\/fr\/wp-json\/wp\/v2\/posts\/1162800\/revisions"}],"wp:featuredmedia":[{"embeddable":true,"href":"https:\/\/www.europesays.com\/fr\/wp-json\/wp\/v2\/media\/1162801"}],"wp:attachment":[{"href":"https:\/\/www.europesays.com\/fr\/wp-json\/wp\/v2\/media?parent=1162800"}],"wp:term":[{"taxonomy":"category","embeddable":true,"href":"https:\/\/www.europesays.com\/fr\/wp-json\/wp\/v2\/categories?post=1162800"},{"taxonomy":"post_tag","embeddable":true,"href":"https:\/\/www.europesays.com\/fr\/wp-json\/wp\/v2\/tags?post=1162800"}],"curies":[{"name":"wp","href":"https:\/\/api.w.org\/{rel}","templated":true}]}}