{"id":1162821,"date":"2026-09-02T10:34:23","date_gmt":"2026-09-02T10:34:23","guid":{"rendered":"https:\/\/www.europesays.com\/fr\/1162821\/"},"modified":"2026-09-02T10:34:23","modified_gmt":"2026-09-02T10:34:23","slug":"grenoble-quatre-vehicules-detruits-par-le-feu-dans-la-nuit-de-mardi-a-mercredi","status":"publish","type":"post","link":"https:\/\/www.europesays.com\/fr\/1162821\/","title":{"rendered":"Grenoble. Quatre v\u00e9hicules d\u00e9truits par le feu dans la nuit de mardi \u00e0 mercredi"},"content":{"rendered":"<p>Quatre v\u00e9hicules ont \u00e9t\u00e9 d\u00e9truits \u00e0 Grenoble au cours de la nuit de mardi \u00e0 mercredi par des incendies dont l\u2019origine n\u2019a pas \u00e9t\u00e9 d\u00e9termin\u00e9e.<\/p>\n<p>Le premier s\u2019est produit peu apr\u00e8s 23 heures au niveau du 17 rue Marie-Chamoux, dans le quartier de l\u2019Abbaye, et a concern\u00e9 un Citro\u00ebn C8.<\/p>\n<p>Le second a eu lieu peu avant 2 heures au 16 avenue Paul-Cocat, dans le quartier Teisseire\u00a0: trois voitures -une Mazda, un Renault Sc\u00e9nic et une troisi\u00e8me dont la marque et le mod\u00e8le n\u2019ont pu \u00eatre identifi\u00e9es- ont \u00e9t\u00e9 compl\u00e8tement ravag\u00e9es par le feu.<\/p>\n","protected":false},"excerpt":{"rendered":"Quatre v\u00e9hicules ont \u00e9t\u00e9 d\u00e9truits \u00e0 Grenoble au cours de la nuit de mardi \u00e0 mercredi par des&hellip;\n","protected":false},"author":2,"featured_media":1162822,"comment_status":"","ping_status":"","sticky":false,"template":"","format":"standard","meta":{"footnotes":"","_share_on_mastodon":"0"},"categories":[9566],"tags":[1111,11,2430,271,272,112,1777,674,274,1011,27,2731,2732,1310,108,12,25],"class_list":["post-1162821","post","type-post","status-publish","format-standard","has-post-thumbnail","category-grenoble","tag-actu","tag-actualites","tag-auvergne-rhone-alpes","tag-crime","tag-delit-et-contravention","tag-edition-grenoble-agglomeration","tag-eu","tag-europe","tag-faits-divers-justice","tag-fr","tag-france","tag-grenoble","tag-grenoble-bassin","tag-incendie","tag-isere","tag-news","tag-republique-francaise"],"share_on_mastodon":{"url":"https:\/\/pubeurope.com\/@fr\/117201001856021301","error":""},"_links":{"self":[{"href":"https:\/\/www.europesays.com\/fr\/wp-json\/wp\/v2\/posts\/1162821","targetHints":{"allow":["GET"]}}],"collection":[{"href":"https:\/\/www.europesays.com\/fr\/wp-json\/wp\/v2\/posts"}],"about":[{"href":"https:\/\/www.europesays.com\/fr\/wp-json\/wp\/v2\/types\/post"}],"author":[{"embeddable":true,"href":"https:\/\/www.europesays.com\/fr\/wp-json\/wp\/v2\/users\/2"}],"replies":[{"embeddable":true,"href":"https:\/\/www.europesays.com\/fr\/wp-json\/wp\/v2\/comments?post=1162821"}],"version-history":[{"count":0,"href":"https:\/\/www.europesays.com\/fr\/wp-json\/wp\/v2\/posts\/1162821\/revisions"}],"wp:featuredmedia":[{"embeddable":true,"href":"https:\/\/www.europesays.com\/fr\/wp-json\/wp\/v2\/media\/1162822"}],"wp:attachment":[{"href":"https:\/\/www.europesays.com\/fr\/wp-json\/wp\/v2\/media?parent=1162821"}],"wp:term":[{"taxonomy":"category","embeddable":true,"href":"https:\/\/www.europesays.com\/fr\/wp-json\/wp\/v2\/categories?post=1162821"},{"taxonomy":"post_tag","embeddable":true,"href":"https:\/\/www.europesays.com\/fr\/wp-json\/wp\/v2\/tags?post=1162821"}],"curies":[{"name":"wp","href":"https:\/\/api.w.org\/{rel}","templated":true}]}}