{"id":1162852,"date":"2026-09-02T10:53:22","date_gmt":"2026-09-02T10:53:22","guid":{"rendered":"https:\/\/www.europesays.com\/fr\/1162852\/"},"modified":"2026-09-02T10:53:22","modified_gmt":"2026-09-02T10:53:22","slug":"une-grande-reconnaissance-le-contre-amiral-geraud-cazenave-a-la-tete-des-marins-pompiers-et-de-la-marine-a-marseille","status":"publish","type":"post","link":"https:\/\/www.europesays.com\/fr\/1162852\/","title":{"rendered":"\u00ab\u00a0Une grande reconnaissance\u00a0\u00bb, le contre-amiral G\u00e9raud Cazenave \u00e0 la t\u00eate des marins-pompiers et de la Marine \u00e0 Marseille"},"content":{"rendered":"<p><strong>\u00c0 titre personnel, comment consid\u00e9rez-vous cette nomination\u00a0? Comme un nouveau chapitre dans votre parcours ou comme un aboutissement\u00a0?<\/strong>&#13;\n<\/p>\n<p>Ce n\u2019est pas un aboutissement parce qu\u2019il ne faut jamais s\u2019installer. Je vois donc cette nomination davantage comme une \u00e9tape. En revanche, d\u2019une certaine fa\u00e7on, c\u2019est aussi la concr\u00e9tisation d\u2019un r\u00eave parce que cette affectation est passionnante.<\/p>\n<p>La mission du <a href=\"https:\/\/www.laprovence.com\/article\/faits-divers-justice\/4777629334952614\/incendies-double-intervention-des-marins-pompiers-pour-des-feux-d-appartement-a-marseille-ce-samedi\" target=\"_self\" rel=\"nofollow noopener\">bataillon de marins-pompiers de Marseille<\/a> (BMPM, NDLR), qui est au service des Marseillais et plus largement des Fran\u00e7ais dans les moments qui leur sont le plus difficile, a vraiment beaucoup de sens et fait \u00e9cho \u00e0 ma vocation militaire qui consiste \u00e0 \u0153uvrer pour la protection des Fran\u00e7ais.<\/p>\n<p>\n<a href=\"https:\/\/www.laprovence.com\/article\/region\/36503273388294\/en-toute-situation-ils-sont-la-pour-nous-aider-une-nuit-avec-les-marins-pompiers-de-marseille\" target=\"_self\" rel=\"nofollow noopener\">Au Bataillon, avec plus de 300 op\u00e9rations par jour<\/a>, on est concr\u00e8tement plong\u00e9s en permanence dans les op\u00e9rations et on n\u2019est pas uniquement dans la pr\u00e9paration d\u2019un avenir hypoth\u00e9tique. On est v\u00e9ritablement en prise avec la mission. Le quotidien a donc une signification r\u00e9elle et imm\u00e9diate. C\u2019est la raison pour laquelle \u00e7a me motive et \u00e7a me passionne beaucoup.<\/p>\n<p>Le Bataillon est une tr\u00e8s grande unit\u00e9 compos\u00e9e de 2\u00a0600 personnes, la plus grande de <a href=\"https:\/\/www.laprovence.com\/article\/region\/97066997899721\/experiences-formations-metiers-de-belles-perspectives-davenir-a-la-marine-nationale\" target=\"_self\" rel=\"nofollow noopener\">la Marine nationale<\/a> et qui, \u00e0 ce titre, peut presque \u00eatre&#8230;<\/p>\n","protected":false},"excerpt":{"rendered":"\u00c0 titre personnel, comment consid\u00e9rez-vous cette nomination\u00a0? Comme un nouveau chapitre dans votre parcours ou comme un aboutissement\u00a0?&#13;&hellip;\n","protected":false},"author":2,"featured_media":1162853,"comment_status":"","ping_status":"","sticky":false,"template":"","format":"standard","meta":{"footnotes":"","_share_on_mastodon":"0"},"categories":[2814],"tags":[5734,1111,11,71932,119688,1777,674,1011,27,119689,4027,884,12,882,2689,25,104,17643,96],"class_list":["post-1162852","post","type-post","status-publish","format-standard","has-post-thumbnail","category-marseille","tag-5734","tag-actu","tag-actualites","tag-cazenave","tag-contre-amiral","tag-eu","tag-europe","tag-fr","tag-france","tag-geraud","tag-grande","tag-marseille","tag-news","tag-provence-alpes-cote-dazur","tag-reconnaissance","tag-republique-francaise","tag-societe","tag-tete","tag-une"],"share_on_mastodon":{"url":"https:\/\/pubeurope.com\/@fr\/117201076458702437","error":""},"_links":{"self":[{"href":"https:\/\/www.europesays.com\/fr\/wp-json\/wp\/v2\/posts\/1162852","targetHints":{"allow":["GET"]}}],"collection":[{"href":"https:\/\/www.europesays.com\/fr\/wp-json\/wp\/v2\/posts"}],"about":[{"href":"https:\/\/www.europesays.com\/fr\/wp-json\/wp\/v2\/types\/post"}],"author":[{"embeddable":true,"href":"https:\/\/www.europesays.com\/fr\/wp-json\/wp\/v2\/users\/2"}],"replies":[{"embeddable":true,"href":"https:\/\/www.europesays.com\/fr\/wp-json\/wp\/v2\/comments?post=1162852"}],"version-history":[{"count":0,"href":"https:\/\/www.europesays.com\/fr\/wp-json\/wp\/v2\/posts\/1162852\/revisions"}],"wp:featuredmedia":[{"embeddable":true,"href":"https:\/\/www.europesays.com\/fr\/wp-json\/wp\/v2\/media\/1162853"}],"wp:attachment":[{"href":"https:\/\/www.europesays.com\/fr\/wp-json\/wp\/v2\/media?parent=1162852"}],"wp:term":[{"taxonomy":"category","embeddable":true,"href":"https:\/\/www.europesays.com\/fr\/wp-json\/wp\/v2\/categories?post=1162852"},{"taxonomy":"post_tag","embeddable":true,"href":"https:\/\/www.europesays.com\/fr\/wp-json\/wp\/v2\/tags?post=1162852"}],"curies":[{"name":"wp","href":"https:\/\/api.w.org\/{rel}","templated":true}]}}