{"id":1162874,"date":"2026-09-02T11:08:11","date_gmt":"2026-09-02T11:08:11","guid":{"rendered":"https:\/\/www.europesays.com\/fr\/1162874\/"},"modified":"2026-09-02T11:08:11","modified_gmt":"2026-09-02T11:08:11","slug":"consomac-apple-maps-le-lac-ontario-devient-lake-america-aux-etats-unis","status":"publish","type":"post","link":"https:\/\/www.europesays.com\/fr\/1162874\/","title":{"rendered":"Consomac : Apple Maps\u00a0: le lac Ontario devient Lake America aux \u00c9tats-Unis"},"content":{"rendered":"<p>        Apr\u00e8s <a href=\"https:\/\/consomac.fr\/news-20573-le-golfe-d-amerique-fait-son-apparition-sur-apple-maps.html\" target=\"_blank\" rel=\"nofollow noopener\">le golfe du Mexique devenu golfe d&rsquo;Am\u00e9rique<\/a> en f\u00e9vrier 2025, c&rsquo;est d\u00e9sormais le lac Ontario qui change de nom aux \u00c9tats-Unis. Par <a href=\"https:\/\/www.whitehouse.gov\/presidential-actions\/2026\/08\/honoring-the-american-history-of-the-great-lakes-and-renaming-lake-ontario-as-lake-america-3a36\/\" target=\"_blank\" rel=\"nofollow noopener\">un d\u00e9cret<\/a> datant du 27 ao\u00fbt, Donald Trump a ordonn\u00e9 son changement d&rsquo;appellation\u00a0: il s&rsquo;agit d\u00e9sormais du lac d&rsquo;Am\u00e9rique. En conflit commercial avec le Canada, le pr\u00e9sident am\u00e9ricain s&rsquo;est attaqu\u00e9 au nom du plus oriental des cinq Grands Lacs d&rsquo;Am\u00e9rique du Nord, \u00e0 la fronti\u00e8re am\u00e9ricano-canadienne. Et qu&rsquo;importe si la province d&rsquo;Ontario tire son nom du lac et non l&rsquo;inverse.<\/p>\n<p><img decoding=\"async\" class=\"imagebig\" src=\"https:\/\/www.europesays.com\/fr\/wp-content\/uploads\/2026\/09\/lake-america-apple-maps.jpg\" alt=\"Lake America sur Apple Maps\"\/><\/p>\n<p>Quelques jours apr\u00e8s Google Maps, Apple affiche d\u00e9sormais \u00ab\u00a0Lake America\u00a0\u00bb sur la version am\u00e9ricaine d&rsquo;Apple Maps. Au Canada et dans le reste du monde, il s&rsquo;agit toujours du lac d&rsquo;Ontario. Ces deux \u00e9diteurs ne prennent pas position dans les conflits toponymiques\u00a0: Apple et Google reprennent simplement les donn\u00e9es de la base GNIS \u00e9dit\u00e9e par le United States Board on Geographic Names, l&rsquo;\u00e9quivalent am\u00e9ricain de notre IGN. Ils n&rsquo;en ont cependant pas l&rsquo;obligation l\u00e9gale. Le service MapQuest a ainsi vu sa fr\u00e9quentation exploser apr\u00e8s <a href=\"https:\/\/x.com\/MapQuest\/status\/2093038963196117303?s=20\" target=\"_blank\" rel=\"nofollow\">avoir d\u00e9clar\u00e9<\/a> qu&rsquo;il ne ferait pas le changement&#8230;    <\/p>\n<p>\n            Des liens n&rsquo;apparaissent pas\u00a0? Des images sont manquantes\u00a0? Votre bloqueur de pub vous joue des<br \/>\n            tours. Pour visualiser tout notre contenu, merci de d\u00e9sactiver votre bloqueur de pub\u00a0!        <\/p>\n","protected":false},"excerpt":{"rendered":"Apr\u00e8s le golfe du Mexique devenu golfe d&rsquo;Am\u00e9rique en f\u00e9vrier 2025, c&rsquo;est d\u00e9sormais le lac Ontario qui change&hellip;\n","protected":false},"author":2,"featured_media":1162875,"comment_status":"","ping_status":"","sticky":false,"template":"","format":"standard","meta":{"footnotes":"","_share_on_mastodon":"0"},"categories":[1589],"tags":[15718,11,733,12791,7516,73,1866,4463,40390,655,40385,6049,40389,40386,40387,40388,40384,12,1669,1864,1865,1863,308],"class_list":["post-1162874","post","type-post","status-publish","format-standard","has-post-thumbnail","category-etats-unis","tag-achat","tag-actualites","tag-apple","tag-barometre","tag-conseil","tag-etats-unis","tag-etats-unis-damerique","tag-guide","tag-imac","tag-iphone","tag-ipod","tag-mac","tag-mac-mini","tag-macbook","tag-macbook-air","tag-macbook-pro","tag-macintosh","tag-news","tag-sorties","tag-united-states","tag-united-states-of-america","tag-us","tag-usa"],"share_on_mastodon":{"url":"https:\/\/pubeurope.com\/@fr\/117201137416936506","error":""},"_links":{"self":[{"href":"https:\/\/www.europesays.com\/fr\/wp-json\/wp\/v2\/posts\/1162874","targetHints":{"allow":["GET"]}}],"collection":[{"href":"https:\/\/www.europesays.com\/fr\/wp-json\/wp\/v2\/posts"}],"about":[{"href":"https:\/\/www.europesays.com\/fr\/wp-json\/wp\/v2\/types\/post"}],"author":[{"embeddable":true,"href":"https:\/\/www.europesays.com\/fr\/wp-json\/wp\/v2\/users\/2"}],"replies":[{"embeddable":true,"href":"https:\/\/www.europesays.com\/fr\/wp-json\/wp\/v2\/comments?post=1162874"}],"version-history":[{"count":0,"href":"https:\/\/www.europesays.com\/fr\/wp-json\/wp\/v2\/posts\/1162874\/revisions"}],"wp:featuredmedia":[{"embeddable":true,"href":"https:\/\/www.europesays.com\/fr\/wp-json\/wp\/v2\/media\/1162875"}],"wp:attachment":[{"href":"https:\/\/www.europesays.com\/fr\/wp-json\/wp\/v2\/media?parent=1162874"}],"wp:term":[{"taxonomy":"category","embeddable":true,"href":"https:\/\/www.europesays.com\/fr\/wp-json\/wp\/v2\/categories?post=1162874"},{"taxonomy":"post_tag","embeddable":true,"href":"https:\/\/www.europesays.com\/fr\/wp-json\/wp\/v2\/tags?post=1162874"}],"curies":[{"name":"wp","href":"https:\/\/api.w.org\/{rel}","templated":true}]}}