{"id":1162893,"date":"2026-09-02T11:21:17","date_gmt":"2026-09-02T11:21:17","guid":{"rendered":"https:\/\/www.europesays.com\/fr\/1162893\/"},"modified":"2026-09-02T11:21:17","modified_gmt":"2026-09-02T11:21:17","slug":"les-chiffres-de-la-longevite-de-gael-monfils-apres-sa-victoire-contre-adolfo-vallejo-au-premier-tour-de-lus-open","status":"publish","type":"post","link":"https:\/\/www.europesays.com\/fr\/1162893\/","title":{"rendered":"Les chiffres de la long\u00e9vit\u00e9 de Ga\u00ebl Monfils apr\u00e8s sa victoire contre Adolfo Vallejo au premier tour de l&rsquo;US Open"},"content":{"rendered":"<p>6<\/p>\n<p>\u00c0 40 ans et 0 jour, Monfils est le sixi\u00e8me joueur le plus \u00e2g\u00e9 \u00e0 avoir remport\u00e9 un match \u00e0 l&rsquo;US Open en simple hommes depuis le d\u00e9but de l&rsquo;\u00e8re Open en 1968. Il est devanc\u00e9 par Torben Ulrich (40 ans et 326 jours, 1969), Ken Rosewall (42 ans et 302 jours, 1977), Richard Pancho Gonzalez (43 ans et 114 jours, 1971), Vic Seixas (44 ans et 364 jours, 1968), et Pancho Segura (49 ans et 73 jours, 1970).<\/p>\n","protected":false},"excerpt":{"rendered":"6 \u00c0 40 ans et 0 jour, Monfils est le sixi\u00e8me joueur le plus \u00e2g\u00e9 \u00e0 avoir remport\u00e9&hellip;\n","protected":false},"author":2,"featured_media":1162894,"comment_status":"","ping_status":"","sticky":false,"template":"","format":"standard","meta":{"footnotes":"","_share_on_mastodon":"0"},"categories":[1415],"tags":[86760,1011,27,5385,1833,60,1467,4172],"class_list":["post-1162893","post","type-post","status-publish","format-standard","has-post-thumbnail","category-tennis","tag-actus-et-infos","tag-fr","tag-france","tag-gael-monfils","tag-redaction","tag-sports","tag-tennis","tag-us-open"],"share_on_mastodon":{"url":"https:\/\/pubeurope.com\/@fr\/117201186682086023","error":""},"_links":{"self":[{"href":"https:\/\/www.europesays.com\/fr\/wp-json\/wp\/v2\/posts\/1162893","targetHints":{"allow":["GET"]}}],"collection":[{"href":"https:\/\/www.europesays.com\/fr\/wp-json\/wp\/v2\/posts"}],"about":[{"href":"https:\/\/www.europesays.com\/fr\/wp-json\/wp\/v2\/types\/post"}],"author":[{"embeddable":true,"href":"https:\/\/www.europesays.com\/fr\/wp-json\/wp\/v2\/users\/2"}],"replies":[{"embeddable":true,"href":"https:\/\/www.europesays.com\/fr\/wp-json\/wp\/v2\/comments?post=1162893"}],"version-history":[{"count":0,"href":"https:\/\/www.europesays.com\/fr\/wp-json\/wp\/v2\/posts\/1162893\/revisions"}],"wp:featuredmedia":[{"embeddable":true,"href":"https:\/\/www.europesays.com\/fr\/wp-json\/wp\/v2\/media\/1162894"}],"wp:attachment":[{"href":"https:\/\/www.europesays.com\/fr\/wp-json\/wp\/v2\/media?parent=1162893"}],"wp:term":[{"taxonomy":"category","embeddable":true,"href":"https:\/\/www.europesays.com\/fr\/wp-json\/wp\/v2\/categories?post=1162893"},{"taxonomy":"post_tag","embeddable":true,"href":"https:\/\/www.europesays.com\/fr\/wp-json\/wp\/v2\/tags?post=1162893"}],"curies":[{"name":"wp","href":"https:\/\/api.w.org\/{rel}","templated":true}]}}