{"id":1162895,"date":"2026-09-02T11:25:20","date_gmt":"2026-09-02T11:25:20","guid":{"rendered":"https:\/\/www.europesays.com\/fr\/1162895\/"},"modified":"2026-09-02T11:25:20","modified_gmt":"2026-09-02T11:25:20","slug":"mathieu-lambert-arrete-la-competition-actualite","status":"publish","type":"post","link":"https:\/\/www.europesays.com\/fr\/1162895\/","title":{"rendered":"Mathieu Lambert arr\u00eate la comp\u00e9tition &#8211; Actualit\u00e9"},"content":{"rendered":"<p>Apr\u00e8s dix ans de comp\u00e9tition,<strong> <a href=\"https:\/\/www.directvelo.com\/coureur\/27323\/mathieu-lambert\" target=\"_blank\" rel=\"noopener nofollow\">Mathieu Lambert<\/a><\/strong> a d\u00e9cid\u00e9 de tourner la page. <\/p>\n<p>\u00ab\u00a0Je suis fier du chemin parcouru. Fier d&rsquo;avoir atteint le niveau Elite et d&rsquo;avoir pris le d\u00e9part des plus belles courses amateurs de France. [&#8230;] Je pars sans regrets. Avec l&rsquo;envie de poursuivre de nombreux r\u00eaves avec la m\u00eame passion\u00a0\u00bb, \u00e9crit-il sur Instagram.<\/p>\n<p>Le coureur de 24 ans a termin\u00e9 cette ann\u00e9e 2e de la Route d&rsquo;Or du Poitou et d&rsquo;une manche des Boucles du Haut-Var, 3e d&rsquo;une manche du Challenge Mayennais, 4e de la SportBreizh Elites, 5e de la seconde manche du Tour du Pi\u00e9mont Pyr\u00e9n\u00e9en Challenge, 8e du Tour de C\u00f4te-d&rsquo;Or ou encore 10e du Championnat d&rsquo;Auvergne-Rh\u00f4ne-Alpes. <\/p>\n<p>Celui qui est \u00e9galement entra\u00eeneur a couru dans de nombreux clubs dont l&rsquo;UC Nantes Atlantique, en Juniors, Grenoble M\u00e9tropole 38, Sabl\u00e9 Sarthe Cyclisme, l&rsquo;AVC Aix Provence Dole et le CR4C Roanne, depuis cette ann\u00e9e.\u00a0<\/p>\n","protected":false},"excerpt":{"rendered":"Apr\u00e8s dix ans de comp\u00e9tition, Mathieu Lambert a d\u00e9cid\u00e9 de tourner la page. \u00ab\u00a0Je suis fier du chemin&hellip;\n","protected":false},"author":2,"featured_media":1162896,"comment_status":"","ping_status":"","sticky":false,"template":"","format":"standard","meta":{"footnotes":"","_share_on_mastodon":"0"},"categories":[1411],"tags":[834,828,836,829,837,827,83,826,824,823,1154,207,814,817,815,816,822,821,832,211,839,1011,27,820,818,819,835,831,830,833,838,60,212,208,825],"class_list":["post-1162895","post","type-post","status-publish","format-standard","has-post-thumbnail","category-cyclisme","tag-attaque","tag-belgique","tag-braquet","tag-bretagne","tag-chute","tag-competition","tag-coupe-de-france","tag-coureur","tag-course-cyclisme","tag-course-cycliste","tag-cycling","tag-cyclisme","tag-direct","tag-direct-velo","tag-directvelo","tag-directvelo-com","tag-epreuve","tag-epreuve-cycliste","tag-federation-francaise-de-cyclisme","tag-ffc","tag-flandres","tag-fr","tag-france","tag-live","tag-live-course","tag-live-epreuve","tag-peloton","tag-radio-peloton","tag-radio-tour","tag-ravitaillement","tag-relance","tag-sports","tag-uci","tag-velo","tag-velos"],"share_on_mastodon":{"url":"https:\/\/pubeurope.com\/@fr\/117201202460077391","error":""},"_links":{"self":[{"href":"https:\/\/www.europesays.com\/fr\/wp-json\/wp\/v2\/posts\/1162895","targetHints":{"allow":["GET"]}}],"collection":[{"href":"https:\/\/www.europesays.com\/fr\/wp-json\/wp\/v2\/posts"}],"about":[{"href":"https:\/\/www.europesays.com\/fr\/wp-json\/wp\/v2\/types\/post"}],"author":[{"embeddable":true,"href":"https:\/\/www.europesays.com\/fr\/wp-json\/wp\/v2\/users\/2"}],"replies":[{"embeddable":true,"href":"https:\/\/www.europesays.com\/fr\/wp-json\/wp\/v2\/comments?post=1162895"}],"version-history":[{"count":0,"href":"https:\/\/www.europesays.com\/fr\/wp-json\/wp\/v2\/posts\/1162895\/revisions"}],"wp:featuredmedia":[{"embeddable":true,"href":"https:\/\/www.europesays.com\/fr\/wp-json\/wp\/v2\/media\/1162896"}],"wp:attachment":[{"href":"https:\/\/www.europesays.com\/fr\/wp-json\/wp\/v2\/media?parent=1162895"}],"wp:term":[{"taxonomy":"category","embeddable":true,"href":"https:\/\/www.europesays.com\/fr\/wp-json\/wp\/v2\/categories?post=1162895"},{"taxonomy":"post_tag","embeddable":true,"href":"https:\/\/www.europesays.com\/fr\/wp-json\/wp\/v2\/tags?post=1162895"}],"curies":[{"name":"wp","href":"https:\/\/api.w.org\/{rel}","templated":true}]}}