{"id":1162920,"date":"2026-09-02T11:39:24","date_gmt":"2026-09-02T11:39:24","guid":{"rendered":"https:\/\/www.europesays.com\/fr\/1162920\/"},"modified":"2026-09-02T11:39:24","modified_gmt":"2026-09-02T11:39:24","slug":"senatoriales-dans-le-rhone-la-gauche-sunit-presque-au-complet-pour-contrer-la-droite","status":"publish","type":"post","link":"https:\/\/www.europesays.com\/fr\/1162920\/","title":{"rendered":"S\u00e9natoriales dans le Rh\u00f4ne : la gauche s\u2019unit presque au complet pour contrer la droite"},"content":{"rendered":"<p>La reconqu\u00eate est lanc\u00e9e.<\/p>\n<p>Ce mardi 1er septembre, c\u2019est la rentr\u00e9e pour les \u00e9coliers mais \u00e9galement pour Thomas Dossus qui annonce les repr\u00e9sentants de la liste \u00ab\u00a0Agir pour le Rh\u00f4ne\u00a0\u00bb qu\u2019il m\u00e8ne. Il l\u2019affirme en conf\u00e9rence de presse : \u00ab\u00a0La gauche doit relever la t\u00eate et envoyer le plus de candidats de gauche au S\u00e9nat.\u00a0\u00bb<\/p>\n<p>A ses c\u00f4t\u00e9s, on retrouve ainsi les Socialistes H\u00e9l\u00e8ne Geoffroy et Jules Joassard, l\u2019Ecologiste Zemorda Khelifi, le Communiste Nacer Khamla, Marie Castets de Place publique, Bertrand Gonin de la Soci\u00e9t\u00e9 civile, la Socialiste Florence Perrin ainsi que l\u2019Ecologiste J\u00e9r\u00e9my Camus.<\/p>\n<p>L\u2019union fait la force<\/p>\n<p>Tous partagent la m\u00eame vision : c\u2019est cette pluralit\u00e9 territoriale et d\u2019\u00e9tiquette qui peut leur apporter la victoire. \u00ab\u00a0Il y a une pluralit\u00e9 dans cette liste avec des repr\u00e9sentants des r\u00e9alit\u00e9s des petites communes, comme moi, autant que des plus grandes\u00a0\u00bb, atteste Bertrand Gonin, maire d\u2019Eveux :\u00a0\u00ab\u00a0Une liste riche en exp\u00e9rience et en expertise\u00a0\u00bb, ajoute Marie Castets.<\/p>\n<p>\u00ab\u00a0On a l\u2019habitude de travailler ensemble \u00e0 la M\u00e9tropole, on met notre exp\u00e9rience au service du territoire\u00a0\u00bb, atteste l\u2019ancienne maire de Vaulx-en-Velin H\u00e9l\u00e8ne Geoffroy. Appuy\u00e9e par l&rsquo;ancien adjoint de V\u00e9nissieux, Nacer Khamla :\u00a0\u00ab\u00a0On doit construire ensemble un volet humain, social et \u00e9conomique d\u2019une ville. On appr\u00e9cie cela, on sait le faire \u00e0 V\u00e9nissieux.\u00a0\u00bb<\/p>\n<p>\u00ab\u00a0Nous avons beaucoup de grands \u00e9lecteurs \u00e0 aller chercher via cette union\u00a0\u00bb, poursuit Jules Joassard, \u00e9lu de S\u00e9r\u00e9zin-du-Rh\u00f4ne.<\/p>\n<p>Pour rappel, lors des \u00e9lections s\u00e9natoriales de 2020, la liste de rassemblement conduite par Thomas Dossus \u00e9tait arriv\u00e9e en t\u00eate avec 32,49 % des voix des 3800 grands \u00e9lecteurs et trois des sept si\u00e8ges \u00e0 pourvoir \u00e0 la proportionnelle.<\/p>\n<p>Un ennemi commun<\/p>\n<p>Aujourd\u2019hui, il esp\u00e8re reproduire le m\u00eame score, m\u00eame si les cartes ont \u00e9t\u00e9 redistribu\u00e9es lors des municipales et des m\u00e9tropolitaines avec des communes perdues. Cet objectif est \u00ab\u00a0important pour le pays par rapport \u00e0 la zone de turbulences qu\u2019il traverse en vue de la pr\u00e9sidentielle et vis-\u00e0-vis de la radicalisation de la droite au S\u00e9nat\u00a0\u00bb, souligne le s\u00e9nateur.<\/p>\n<p>Et c\u2019est bien cette adversaire que tous visent : \u00ab\u00a0Ceux qui ont \u00e9t\u00e9 les moteurs des reculs sociaux et environnementaux de ces six derni\u00e8res ann\u00e9es ce sont Les R\u00e9publicains, pas LFI\u00a0\u00bb, n\u2019a eu de cesse de rappeler Thomas Dossus. Ajoutant : \u00ab\u00a0L\u2019enjeu est d\u2019alerter sur leur importance au S\u00e9nat.\u00a0\u00bb<\/p>\n<p>Aucune crainte de LFI<\/p>\n<p>La menace d\u2019une liste dissidente dans la gauche de LFI semble donc \u00eatre un non-sujet. \u00ab\u00a0Il y a deux tiers des grands \u00e9lecteurs dans la m\u00e9tropole et un tiers dans le Nouveau Rh\u00f4ne. Et c\u2019est dans cette part sans nuance politique connue que les \u00e9carts se font\u00a0\u00bb, affirme Jules Joassard.<\/p>\n<p>Un propos compl\u00e9t\u00e9 par sa colisti\u00e8re, H\u00e9l\u00e8ne Geoffroy : \u00ab\u00a0Cet accord de la gauche n\u2019est pas artificiel, il a du sens alors que s\u2019allier avec LFI n\u2019aurait aucun sens politique apr\u00e8s les municipales, ce serait une tromperie envers les grands \u00e9lecteurs.\u00a0\u00bb Une hypoth\u00e8se m\u00eame qualifi\u00e9e de \u00ab\u00a0supercherie\u00a0\u00bb par Thomas Dossus.<\/p>\n<p>Voil\u00e0 pourquoi la liste \u00ab\u00a0Agir pour le Rh\u00f4ne\u00a0\u00bb affirme concentrer ses efforts sur la droite et l\u2019extr\u00eame droite. \u00ab\u00a0Par l\u2019unit\u00e9, on arrive \u00e0 remporter des victoires, m\u00eame \u00e0 une voix pr\u00e8s\u00a0\u00bb, conclut le s\u00e9nateur socialiste. \u00ab\u00a0Si on ne sait pas s\u2019unir, il ne faut pas s\u2019\u00e9tonner de la mont\u00e9e de la droite et de l\u2019extr\u00eame droite, ce sont eux nos adversaires\u00a0\u00bb, rappelle une derni\u00e8re fois Nacer Khamla.<\/p>\n","protected":false},"excerpt":{"rendered":"La reconqu\u00eate est lanc\u00e9e. Ce mardi 1er septembre, c\u2019est la rentr\u00e9e pour les \u00e9coliers mais \u00e9galement pour Thomas&hellip;\n","protected":false},"author":2,"featured_media":1162921,"comment_status":"","ping_status":"","sticky":false,"template":"","format":"standard","meta":{"footnotes":"","_share_on_mastodon":"0"},"categories":[4],"tags":[1111,11,2813,2190,1109,251,1112,2811,118,1011,27,1922,1110,1114,2428,2810,12,241,316,25,2812,517,800],"class_list":["post-1162920","post","type-post","status-publish","format-standard","has-post-thumbnail","category-france","tag-actu","tag-actualites","tag-article","tag-asvel","tag-breves","tag-culture","tag-depeches","tag-economique","tag-faits-divers","tag-fr","tag-france","tag-info","tag-informations","tag-infos","tag-lyon","tag-lyonmag","tag-news","tag-ol","tag-politique","tag-republique-francaise","tag-sociale","tag-sport","tag-transports"],"share_on_mastodon":{"url":"https:\/\/pubeurope.com\/@fr\/117201257554772761","error":""},"_links":{"self":[{"href":"https:\/\/www.europesays.com\/fr\/wp-json\/wp\/v2\/posts\/1162920","targetHints":{"allow":["GET"]}}],"collection":[{"href":"https:\/\/www.europesays.com\/fr\/wp-json\/wp\/v2\/posts"}],"about":[{"href":"https:\/\/www.europesays.com\/fr\/wp-json\/wp\/v2\/types\/post"}],"author":[{"embeddable":true,"href":"https:\/\/www.europesays.com\/fr\/wp-json\/wp\/v2\/users\/2"}],"replies":[{"embeddable":true,"href":"https:\/\/www.europesays.com\/fr\/wp-json\/wp\/v2\/comments?post=1162920"}],"version-history":[{"count":0,"href":"https:\/\/www.europesays.com\/fr\/wp-json\/wp\/v2\/posts\/1162920\/revisions"}],"wp:featuredmedia":[{"embeddable":true,"href":"https:\/\/www.europesays.com\/fr\/wp-json\/wp\/v2\/media\/1162921"}],"wp:attachment":[{"href":"https:\/\/www.europesays.com\/fr\/wp-json\/wp\/v2\/media?parent=1162920"}],"wp:term":[{"taxonomy":"category","embeddable":true,"href":"https:\/\/www.europesays.com\/fr\/wp-json\/wp\/v2\/categories?post=1162920"},{"taxonomy":"post_tag","embeddable":true,"href":"https:\/\/www.europesays.com\/fr\/wp-json\/wp\/v2\/tags?post=1162920"}],"curies":[{"name":"wp","href":"https:\/\/api.w.org\/{rel}","templated":true}]}}