{"id":1162923,"date":"2026-09-02T11:42:18","date_gmt":"2026-09-02T11:42:18","guid":{"rendered":"https:\/\/www.europesays.com\/fr\/1162923\/"},"modified":"2026-09-02T11:42:18","modified_gmt":"2026-09-02T11:42:18","slug":"loire-devenez-correspondant-local-de-presse-a-villars","status":"publish","type":"post","link":"https:\/\/www.europesays.com\/fr\/1162923\/","title":{"rendered":"Loire. Devenez correspondant local de presse \u00e0 Villars"},"content":{"rendered":"<p>La Tribune-Le Progr\u00e8s recherche des correspondants locaux de presse pour la commune de Villars.<\/p>\n<p>Il s\u2019agit d\u2019une activit\u00e9 de compl\u00e9ment r\u00e9mun\u00e9r\u00e9e. Elle peut convenir par exemple \u00e0 des parents au foyer, des \u00e9tudiants, des salari\u00e9s, des enseignants ou des retrait\u00e9s poss\u00e9dant un moyen de locomotion, un appareil photo num\u00e9rique (ou un smartphone) et un ordinateur connect\u00e9 \u00e0 internet.<\/p>\n<p>  Partagez l&rsquo;actualit\u00e9 de votre commune avec nos lecteurs<\/p>\n<p>Vous avez un peu de temps, vous \u00eates curieux, vous aimez votre commune, vous avez envie de faire partager aux lecteurs la vie des habitants, les informer sur des th\u00e9matiques qui leur permettent de mieux vivre \u00e0 Saint-Etienne comme l\u2019emploi, le transport, la sant\u00e9, l\u2019\u00e9ducation, ou mettre en lumi\u00e8re les initiatives insolites ?<\/p>\n<p>Si l\u2019exp\u00e9rience vous tente, n\u2019h\u00e9sitez pas \u00e0 nous rejoindre en nous envoyant un petit texte de motivation et quelques \u00e9l\u00e9ments de CV \u00e0 l\u2019adresse suivante : <a href=\"https:\/\/www.leprogres.fr\/social\/2026\/09\/02\/mailto:lprstetienne@leprogres.fr\" rel=\"nofollow noopener\" target=\"_blank\">lprstetienne@leprogres.fr<\/a>.<\/p>\n","protected":false},"excerpt":{"rendered":"La Tribune-Le Progr\u00e8s recherche des correspondants locaux de presse pour la commune de Villars. Il s\u2019agit d\u2019une activit\u00e9&hellip;\n","protected":false},"author":2,"featured_media":1162924,"comment_status":"","ping_status":"","sticky":false,"template":"","format":"standard","meta":{"footnotes":"","_share_on_mastodon":"0"},"categories":[9653],"tags":[1111,11,4260,2430,7539,341,1777,674,1011,27,12,25,4001,10246],"class_list":["post-1162923","post","type-post","status-publish","format-standard","has-post-thumbnail","category-saint-etienne","tag-actu","tag-actualites","tag-appel-a-temoins","tag-auvergne-rhone-alpes","tag-edition-loire-sud","tag-emploi","tag-eu","tag-europe","tag-fr","tag-france","tag-news","tag-republique-francaise","tag-saint-etienne","tag-villars"],"share_on_mastodon":{"url":"https:\/\/pubeurope.com\/@fr\/117201269468296847","error":""},"_links":{"self":[{"href":"https:\/\/www.europesays.com\/fr\/wp-json\/wp\/v2\/posts\/1162923","targetHints":{"allow":["GET"]}}],"collection":[{"href":"https:\/\/www.europesays.com\/fr\/wp-json\/wp\/v2\/posts"}],"about":[{"href":"https:\/\/www.europesays.com\/fr\/wp-json\/wp\/v2\/types\/post"}],"author":[{"embeddable":true,"href":"https:\/\/www.europesays.com\/fr\/wp-json\/wp\/v2\/users\/2"}],"replies":[{"embeddable":true,"href":"https:\/\/www.europesays.com\/fr\/wp-json\/wp\/v2\/comments?post=1162923"}],"version-history":[{"count":0,"href":"https:\/\/www.europesays.com\/fr\/wp-json\/wp\/v2\/posts\/1162923\/revisions"}],"wp:featuredmedia":[{"embeddable":true,"href":"https:\/\/www.europesays.com\/fr\/wp-json\/wp\/v2\/media\/1162924"}],"wp:attachment":[{"href":"https:\/\/www.europesays.com\/fr\/wp-json\/wp\/v2\/media?parent=1162923"}],"wp:term":[{"taxonomy":"category","embeddable":true,"href":"https:\/\/www.europesays.com\/fr\/wp-json\/wp\/v2\/categories?post=1162923"},{"taxonomy":"post_tag","embeddable":true,"href":"https:\/\/www.europesays.com\/fr\/wp-json\/wp\/v2\/tags?post=1162923"}],"curies":[{"name":"wp","href":"https:\/\/api.w.org\/{rel}","templated":true}]}}