{"id":1162925,"date":"2026-09-02T11:43:24","date_gmt":"2026-09-02T11:43:24","guid":{"rendered":"https:\/\/www.europesays.com\/fr\/1162925\/"},"modified":"2026-09-02T11:43:24","modified_gmt":"2026-09-02T11:43:24","slug":"loire-vol-par-effraction-a-saint-etienne-trois-individus-interpelles-en-flagrant-delit","status":"publish","type":"post","link":"https:\/\/www.europesays.com\/fr\/1162925\/","title":{"rendered":"Loire. Vol par effraction \u00e0 Saint-Etienne\u00a0: trois individus interpell\u00e9s en flagrant d\u00e9lit"},"content":{"rendered":"<p>C\u2019est gr\u00e2ce \u00e0 la vigilance des voisins que les forces de police ont pu intervenir rapidement et mettre hors d\u2019\u00e9tat de nuit trois individus mal intentionn\u00e9s.<\/p>\n<p>Ce lundi 31\u00a0ao\u00fbt, il est environ 17 heures quand des habitants d\u2019un immeuble du bas du cours Fauriel entendent des bruits suspects dans le b\u00e2timent o\u00f9 ils vivent et d\u00e9cident d\u2019appeler les secours.<\/p>\n<p>  Un sac plein de bijoux<\/p>\n<p>Trois jeunes hommes viennent de fracturer la porte d\u2019un appartement et s\u2019appr\u00eatent \u00e0 commettre un vol par effraction. Mais l\u2019arriv\u00e9e des policiers de la Brigade anticriminalit\u00e9 va mettre un terme \u00e0 leur plan.<\/p>\n<p>Si deux d\u2019entre eux tentent de trouver refuge dans les \u00e9tages, le troisi\u00e8me prend la poudre d\u2019escampette dans la rue, non sans avoir abandonn\u00e9 dans l\u2019all\u00e9e un sac rempli de bijoux et d\u2019un ordinateur portable.<\/p>\n<p>Les trois individus, \u00e2g\u00e9s de 24, 29 et 32 ans, r\u00e9sidant \u00e0 Saint-Etienne, ont finalement \u00e9t\u00e9 interpell\u00e9s et plac\u00e9s en garde \u00e0 vue. \u00c0 l\u2019issue, il leur a \u00e9t\u00e9 notifi\u00e9 une convocation devant le tribunal judiciaire de Saint-Etienne au cours des prochaines semaines. Il convient de souligner que deux d\u2019entre eux ont agi en \u00e9tat de r\u00e9cidive.<\/p>\n","protected":false},"excerpt":{"rendered":"C\u2019est gr\u00e2ce \u00e0 la vigilance des voisins que les forces de police ont pu intervenir rapidement et mettre&hellip;\n","protected":false},"author":2,"featured_media":1162926,"comment_status":"","ping_status":"","sticky":false,"template":"","format":"standard","meta":{"footnotes":"","_share_on_mastodon":"0"},"categories":[9653],"tags":[1111,11,2430,271,272,7539,1777,674,274,1011,27,3367,12,25,4001,7538,104],"class_list":["post-1162925","post","type-post","status-publish","format-standard","has-post-thumbnail","category-saint-etienne","tag-actu","tag-actualites","tag-auvergne-rhone-alpes","tag-crime","tag-delit-et-contravention","tag-edition-loire-sud","tag-eu","tag-europe","tag-faits-divers-justice","tag-fr","tag-france","tag-loire","tag-news","tag-republique-francaise","tag-saint-etienne","tag-saint-etienne-ville","tag-societe"],"share_on_mastodon":{"url":"https:\/\/pubeurope.com\/@fr\/117201273709568092","error":""},"_links":{"self":[{"href":"https:\/\/www.europesays.com\/fr\/wp-json\/wp\/v2\/posts\/1162925","targetHints":{"allow":["GET"]}}],"collection":[{"href":"https:\/\/www.europesays.com\/fr\/wp-json\/wp\/v2\/posts"}],"about":[{"href":"https:\/\/www.europesays.com\/fr\/wp-json\/wp\/v2\/types\/post"}],"author":[{"embeddable":true,"href":"https:\/\/www.europesays.com\/fr\/wp-json\/wp\/v2\/users\/2"}],"replies":[{"embeddable":true,"href":"https:\/\/www.europesays.com\/fr\/wp-json\/wp\/v2\/comments?post=1162925"}],"version-history":[{"count":0,"href":"https:\/\/www.europesays.com\/fr\/wp-json\/wp\/v2\/posts\/1162925\/revisions"}],"wp:featuredmedia":[{"embeddable":true,"href":"https:\/\/www.europesays.com\/fr\/wp-json\/wp\/v2\/media\/1162926"}],"wp:attachment":[{"href":"https:\/\/www.europesays.com\/fr\/wp-json\/wp\/v2\/media?parent=1162925"}],"wp:term":[{"taxonomy":"category","embeddable":true,"href":"https:\/\/www.europesays.com\/fr\/wp-json\/wp\/v2\/categories?post=1162925"},{"taxonomy":"post_tag","embeddable":true,"href":"https:\/\/www.europesays.com\/fr\/wp-json\/wp\/v2\/tags?post=1162925"}],"curies":[{"name":"wp","href":"https:\/\/api.w.org\/{rel}","templated":true}]}}