{"id":1162976,"date":"2026-09-02T12:20:18","date_gmt":"2026-09-02T12:20:18","guid":{"rendered":"https:\/\/www.europesays.com\/fr\/1162976\/"},"modified":"2026-09-02T12:20:18","modified_gmt":"2026-09-02T12:20:18","slug":"lyon-il-entretenait-une-relation-avec-une-jeune-etudiante-un-pretre-a-la-tete-dun-groupe-scolaire-contraint-de-demissionner","status":"publish","type":"post","link":"https:\/\/www.europesays.com\/fr\/1162976\/","title":{"rendered":"Lyon. Il entretenait une relation avec une jeune \u00e9tudiante\u00a0: un pr\u00eatre \u00e0 la t\u00eate d&rsquo;un groupe scolaire contraint de d\u00e9missionner"},"content":{"rendered":"<p>L\u2019archev\u00eaque de Lyon annonce ce mercredi avoir pris des sanctions contre le dirigeant d\u2019un important groupe scolaire catholique, les Chartreux, parce qu\u2019il entretenait une relation avec une jeune \u00e9l\u00e8ve majeure, relate <a href=\"https:\/\/www.leprogres.fr\/faits-divers-justice\/2026\/09\/02\/le-directeur-de-l-institution-des-chartreux-force-a-la-demission-pour-avoir-entretenu-une-relation-avec-une-etudiante\" target=\"_blank\" rel=\"nofollow noopener\">Le Progr\u00e8s<\/a>. Mgr Olivier de Germay indique, dans un communiqu\u00e9, avoir \u00e9t\u00e9 \u00ab inform\u00e9 en juin 2026 \u00bb de la relation que le p\u00e8re Jean-Bernard Plessy, 63 ans, \u00ab a entretenue avec une \u00e9tudiante majeure plac\u00e9e sous son autorit\u00e9 \u00bb.<\/p>\n<p>Le pr\u00e9lat a alors \u00ab demand\u00e9 l\u2019ouverture d\u2019une enqu\u00eate canonique \u00bb et a pris plusieurs \u00ab mesures conservatoires \u00bb, dont le retrait de sa fonction de directeur et l\u2019interdiction de se rendre sur les sites de l\u2019institution des Chartreux, situ\u00e9s \u00e0 Lyon et \u00e0 Saint-\u00c9tienne. \u00ab Un signalement p\u00e9nal a \u00e9galement \u00e9t\u00e9 effectu\u00e9 aupr\u00e8s du procureur de la R\u00e9publique de Lyon afin que des v\u00e9rifications n\u00e9cessaires puissent \u00eatre diligent\u00e9es \u00bb, selon le communiqu\u00e9 mis en ligne sur le site du groupe scolaire.<\/p>\n<p>  Courrier aux parents d&rsquo;\u00e9l\u00e8ves<\/p>\n<p>Ordonn\u00e9 pr\u00eatre du dioc\u00e8se de Saint-\u00c9tienne en 1991, Jean-Bernard Plessis a \u00e9t\u00e9 mis en r\u00e9sidence et en minist\u00e8re en 1999 dans celui voisin de Lyon, o\u00f9 est bas\u00e9 le groupe scolaire d\u2019enseignement catholique de 4 000 \u00e9l\u00e8ves, allant de la maternelle au post-bac (BTS et licence).<\/p>\n<p>\u00c0 l\u2019issue de l\u2019ann\u00e9e scolaire, le pr\u00eatre, \u00e0 la t\u00eate de l\u2019\u00e9tablissement depuis 27 ans, avait \u00e9crit aux parents d\u2019\u00e9l\u00e8ves pour leur annoncer sa d\u00e9cision de d\u00e9missionner. \u00ab Il faut savoir partir dans la reconnaissance et le sentiment du devoir accompli \u00bb, \u00e9crivait-il dans le courrier dat\u00e9 du 9 juillet dernier.<\/p>\n","protected":false},"excerpt":{"rendered":"L\u2019archev\u00eaque de Lyon annonce ce mercredi avoir pris des sanctions contre le dirigeant d\u2019un important groupe scolaire catholique,&hellip;\n","protected":false},"author":2,"featured_media":1162977,"comment_status":"","ping_status":"","sticky":false,"template":"","format":"standard","meta":{"footnotes":"","_share_on_mastodon":"0"},"categories":[1889],"tags":[1111,11,2430,1057,1777,674,274,107,1011,27,329,2428,12,5889,25],"class_list":["post-1162976","post","type-post","status-publish","format-standard","has-post-thumbnail","category-lyon","tag-actu","tag-actualites","tag-auvergne-rhone-alpes","tag-education","tag-eu","tag-europe","tag-faits-divers-justice","tag-fil-info","tag-fr","tag-france","tag-france-monde","tag-lyon","tag-news","tag-religion-croyance","tag-republique-francaise"],"share_on_mastodon":{"url":"","error":""},"_links":{"self":[{"href":"https:\/\/www.europesays.com\/fr\/wp-json\/wp\/v2\/posts\/1162976","targetHints":{"allow":["GET"]}}],"collection":[{"href":"https:\/\/www.europesays.com\/fr\/wp-json\/wp\/v2\/posts"}],"about":[{"href":"https:\/\/www.europesays.com\/fr\/wp-json\/wp\/v2\/types\/post"}],"author":[{"embeddable":true,"href":"https:\/\/www.europesays.com\/fr\/wp-json\/wp\/v2\/users\/2"}],"replies":[{"embeddable":true,"href":"https:\/\/www.europesays.com\/fr\/wp-json\/wp\/v2\/comments?post=1162976"}],"version-history":[{"count":0,"href":"https:\/\/www.europesays.com\/fr\/wp-json\/wp\/v2\/posts\/1162976\/revisions"}],"wp:featuredmedia":[{"embeddable":true,"href":"https:\/\/www.europesays.com\/fr\/wp-json\/wp\/v2\/media\/1162977"}],"wp:attachment":[{"href":"https:\/\/www.europesays.com\/fr\/wp-json\/wp\/v2\/media?parent=1162976"}],"wp:term":[{"taxonomy":"category","embeddable":true,"href":"https:\/\/www.europesays.com\/fr\/wp-json\/wp\/v2\/categories?post=1162976"},{"taxonomy":"post_tag","embeddable":true,"href":"https:\/\/www.europesays.com\/fr\/wp-json\/wp\/v2\/tags?post=1162976"}],"curies":[{"name":"wp","href":"https:\/\/api.w.org\/{rel}","templated":true}]}}