{"id":1162998,"date":"2026-09-02T12:32:41","date_gmt":"2026-09-02T12:32:41","guid":{"rendered":"https:\/\/www.europesays.com\/fr\/1162998\/"},"modified":"2026-09-02T12:32:41","modified_gmt":"2026-09-02T12:32:41","slug":"la-chine-veut-eviter-que-ses-marques-automobiles-se-fassent-la-guerre-en-europe","status":"publish","type":"post","link":"https:\/\/www.europesays.com\/fr\/1162998\/","title":{"rendered":"La Chine veut \u00e9viter que ses marques automobiles se fassent la guerre en Europe"},"content":{"rendered":"<p><strong class=\"post-excerpt\"\/><\/p>\n<p itemprop=\"description\"><strong class=\"post-excerpt\">Le 1er<br \/>\nseptembre 2026, P\u00e9kin encadre les prix et la communication de ses<br \/>\nconstructeurs automobiles \u00e0 l\u2019\u00e9tranger. En ligne de mire : \u00e9viter<br \/>\nque la guerre des prix des constructeurs chinois ne s\u2019embrase en<br \/>\nEurope.<\/strong><\/p>\n<p>Quand une voiture \u00e9lectrique chinoise arrive en Europe 5 000 \u00e0<br \/>\n10 000 \u20ac moins ch\u00e8re qu&rsquo;une rivale locale. L&rsquo;effet sur le march\u00e9<br \/>\nest imm\u00e9diat. Pour beaucoup d&rsquo;automobilistes, ces mod\u00e8les venus de<br \/>\nChine incarnent une concurrence agressive sur les prix et tr\u00e8s bien<br \/>\n\u00e9quip\u00e9e. Pour les groupes historiques, ils symbolisent aussi la<br \/>\nmenace d&rsquo;une <strong><a href=\"https:\/\/www.autojournal.fr\/actu\/la-chine-interdit-la-vente-a-perte-la-guerre-des-prix-automobiles-touche-t-elle-a-sa-fin-405028.html\" rel=\"nofollow noopener\" target=\"_blank\"><br \/>\nguerre des prix<\/a><\/strong> sur le <strong>march\u00e9<br \/>\neurop\u00e9en<\/strong>. C&rsquo;est dans ce climat tendu que P\u00e9kin vient de<br \/>\nresserrer les r\u00e8gles pour ses propres constructeurs.<\/p>\n<p>Le 1er septembre 2026, les autorit\u00e9s chinoises ont publi\u00e9 de<br \/>\nnouvelles lignes directrices pour les activit\u00e9s \u00e9trang\u00e8res des<br \/>\ngroupes automobiles. Objectif affich\u00e9 : encadrer les prix, la<br \/>\ncommunication et le respect des lois locales, en \u00e9vitant une<br \/>\nconcurrence destructrice. Cette directive de vingt articles a \u00e9t\u00e9<br \/>\ncosign\u00e9e par le minist\u00e8re du Commerce et le minist\u00e8re de<br \/>\nl&rsquo;Industrie. L&rsquo;Administration d&rsquo;\u00c9tat pour la r\u00e9gulation du march\u00e9<br \/>\nfait aussi partie des signataires. Et l\u00e0, le sous-texte est<br \/>\nlimpide. La Chine veut \u00e9viter que ses <strong>constructeurs<br \/>\nchinois<\/strong> se livrent \u00e0 une guerre des prix hors de Chine, en<br \/>\n<a href=\"https:\/\/www.autojournal.fr\/actu\/tesla-model-y-l-probleme-europe-423877.html\" rel=\"nofollow noopener\" target=\"_blank\"><br \/>\n<strong>Europe<\/strong><\/a>.<\/p>\n<p>Ce que P\u00e9kin impose \u00e0 ses constructeurs pour freiner la guerre<br \/>\ndes prix<\/p>\n<p>Au c\u0153ur du texte, P\u00e9kin demande aux marques de fixer les prix en<br \/>\nfonction des co\u00fbts et du march\u00e9. Les constructeurs doivent \u00e9viter<br \/>\nd&rsquo;utiliser des tarifs anormalement bas pour obtenir un avantage<br \/>\nconcurrentiel d\u00e9loyal. Le texte leur demande aussi de ne pas<br \/>\nmultiplier les changements de prix fr\u00e9quents. Les baisses trop<br \/>\nbrutales, qui peuvent nuire aux consommateurs ou \u00e0 l&rsquo;image de<br \/>\nmarque, sont clairement vis\u00e9es. Les autorit\u00e9s r\u00e9clament des<br \/>\npublicit\u00e9s v\u00e9ridiques, sans messages trompeurs, afin de prot\u00e9ger la<br \/>\nr\u00e9putation des marques chinoises \u00e0 l&rsquo;\u00e9tranger.<\/p>\n<p><img loading=\"lazy\" decoding=\"async\" aria-describedby=\"caption-attachment-423672\" itemprop=\"thumbnailUrl\" class=\"size-large wp-image-423672 img-responsive\" src=\"https:\/\/www.europesays.com\/fr\/wp-content\/uploads\/2026\/09\/byd-prepare-mini-voiture-batterie-compacte-1024x576.jpg\" alt=\"BYD pr\u00e9pare mini-voiture batterie compacte\" width=\"1024\" height=\"576\"  \/> \u00a9<br \/>\nShutterstock<\/p>\n<p id=\"caption-attachment-423672\" class=\"wp-caption-text\">P\u00e9kin<br \/>\ndemande aux constructeurs chinois de limiter les baisses de prix<br \/>\nagressives \u00e0 l\u2019\u00e9tranger afin d\u2019\u00e9viter une concurrence destructrice<br \/>\net prot\u00e9ger leur image.<\/p>\n<p>Un responsable du minist\u00e8re du Commerce affirme que ces r\u00e8gles<br \/>\ndoivent permettre un d\u00e9ploiement transfrontalier \u00ab\u00a0rationnel et<br \/>\nordonn\u00e9\u00a0\u00bb des cha\u00eenes industrielles. Elles doivent aussi<br \/>\nsoutenir le d\u00e9veloppement international de long terme de<br \/>\nl&rsquo;industrie automobile chinoise, selon <a href=\"https:\/\/www.reuters.com\/world\/asia-pacific\/china-issues-overseas-compliance-rules-automakers-warns-against-disruptive-2026-09-01\/\" target=\"_blank\" rel=\"nofollow noopener\">Reuters<\/a>.<br \/>\nAutrement dit, un d\u00e9veloppement rationnel et ordonn\u00e9, sans exc\u00e8s<br \/>\nsusceptibles de cr\u00e9er des remous politiques dans les pays<br \/>\nd&rsquo;accueil. Le gouvernement insiste aussi sur la conformit\u00e9 en<br \/>\nmati\u00e8re d&rsquo;antitrust et de lutte contre la corruption. Les r\u00e8gles<br \/>\nmentionnent la responsabilit\u00e9 sociale, le respect du droit du<br \/>\ntravail et la gestion des risques politiques ou \u00e9conomiques. La<br \/>\nChine a export\u00e9 8,32 millions de v\u00e9hicules en 2025 vers plus de 200<br \/>\npays et r\u00e9gions. Les groupes chinois ont aussi lanc\u00e9 des projets<br \/>\nindustriels dans plus de 80 march\u00e9s \u00e9trangers. Des groupes comme<br \/>\nBYD, Geely ou Chery figurent parmi les plus actifs dans cette<br \/>\noffensive internationale.<\/p>\n<p>L&rsquo;Europe, terrain cl\u00e9 de la guerre des prix des constructeurs<br \/>\nchinois<\/p>\n<p>L&rsquo;Europe est devenue l&rsquo;un des terrains de jeu les plus<br \/>\nimportants pour les <strong>constructeurs chinois<\/strong>. Les<br \/>\nmarques venues de Chine repr\u00e9sentent d\u00e9j\u00e0 environ 5 % du march\u00e9<br \/>\neurop\u00e9en et pr\u00e8s d&rsquo;un quart du segment \u00e9lectrique. En mai 2026,<br \/>\nleur part a atteint 10 % dans l&rsquo;Union europ\u00e9enne, contre 6,6 % un<br \/>\nan avant. Malgr\u00e9 les <a href=\"https:\/\/www.autojournal.fr\/actu\/droits-douane-pourquoi-europe-stoppe-developpement-constructeurs-chinois-391074.html\" rel=\"nofollow noopener\" target=\"_blank\"><br \/>\ndroits de douane<\/a> depuis fin 2024, les v\u00e9hicules \u00e9lectriques<br \/>\nchinois restent 30 \u00e0 35 % moins chers. L&rsquo;\u00e9cart au catalogue atteint<br \/>\nsouvent 5 000 \u00e0 10 000 \u20ac par rapport aux mod\u00e8les europ\u00e9ens<br \/>\n\u00e9quivalents. Dans le m\u00eame temps, les importations de pi\u00e8ces<br \/>\nd\u00e9tach\u00e9es chinoises ont bondi. Environ 76 000 emplois<br \/>\nd&rsquo;\u00e9quipementiers europ\u00e9ens sont d\u00e9j\u00e0 consid\u00e9r\u00e9s comme menac\u00e9s.<br \/>\nBruxelles travaille aussi sur des r\u00e8gles de contenu local pour<br \/>\nrenforcer la production de v\u00e9hicules en Europe.<\/p>\n<p>Pour P\u00e9kin, \u00e9viter une <strong>guerre des prix des constructeurs<br \/>\nchinois en Europe<\/strong> r\u00e9pond aussi \u00e0 un imp\u00e9ratif \u00e9conomique<br \/>\nint\u00e9rieur. Sur le <a href=\"https:\/\/www.autojournal.fr\/environnement\/voitures-electriques\/les-difficultes-de-rentabilite-des-vehicules-electriques-en-chine-alimentent-linquietude-du-marche-quant-aux-defis-de-2026-398657.html\" rel=\"nofollow noopener\" target=\"_blank\"><br \/>\nmarch\u00e9 chinois<\/a>, la course aux rabais a fait tomber la marge<br \/>\nmoyenne du secteur autour de 1,5 %. Tr\u00e8s peu de marques 100 %<br \/>\nchinoises de v\u00e9hicules \u00e9lectriques gagnent de l&rsquo;argent. Certains<br \/>\nanalystes n&rsquo;en voient que sept \u00e0 l&rsquo;\u00e9quilibre d&rsquo;ici 2030. Dans ces<br \/>\nconditions, les exportations vers l&rsquo;Europe deviennent une bou\u00e9e de<br \/>\nsauvetage pour les volumes et les marges. P\u00e9kin cherche donc \u00e0<br \/>\npr\u00e9server ces march\u00e9s ext\u00e9rieurs en limitant les rabais les plus<br \/>\nextr\u00eames. Son avantage de co\u00fbt structurel, lui, reste intact. Reste<br \/>\nune inconnue : ces consignes seront-elles vraiment respect\u00e9es sur<br \/>\nle terrain ? Un accord de tr\u00eave sur les prix conclu en 2023 en<br \/>\nChine avait rapidement vol\u00e9 en \u00e9clats. Les prochains mois diront si<br \/>\nla bataille des prix en Europe se calme ou si elle change seulement<br \/>\nde visage.<\/p>\n","protected":false},"excerpt":{"rendered":"Le 1er septembre 2026, P\u00e9kin encadre les prix et la communication de ses constructeurs automobiles \u00e0 l\u2019\u00e9tranger. En&hellip;\n","protected":false},"author":2,"featured_media":1162999,"comment_status":"","ping_status":"","sticky":false,"template":"","format":"standard","meta":{"footnotes":"","_share_on_mastodon":"0"},"categories":[1586],"tags":[11,10929,309,3026,1777,674,7049,42769,1011,27,1146,4743,10176,12,746,25,16283,2407,9870],"class_list":["post-1162998","post","type-post","status-publish","format-standard","has-post-thumbnail","category-europe","tag-actualites","tag-automobiles","tag-chine","tag-en","tag-eu","tag-europe","tag-eviter","tag-fassent","tag-fr","tag-france","tag-guerre","tag-la","tag-marques","tag-news","tag-que","tag-republique-francaise","tag-se","tag-ses","tag-veut"],"share_on_mastodon":{"url":"https:\/\/pubeurope.com\/@fr\/117201467546312381","error":""},"_links":{"self":[{"href":"https:\/\/www.europesays.com\/fr\/wp-json\/wp\/v2\/posts\/1162998","targetHints":{"allow":["GET"]}}],"collection":[{"href":"https:\/\/www.europesays.com\/fr\/wp-json\/wp\/v2\/posts"}],"about":[{"href":"https:\/\/www.europesays.com\/fr\/wp-json\/wp\/v2\/types\/post"}],"author":[{"embeddable":true,"href":"https:\/\/www.europesays.com\/fr\/wp-json\/wp\/v2\/users\/2"}],"replies":[{"embeddable":true,"href":"https:\/\/www.europesays.com\/fr\/wp-json\/wp\/v2\/comments?post=1162998"}],"version-history":[{"count":0,"href":"https:\/\/www.europesays.com\/fr\/wp-json\/wp\/v2\/posts\/1162998\/revisions"}],"wp:featuredmedia":[{"embeddable":true,"href":"https:\/\/www.europesays.com\/fr\/wp-json\/wp\/v2\/media\/1162999"}],"wp:attachment":[{"href":"https:\/\/www.europesays.com\/fr\/wp-json\/wp\/v2\/media?parent=1162998"}],"wp:term":[{"taxonomy":"category","embeddable":true,"href":"https:\/\/www.europesays.com\/fr\/wp-json\/wp\/v2\/categories?post=1162998"},{"taxonomy":"post_tag","embeddable":true,"href":"https:\/\/www.europesays.com\/fr\/wp-json\/wp\/v2\/tags?post=1162998"}],"curies":[{"name":"wp","href":"https:\/\/api.w.org\/{rel}","templated":true}]}}