{"id":1163036,"date":"2026-09-02T13:00:21","date_gmt":"2026-09-02T13:00:21","guid":{"rendered":"https:\/\/www.europesays.com\/fr\/1163036\/"},"modified":"2026-09-02T13:00:21","modified_gmt":"2026-09-02T13:00:21","slug":"fonctionnels-mais-imparfaits-apres-les-fruits-et-legumes-les-ordinateurs-moches-tiennent-leur-revanche","status":"publish","type":"post","link":"https:\/\/www.europesays.com\/fr\/1163036\/","title":{"rendered":"Fonctionnels mais imparfaits\u2026 Apr\u00e8s les fruits et l\u00e9gumes, les ordinateurs moches tiennent leur revanche"},"content":{"rendered":"<p>Ils sont rabougris, difformes, biscornus ou tout simplement un peu us\u00e9s. Pas conformes, en tout cas, aux standards \u00e9rig\u00e9s en normes. Dans une soci\u00e9t\u00e9 o\u00f9 l\u2019apparence compte plus que tout, pas facile pour les objets moches de se faire une place. Mais la r\u00e9volte des \u00ab\u00a0gueules cass\u00e9s\u00a0\u00bb est en marche. On connaissait d\u00e9j\u00e0 <a href=\"https:\/\/www.20minutes.fr\/tempo\/style\/4058169-20231125-fruits-legumes-moches-marques-cosmetiques-offrent-seconde-vie\" class=\"c-link c-link--is-underlined\" rel=\"nofollow noopener\" target=\"_blank\">les fruits et l\u00e9gumes moches<\/a> vendus \u00e0 prix r\u00e9duits pour lutter <a href=\"https:\/\/www.20minutes.fr\/dossier\/gaspillage_alimentaire\" class=\"c-link c-link--is-underlined\" rel=\"nofollow noopener\" target=\"_blank\">contre le gaspillage alimentaire<\/a>. Place d\u00e9sormais aux ordinateurs inesth\u00e9tiques.<\/p>\n<p>Dans les Deux-S\u00e8vres, <a href=\"https:\/\/boutique.ateliers-du-bocage.fr\/\" rel=\"nofollow noopener\" target=\"_blank\" class=\"c-link c-link--is-underlined\">la coop\u00e9rative Les Ateliers du bocage<\/a> propose depuis le printemps des ordinateurs portables pr\u00e9sentant de petites imperfections esth\u00e9tiques ou fonctionnelles mais parfaitement utilisables. \u00ab\u00a0On a nomm\u00e9 cette gamme les K-Boss\u00e9s car ces ordinateurs ont d\u00e9j\u00e0 servi et ont \u00e9t\u00e9 reconditionn\u00e9s par des personnes qui ont des parcours de vie caboss\u00e9s\u00a0\u00bb, souligne Olivier Bien, directeur adjoint en charge du p\u00f4le num\u00e9rique de la coop\u00e9rative, membre du r\u00e9seau Emma\u00fcs.<\/p>\n<p>\u00ab\u00a0Une aberration de les mettre au rebut\u00a0\u00bb<\/p>\n<p>Cette derni\u00e8re se fournit aupr\u00e8s d\u2019entreprises de la r\u00e9gion qui renouvellent r\u00e9guli\u00e8rement leurs stocks <a href=\"https:\/\/www.20minutes.fr\/guide-achat\/high-tech-image\/4242107-20260901-selon-internautes-voici-meilleurs-pc-portables-adopter-2026\" class=\"c-link c-link--is-underlined\" rel=\"nofollow noopener\" target=\"_blank\">de PC portables<\/a>. Entre les mains des salari\u00e9s, ces ordinateurs ont pris quelques \u00ab\u00a0pocs\u00a0\u00bb avec des marques visibles de rayures, de petites f\u00ealures ou de la peinture \u00e9caill\u00e9e. Pour d\u2019autres, c\u2019est un port USB qui est d\u00e9fectueux, une touche du clavier qui manque \u00e0 l\u2019appel ou une t\u00e2che fant\u00f4me qui appara\u00eet sur l\u2019\u00e9cran. \u00ab\u00a0Mais apr\u00e8s contr\u00f4le, ils fonctionnent toujours parfaitement et sont r\u00e9cents donc cela nous semblait une aberration de les mettre au rebut\u00a0\u00bb, indique Olivier Bien, battant en br\u00e8che l\u2019id\u00e9e que \u00ab\u00a0la performance d\u2019un PC tient \u00e0 son esth\u00e9tisme.\u00a0\u00bb<\/p>\n<p>Depuis le lancement de la gamme, 150 K-Boss\u00e9s ont d\u00e9j\u00e0 trouv\u00e9 preneurs et 250 sont encore disponibles \u00e0 la vente \u00e0 des prix tr\u00e8s attractifs. \u00ab\u00a0On d\u00e9marre \u00e0 144 euros avec des PC professionnels qui sont vendus a minima 30\u00a0% moins cher qu\u2019un PC reconditionn\u00e9, d\u00e9taille-t-il. Cela permet \u00e0 des personnes qui n\u2019ont pas forc\u00e9ment les moyens d\u2019acqu\u00e9rir du mat\u00e9riel tr\u00e8s performant.\u00a0\u00bb Pour \u00ab\u00a0pimper\u00a0\u00bb leur PC moche, Les Ateliers du Bocage offrent m\u00eame \u00e0 leurs clients une planche de stickers inspir\u00e9s de l\u2019univers de la BD pour cacher ses imperfections et le rendre encore plus unique.<\/p>\n<p>Le g\u00e9ant Back Market se lance aussi<\/p>\n<p>Dans la foul\u00e9e de la coop\u00e9rative, Back Market, <a href=\"https:\/\/www.20minutes.fr\/high-tech\/4149069-20250417-francais-inquiets-effets-fast-tech-environnement\" class=\"c-link c-link--is-underlined\" rel=\"nofollow noopener\" target=\"_blank\">leader fran\u00e7ais et mondial du reconditionn\u00e9<\/a>, a \u00e9galement commenc\u00e9 \u00e0 commercialiser en mai des ordinateurs moches, vendus dans la cat\u00e9gorie \u00ab\u00a0Obsol\u00e8te\u00a0\u00bb. Parmi les nombreux PC tournant sur Windows 10 <a href=\"https:\/\/www.20minutes.fr\/high-tech\/4231214-20260625-vieux-pc-microsoft-prolonge-mises-jour-gratuites-windows-10-jusqu-automne-2027\" class=\"c-link c-link--is-underlined\" rel=\"nofollow noopener\" target=\"_blank\">dont la fin est bient\u00f4t act\u00e9e<\/a>, on retrouve aussi d\u00e9sormais sur la plateforme des ordinateurs toujours d\u2019attaque mais dont le seul tort est de pr\u00e9senter des traces d\u2019autocollants.<\/p>\n<p>Ces marques d\u2019usage les condamnaient jusqu\u2019alors \u00e0 la d\u00e9chetterie. \u00ab\u00a0Au cours de la derni\u00e8re d\u00e9cennie, les consommateurs accordent de plus en plus d\u2019importance \u00e0 la fonctionnalit\u00e9 plut\u00f4t qu\u2019\u00e0 la nouveaut\u00e9, et \u00e0 l\u2019utilit\u00e9 plut\u00f4t qu\u2019\u00e0 l\u2019apparence, explique Charlotte Souleau, directrice g\u00e9n\u00e9rale France de Back Market.<\/p>\n<\/p>\n<p>Elle esp\u00e8re que \u00ab\u00a0l\u2019ugly computer\u00a0\u00bb [ordinateur moche] provoquera \u00ab\u00a0un d\u00e9clic\u00a0\u00bb chez le consommateur. \u00ab\u00a0Celui o\u00f9 l\u2019on r\u00e9alise qu\u2019il n\u2019est pas n\u00e9cessaire de changer d\u2019appareil tous les deux ans pour que la technologie reste utile au quotidien\u00a0\u00bb, souligne-t-elle. Apr\u00e8s les fruits et les l\u00e9gumes, les ordinateurs moches tiennent donc leur revanche. Ce qui ne serait pas pour d\u00e9plaire au regrett\u00e9 Serge Gainsbourg, pour qui \u00ab\u00a0la laideur a ceci de sup\u00e9rieur \u00e0 la beaut\u00e9 qu\u2019elle ne dispara\u00eet pas avec le temps.\u00a0\u00bb<\/p>\n","protected":false},"excerpt":{"rendered":"Ils sont rabougris, difformes, biscornus ou tout simplement un peu us\u00e9s. Pas conformes, en tout cas, aux standards&hellip;\n","protected":false},"author":2,"featured_media":1163037,"comment_status":"","ping_status":"","sticky":false,"template":"","format":"standard","meta":{"footnotes":"","_share_on_mastodon":"0"},"categories":[4],"tags":[47,11,677,254,2545,33,12393,1011,27,142,12,2219,35668,37572,1037,2220,3887,25,104],"class_list":["post-1163036","post","type-post","status-publish","format-standard","has-post-thumbnail","category-france","tag-actualite","tag-actualites","tag-bons-plans","tag-conso","tag-deux-sevres","tag-economie","tag-economie-circulaire","tag-fr","tag-france","tag-high-tech","tag-news","tag-nouvelle-aquitaine","tag-ordinateur","tag-ordinateur-portable","tag-pc","tag-poitou-charentes","tag-recyclage","tag-republique-francaise","tag-societe"],"share_on_mastodon":{"url":"https:\/\/pubeurope.com\/@fr\/117201575852599356","error":""},"_links":{"self":[{"href":"https:\/\/www.europesays.com\/fr\/wp-json\/wp\/v2\/posts\/1163036","targetHints":{"allow":["GET"]}}],"collection":[{"href":"https:\/\/www.europesays.com\/fr\/wp-json\/wp\/v2\/posts"}],"about":[{"href":"https:\/\/www.europesays.com\/fr\/wp-json\/wp\/v2\/types\/post"}],"author":[{"embeddable":true,"href":"https:\/\/www.europesays.com\/fr\/wp-json\/wp\/v2\/users\/2"}],"replies":[{"embeddable":true,"href":"https:\/\/www.europesays.com\/fr\/wp-json\/wp\/v2\/comments?post=1163036"}],"version-history":[{"count":0,"href":"https:\/\/www.europesays.com\/fr\/wp-json\/wp\/v2\/posts\/1163036\/revisions"}],"wp:featuredmedia":[{"embeddable":true,"href":"https:\/\/www.europesays.com\/fr\/wp-json\/wp\/v2\/media\/1163037"}],"wp:attachment":[{"href":"https:\/\/www.europesays.com\/fr\/wp-json\/wp\/v2\/media?parent=1163036"}],"wp:term":[{"taxonomy":"category","embeddable":true,"href":"https:\/\/www.europesays.com\/fr\/wp-json\/wp\/v2\/categories?post=1163036"},{"taxonomy":"post_tag","embeddable":true,"href":"https:\/\/www.europesays.com\/fr\/wp-json\/wp\/v2\/tags?post=1163036"}],"curies":[{"name":"wp","href":"https:\/\/api.w.org\/{rel}","templated":true}]}}