{"id":1163045,"date":"2026-09-02T13:05:18","date_gmt":"2026-09-02T13:05:18","guid":{"rendered":"https:\/\/www.europesays.com\/fr\/1163045\/"},"modified":"2026-09-02T13:05:18","modified_gmt":"2026-09-02T13:05:18","slug":"len-avant-guingamp-parvient-a-recruter-un-attaquant-dans-les-dernieres-secondes-du-mercato","status":"publish","type":"post","link":"https:\/\/www.europesays.com\/fr\/1163045\/","title":{"rendered":"L&rsquo;En Avant Guingamp parvient \u00e0 recruter un attaquant dans les derni\u00e8res secondes du mercato"},"content":{"rendered":"<p>                    Par<br \/>\n        <strong><br \/>\n            <a href=\"https:\/\/actu.fr\/auteur\/journaliste-lechoarmoretargoat\" title=\"Consulter tous les articles de R\u00e9daction Guingamp\" rel=\"nofollow noopener\" target=\"_blank\">R\u00e9daction Guingamp<\/a><br \/>\n                    <\/strong><\/p>\n<p>        Publi\u00e9 le<\/p>\n<p>            2 sept. 2026 \u00e0 9h48        <\/p>\n<p>Il s\u2019en est fallu de peu. Alors que le mercato estival fermait ses portes hier, mardi 1er\u00a0septembre \u00e0 20h, l\u2019En Avant Guingamp est parvenu \u00e0 valider le recrutement d\u2019un dernier joueur dans les ultimes instants\u2009: l\u2019attaquant congolais Brandon Bokangu s\u2019appr\u00eate \u00e0 porter les couleurs \u00ab\u2009rouge et noir\u2009\u00bb, apr\u00e8s avoir d\u00e9but\u00e9 la saison sous celles de Nancy.<\/p>\n<p>Deux buts en deux matchs<\/p>\n<p class=\" wall-content\">Avec l\u2019ASNL, le joueur de 26\u00a0ans s\u2019est montr\u00e9 particuli\u00e8rement en vue ces derni\u00e8res semaines avec deux buts lors des deux derni\u00e8res journ\u00e9es de championnat (\u00e0 Pau, puis face \u00e0 Dunkerque).<\/p>\n<p class=\" wall-content\">La saison pass\u00e9e, celui qui n\u2019aura jamais connu de centre de formation avait inscrit cinq r\u00e9alisations en 18 titularisations sur les pelouses de Ligue\u00a02.<\/p>\n<p class=\" wall-content\">Pour attirer le natif de Kinshasa et convaincre Nancy de renforcer un concurrent, l\u2019En Avant Guingamp a ainsi d\u00fb sortir le carnet de ch\u00e8ques.<\/p>\n<p class=\" wall-content\">En plus du transfert, estim\u00e9 \u00e0 100\u2009000\u00a0euros, le club breton a su convaincre le joueur, qui n\u2019\u00e9tait pas contre poursuivre l\u2019aventure \u00e0 Nancy, club qu\u2019il avait rejoint \u00e0 l\u2019\u00e9t\u00e9 2024 apr\u00e8s une belle saison avec le Paris 13 Atl\u00e9tico en N2.<\/p>\n<p>Repositionn\u00e9 num\u00e9ro\u00a09<\/p>\n<p class=\" wall-content\">C\u2019est en Lorraine, justement, que Bokangu a r\u00e9ellement d\u00e9but\u00e9 sa carri\u00e8re d\u2019avant-centre, lui qui \u00e9voluait auparavant comme ailier.<\/p>\n<p>Vid\u00e9os : en ce moment sur Actu<\/p>\n<p class=\" wall-content\">Capable \u00e9galement d\u2019\u00e9voluer dans un syst\u00e8me \u00e0 deux attaquants, la nouvelle recrue de l\u2019EAG est d\u00e9crite comme un joueur qui p\u00e8se sur les d\u00e9fenses, technique, mais \u00e9galement physique et \u00e0 l\u2019aise dans le jeu a\u00e9rien.<\/p>\n<p class=\" wall-content\">Dot\u00e9 d\u2019une belle qualit\u00e9 de frappe, il reste toutefois un profil \u00e0 polir.<\/p>\n<p class=\" wall-content\">Bien qu\u2019il ait inscrit deux buts derni\u00e8rement, sa capacit\u00e9 \u00e0 finir les actions est parfois remise en question et demande \u00e0 \u00eatre am\u00e9lior\u00e9e s\u2019il esp\u00e8re marcher dans les pas de Louis Mafouta, auteur de 15\u00a0buts la saison derni\u00e8re en Ligue\u00a02 avec l\u2019En Avant Guingamp.<\/p>\n<p>Neuf recrues au cours de ce mercato<\/p>\n<p class=\" wall-content\">Brandon Bokangu devient ainsi la 9e recrue de l\u2019EAG durant ce mercato estival apr\u00e8s Teddy Averlant, Samir Ben Brahim, Jasser Chamakh, Florent Sanchez, Jeovanni Dianganga, Tom Ducrocq, Zayon Chta\u00ef-Telamio et Tuomas Ollila. Attendu ces prochaines heures en Bretagne, il pourrait \u00eatre de la partie d\u00e8s samedi sur la pelouse de Reims.<\/p>\n<p class=\" wall-content\">Personnalisez votre actualit\u00e9 en ajoutant vos villes et m\u00e9dias en favori avec <a href=\"https:\/\/moncompte.actu.fr\" title=\"D\u00e9couvez Mon Actu\" rel=\"nofollow noopener\" data-trk=\"{&quot;cta&quot;:{&quot;action&quot;:&quot;https:\\\/\\\/moncompte.actu.fr&quot;,&quot;category&quot;:&quot;mon compte&quot;,&quot;from&quot;:&quot;article footer&quot;,&quot;name&quot;:&quot;Mon actu&quot;,&quot;type&quot;:&quot;cta&quot;}}\" target=\"_blank\">Mon Actu<\/a>.<\/p>\n","protected":false},"excerpt":{"rendered":"Par R\u00e9daction Guingamp Publi\u00e9 le 2 sept. 2026 \u00e0 9h48 Il s\u2019en est fallu de peu. Alors que&hellip;\n","protected":false},"author":2,"featured_media":1163046,"comment_status":"","ping_status":"","sticky":false,"template":"","format":"standard","meta":{"footnotes":"","_share_on_mastodon":"0"},"categories":[9635],"tags":[1111,11,1777,674,63,1011,27,775,446,1434,1702,12,25,60],"class_list":["post-1163045","post","type-post","status-publish","format-standard","has-post-thumbnail","category-nancy","tag-actu","tag-actualites","tag-eu","tag-europe","tag-football","tag-fr","tag-france","tag-grand-est","tag-ligue-2","tag-mercato","tag-nancy","tag-news","tag-republique-francaise","tag-sports"],"share_on_mastodon":{"url":"https:\/\/pubeurope.com\/@fr\/117201595729691129","error":""},"_links":{"self":[{"href":"https:\/\/www.europesays.com\/fr\/wp-json\/wp\/v2\/posts\/1163045","targetHints":{"allow":["GET"]}}],"collection":[{"href":"https:\/\/www.europesays.com\/fr\/wp-json\/wp\/v2\/posts"}],"about":[{"href":"https:\/\/www.europesays.com\/fr\/wp-json\/wp\/v2\/types\/post"}],"author":[{"embeddable":true,"href":"https:\/\/www.europesays.com\/fr\/wp-json\/wp\/v2\/users\/2"}],"replies":[{"embeddable":true,"href":"https:\/\/www.europesays.com\/fr\/wp-json\/wp\/v2\/comments?post=1163045"}],"version-history":[{"count":0,"href":"https:\/\/www.europesays.com\/fr\/wp-json\/wp\/v2\/posts\/1163045\/revisions"}],"wp:featuredmedia":[{"embeddable":true,"href":"https:\/\/www.europesays.com\/fr\/wp-json\/wp\/v2\/media\/1163046"}],"wp:attachment":[{"href":"https:\/\/www.europesays.com\/fr\/wp-json\/wp\/v2\/media?parent=1163045"}],"wp:term":[{"taxonomy":"category","embeddable":true,"href":"https:\/\/www.europesays.com\/fr\/wp-json\/wp\/v2\/categories?post=1163045"},{"taxonomy":"post_tag","embeddable":true,"href":"https:\/\/www.europesays.com\/fr\/wp-json\/wp\/v2\/tags?post=1163045"}],"curies":[{"name":"wp","href":"https:\/\/api.w.org\/{rel}","templated":true}]}}