{"id":1163059,"date":"2026-09-02T13:14:15","date_gmt":"2026-09-02T13:14:15","guid":{"rendered":"https:\/\/www.europesays.com\/fr\/1163059\/"},"modified":"2026-09-02T13:14:15","modified_gmt":"2026-09-02T13:14:15","slug":"metropole-de-grenoble-les-tarifs-des-cantines-reduits-pour-les-plus-riches-la-maire-favorise-les-plus-aises-fustige-la-gauche","status":"publish","type":"post","link":"https:\/\/www.europesays.com\/fr\/1163059\/","title":{"rendered":"M\u00e9tropole de Grenoble. Les tarifs des cantines r\u00e9duits pour les plus riches : \u00ab\u00a0la maire favorise les plus ais\u00e9s\u00a0\u00bb, fustige la gauche"},"content":{"rendered":"<p>Ceux qui ont suivi la campagne des municipales \u00e0 Meylan s\u2019en souviennent s\u00fbrement. C\u2019\u00e9tait en effet un axe fort du programme de la nouvelle maire, <a href=\"https:\/\/www.ledauphine.com\/p\/joelle-hours\" target=\"_blank\" rel=\"nofollow noopener\">Jo\u00eblle Hours<\/a>.<\/p>\n<p>En septembre\u00a02025, lors de la premi\u00e8re r\u00e9union publique, s<a href=\"https:\/\/www.ledauphine.com\/elections\/2025\/09\/24\/isere-meylan-municipales-2026-joelle-hours-veut-sauver-le-modele-meylanais-en-danger\" target=\"_blank\" rel=\"nofollow noopener\">on colistier (aujourd\u2019hui adjoint) Francis Pillot l\u2019avait d\u2019ailleurs promis<\/a>\u00a0: les prix de la pause m\u00e9ridienne scolaire (repas et garderie) allaient changer \u00ab\u00a0pour qu\u2019on cesse d\u2019avoir la cantine la plus ch\u00e8re de France\u00a0\u00bb. Jusqu\u2019\u00e0 12\u00a0\u20ac par ticket pour les familles les plus ais\u00e9es.<\/p>\n<p>Alors que la promesse \u00e9lectorale a \u00e9t\u00e9 tenue pour une effectivit\u00e9 d\u00e8s cette rentr\u00e9e dans les \u00e9coles primaires de Meylan, la r\u00e9plique de l\u2019opposition de gauche n\u2019a pas tard\u00e9. Le groupe AIMeylan a communiqu\u00e9\u00a0: \u00ab\u00a0Au milieu de l\u2019\u00e9t\u00e9, les familles de notre commune ont re\u00e7u un courrier annon\u00e7ant \u201cune r\u00e9vision des grilles tarifaires [\u2026] pour les services p\u00e9ri et&#8230;<\/p>\n","protected":false},"excerpt":{"rendered":"Ceux qui ont suivi la campagne des municipales \u00e0 Meylan s\u2019en souviennent s\u00fbrement. C\u2019\u00e9tait en effet un axe&hellip;\n","protected":false},"author":2,"featured_media":1163060,"comment_status":"","ping_status":"","sticky":false,"template":"","format":"standard","meta":{"footnotes":"","_share_on_mastodon":"0"},"categories":[9566],"tags":[1111,11,2430,1984,112,1057,1777,674,1011,27,2731,108,10425,9597,9598,12,316,25],"class_list":["post-1163059","post","type-post","status-publish","format-standard","has-post-thumbnail","category-grenoble","tag-actu","tag-actualites","tag-auvergne-rhone-alpes","tag-conseil-municipal","tag-edition-grenoble-agglomeration","tag-education","tag-eu","tag-europe","tag-fr","tag-france","tag-grenoble","tag-isere","tag-maternelle-elementaire","tag-meylan","tag-meylan-et-autour","tag-news","tag-politique","tag-republique-francaise"],"share_on_mastodon":{"url":"https:\/\/pubeurope.com\/@fr\/117201631293957091","error":""},"_links":{"self":[{"href":"https:\/\/www.europesays.com\/fr\/wp-json\/wp\/v2\/posts\/1163059","targetHints":{"allow":["GET"]}}],"collection":[{"href":"https:\/\/www.europesays.com\/fr\/wp-json\/wp\/v2\/posts"}],"about":[{"href":"https:\/\/www.europesays.com\/fr\/wp-json\/wp\/v2\/types\/post"}],"author":[{"embeddable":true,"href":"https:\/\/www.europesays.com\/fr\/wp-json\/wp\/v2\/users\/2"}],"replies":[{"embeddable":true,"href":"https:\/\/www.europesays.com\/fr\/wp-json\/wp\/v2\/comments?post=1163059"}],"version-history":[{"count":0,"href":"https:\/\/www.europesays.com\/fr\/wp-json\/wp\/v2\/posts\/1163059\/revisions"}],"wp:featuredmedia":[{"embeddable":true,"href":"https:\/\/www.europesays.com\/fr\/wp-json\/wp\/v2\/media\/1163060"}],"wp:attachment":[{"href":"https:\/\/www.europesays.com\/fr\/wp-json\/wp\/v2\/media?parent=1163059"}],"wp:term":[{"taxonomy":"category","embeddable":true,"href":"https:\/\/www.europesays.com\/fr\/wp-json\/wp\/v2\/categories?post=1163059"},{"taxonomy":"post_tag","embeddable":true,"href":"https:\/\/www.europesays.com\/fr\/wp-json\/wp\/v2\/tags?post=1163059"}],"curies":[{"name":"wp","href":"https:\/\/api.w.org\/{rel}","templated":true}]}}