{"id":1163075,"date":"2026-09-02T13:27:14","date_gmt":"2026-09-02T13:27:14","guid":{"rendered":"https:\/\/www.europesays.com\/fr\/1163075\/"},"modified":"2026-09-02T13:27:14","modified_gmt":"2026-09-02T13:27:14","slug":"un-appel-a-la-greve-des-pilotes-dune-compagnie-aerienne-des-perturbations-possibles-a-laeroport-de-nantes","status":"publish","type":"post","link":"https:\/\/www.europesays.com\/fr\/1163075\/","title":{"rendered":"Un appel \u00e0 la gr\u00e8ve des pilotes d\u2019une compagnie a\u00e9rienne\u00a0: des perturbations possibles \u00e0 l\u2019a\u00e9roport de Nantes"},"content":{"rendered":"<p data-ofstats-scroll=\"read_depth_20\">Les voyageurs vont devoir \u00eatre vigilants s\u2019ils veulent prendre l\u2019avion. En France, des pilotes de Volotea envisagent trois journ\u00e9es de gr\u00e8ve du 4 au 6\u00a0septembre 2026, selon <a href=\"https:\/\/snpl.com\/\" target=\"_self\" rel=\"nofollow noopener\">le syndicat national des pilotes de ligne<\/a>\u00a0(SNPL) fran\u00e7ais. Ils r\u00e9clament des am\u00e9liorations des salaires et souhaitent de meilleures conditions de travail.<\/p>\n<p data-ofstats-scroll=\"read_depth_30\"><strong>\u00c0 LIRE AUSSI\u00a0: <\/strong> <a href=\"https:\/\/www.ouest-france.fr\/pays-de-la-loire\/nantes-44000\/aeroport-de-nantes\/aeroport-de-nantes-quelles-sont-les-destinations-les-plus-prisees-par-les-voyageurs-cet-ete-8476f034-9a02-11f1-80a8-4192b81f52ff\" target=\"_self\" rel=\"nofollow noopener\"> <strong>A\u00e9roport de Nantes\u00a0: un trafic en l\u00e9g\u00e8re baisse au premier semestre 2026<\/strong> <\/a><\/p>\n<p data-ofstats-scroll=\"read_depth_60\">Plusieurs bases de la compagnie en France\u00a0(Toulouse-Blagnac, Bordeaux, Brest, Nantes,\u00a0Nice, Rennes, Marseille, Lille, Lyon,\u00a0etc) pourraient \u00eatre impact\u00e9es. Contact\u00e9e mardi 1er\u00a0septembre, la direction de l\u2019a\u00e9roport Nantes-Atlantique\u00a0dit ne pas conna\u00eetre en amont l\u2019ampleur des perturbations\u00a0: \u00c0 ce stade, il est trop t\u00f4t pour conna\u00eetre l\u2019impact \u00e9ventuel du mouvement social au sein du personnel navigant de Volotea annonc\u00e9 pour le week-end prochain sur le trafic \u00e0 l\u2019a\u00e9roport Nantes Atlantique. Nous sommes en contact avec la compagnie et attentifs \u00e0 toute \u00e9ventuelle \u00e9volution de son programme de vols\u00a0\u00bb.<\/p>\n<p data-ofstats-scroll=\"read_depth_70\"><strong>\u00c0 LIRE AUSSI\u00a0: <\/strong> <a href=\"https:\/\/www.ouest-france.fr\/pays-de-la-loire\/nantes-44000\/aeroport-de-nantes\/aeroport-de-nantes-atlantique-pourquoi-est-il-devenu-le-moins-bien-note-de-france-1ca51dd6-9d69-11f1-b6b2-5710555c207e\" target=\"_self\" rel=\"nofollow noopener\"> <strong>A\u00e9roport de Nantes Atlantique\u00a0: pourquoi est-il devenu le moins bien not\u00e9 de France\u00a0?<\/strong> <\/a><\/p>\n<p>        D\u2019autres\u00a0gr\u00e8ves\u00a0cet\u00a0\u00e9t\u00e9<\/p>\n<p data-ofstats-scroll=\"read_depth_80\">D\u2019autres compagnies a\u00e9riennes ont connu des gr\u00e8ves cet \u00e9t\u00e9. C\u2019est le cas d\u2019<a href=\"https:\/\/www.ouest-france.fr\/pays-de-la-loire\/nantes-44000\/aeroport-de-nantes\/greve-massive-chez-easyjet-environ-100-vols-annules-ce-week-end-en-france-80bb7334-98b3-11f1-8c29-31ba9300fba3\" target=\"_self\" rel=\"nofollow noopener\">EasyJet<\/a> en ao\u00fbt. Plusieurs vols ont notamment \u00e9t\u00e9 annul\u00e9s notamment le week-end de la mi-ao\u00fbt.\u00a0Des passagers de Nantes ont \u00e9t\u00e9 impact\u00e9s.<\/p>\n<p data-ofstats-scroll=\"read_depth_100\"><strong>\u00c0 LIRE AUSSI\u00a0: <\/strong> <a href=\"https:\/\/www.ouest-france.fr\/economie\/transports\/avion\/peut-on-presenter-sa-carte-didentite-sur-son-smartphone-pour-prendre-lavion-04f24a82-7f6a-11f1-a2c0-b0e90323cd29\" target=\"_self\" rel=\"nofollow noopener\"> <strong>Peut-on pr\u00e9senter sa carte d\u2019identit\u00e9 sur son smartphone pour prendre l\u2019avion\u00a0?<\/strong> <\/a> <br \/>Pour cette nouvelle menace de gr\u00e8ve, les usagers pourront obtenir des informations directement aupr\u00e8s de <a href=\"https:\/\/www.volotea.com\/fr\/\" target=\"_self\" rel=\"nofollow noopener\">la compagnie<\/a> ou sur <a href=\"https:\/\/www.nantes.aeroport.fr\/fr\" target=\"_self\" rel=\"nofollow noopener\">le site de l\u2019a\u00e9roport.<\/a><\/p>\n","protected":false},"excerpt":{"rendered":"Les voyageurs vont devoir \u00eatre vigilants s\u2019ils veulent prendre l\u2019avion. En France, des pilotes de Volotea envisagent trois&hellip;\n","protected":false},"author":2,"featured_media":1163076,"comment_status":"","ping_status":"","sticky":false,"template":"","format":"standard","meta":{"footnotes":"","_share_on_mastodon":"0"},"categories":[2818],"tags":[1111,11,754,37,1777,674,1011,27,3047,766,12,2636,25,96,11756],"class_list":["post-1163075","post","type-post","status-publish","format-standard","has-post-thumbnail","category-nantes","tag-actu","tag-actualites","tag-aeroport-de-nantes","tag-avion","tag-eu","tag-europe","tag-fr","tag-france","tag-loire-atlantique","tag-nantes","tag-news","tag-pays-de-la-loire","tag-republique-francaise","tag-une","tag-volotea"],"share_on_mastodon":{"url":"https:\/\/pubeurope.com\/@fr\/117201682080076504","error":""},"_links":{"self":[{"href":"https:\/\/www.europesays.com\/fr\/wp-json\/wp\/v2\/posts\/1163075","targetHints":{"allow":["GET"]}}],"collection":[{"href":"https:\/\/www.europesays.com\/fr\/wp-json\/wp\/v2\/posts"}],"about":[{"href":"https:\/\/www.europesays.com\/fr\/wp-json\/wp\/v2\/types\/post"}],"author":[{"embeddable":true,"href":"https:\/\/www.europesays.com\/fr\/wp-json\/wp\/v2\/users\/2"}],"replies":[{"embeddable":true,"href":"https:\/\/www.europesays.com\/fr\/wp-json\/wp\/v2\/comments?post=1163075"}],"version-history":[{"count":0,"href":"https:\/\/www.europesays.com\/fr\/wp-json\/wp\/v2\/posts\/1163075\/revisions"}],"wp:featuredmedia":[{"embeddable":true,"href":"https:\/\/www.europesays.com\/fr\/wp-json\/wp\/v2\/media\/1163076"}],"wp:attachment":[{"href":"https:\/\/www.europesays.com\/fr\/wp-json\/wp\/v2\/media?parent=1163075"}],"wp:term":[{"taxonomy":"category","embeddable":true,"href":"https:\/\/www.europesays.com\/fr\/wp-json\/wp\/v2\/categories?post=1163075"},{"taxonomy":"post_tag","embeddable":true,"href":"https:\/\/www.europesays.com\/fr\/wp-json\/wp\/v2\/tags?post=1163075"}],"curies":[{"name":"wp","href":"https:\/\/api.w.org\/{rel}","templated":true}]}}