{"id":1163077,"date":"2026-09-02T13:28:19","date_gmt":"2026-09-02T13:28:19","guid":{"rendered":"https:\/\/www.europesays.com\/fr\/1163077\/"},"modified":"2026-09-02T13:28:19","modified_gmt":"2026-09-02T13:28:19","slug":"nantes-previsions-meteo-du-mercredi-02-septembre-2026","status":"publish","type":"post","link":"https:\/\/www.europesays.com\/fr\/1163077\/","title":{"rendered":"Nantes : pr\u00e9visions m\u00e9t\u00e9o du mercredi 02 septembre 2026"},"content":{"rendered":"<p>\u00c0 Nantes, la journ\u00e9e du mercredi 02 septembre 2026 sera marqu\u00e9e par un ciel tr\u00e8s nuageux l\u2019apr\u00e8s-midi, mais globalement sec. Les temp\u00e9ratures varieront entre 15\u00b0C le matin et 26\u00b0C en milieu de journ\u00e9e, avec un vent mod\u00e9r\u00e9.<\/p>\n<p>    Ce matin \u00e0 Nantes : ciel changeant au lever du soleil<\/p>\n<p>Le soleil s\u2019est lev\u00e9 \u00e0 07 h 26 sur la cit\u00e9 des Ducs, d\u00e9voilant un <b>ciel variable<\/b> ponctu\u00e9 de belles \u00e9claircies. \u00c0 09 h, le thermom\u00e8tre affichait <b>17 \u00b0C<\/b> pour un ressenti de 16 \u00b0C.<\/p>\n<p>L\u2019atmosph\u00e8re demeure l\u00e9g\u00e8rement humide (70 %), mais la pression \u00e9lev\u00e9e, aux alentours de 1 022 hPa, stabilise la masse d\u2019air. Un vent calme de Nord-Est, <b>6 km\/h<\/b>, n\u2019alt\u00e8re pas la sensation de douceur.<\/p>\n<p>Avec une probabilit\u00e9 de pluie nulle, on peut envisager des d\u00e9placements \u00e0 v\u00e9lo ou une visite au march\u00e9 matinal sans parapluie. Pensez toutefois \u00e0 une petite veste : l\u2019air reste frais \u00e0 l\u2019ombre des immeubles.<\/p>\n<p>Les capteurs n\u2019ont pas encore d\u00e9termin\u00e9 la qualit\u00e9 de l\u2019air ; la vigilance reste de mise concernant les \u00e9missions en centre-ville, surtout aux heures de trafic dense.<\/p>\n<p>Apr\u00e8s-midi : nuages dominants mais ambiance estivale<\/p>\n<p>Vers 15 h, la couverture nuageuse se densifie : le ciel devient <b>tr\u00e8s nuageux<\/b>. Malgr\u00e9 ce voile, la temp\u00e9rature grimpe jusqu\u2019\u00e0 <b>26 \u00b0C<\/b>, tandis que le ressenti plafonne \u00e0 24 \u00b0C, la faute \u00e0 un taux d\u2019humidit\u00e9 limit\u00e9 (40 %).<\/p>\n<p>Le flux d\u2019Ouest se renforce l\u00e9g\u00e8rement, atteignant 16 km\/h, offrant une a\u00e9ration bienvenue dans les rues commer\u00e7antes. Aucun signal de pr\u00e9cipitation : les promeneurs pourront fl\u00e2ner le long de l\u2019Erdre sans craindre l\u2019averse.<\/p>\n<p>Cette douceur s\u2019inscrit dans la normale saisonni\u00e8re pour un d\u00e9but septembre \u00e0 Nantes. La pression stable (1 023 hPa) confirme un sc\u00e9nario calme, sans front actif.<\/p>\n<p>En l\u2019absence de vent fort, la navigation de plaisance sur la Loire reste s\u00fbre. Il convient toutefois de rester attentif aux changements rapides li\u00e9s aux mar\u00e9es et au trafic fluvial.<\/p>\n<p>Soir\u00e9e \u00e0 Nantes : ciel d\u00e9gag\u00e9 avant le coucher du soleil<\/p>\n<p>\u00c0 partir de 21 h, le ciel se d\u00e9gage nettement. La temp\u00e9rature retombe \u00e0 <b>20 \u00b0C<\/b>, \u00e9gale au ressenti, id\u00e9ale pour un concert en plein air ou une soir\u00e9e en terrasse.<\/p>\n<p>Le vent, toujours orient\u00e9 \u00e0 l\u2019Ouest, souffle autour de 14 km\/h et garantit une atmosph\u00e8re agr\u00e9able. L\u2019humidit\u00e9, en l\u00e9g\u00e8re hausse (72 %), appelle \u00e0 la prudence face \u00e0 la ros\u00e9e si l\u2019on pr\u00e9voit un pique-nique nocturne.<\/p>\n<p>Le soleil dispara\u00eetra \u00e0 20 h 44. D\u00e8s la nuit tomb\u00e9e, la sensation de fra\u00eecheur pourra surprendre ; il est pr\u00e9f\u00e9rable d\u2019emporter un v\u00eatement long pour le retour.<\/p>\n<p>Les mod\u00e8les n\u2019envisagent toujours ni bruine ni rafales significatives : des conditions parfaites pour admirer les illuminations du ch\u00e2teau des Ducs ou fl\u00e2ner sur l\u2019\u00eele de Nantes.<\/p>\n<p>Tendance pour la nuit et la journ\u00e9e de demain<\/p>\n<p>Entre minuit et l\u2019aube, le ciel demeure clair. Vers 00 h, on attend <b>18 \u00b0C<\/b> sous un air calme (8 km\/h Ouest-Sud-Ouest) et une humidit\u00e9 \u00e9lev\u00e9e (89 %). Aucun risque de pluie \u00e0 signaler.<\/p>\n<p>Demain 3 septembre, le sc\u00e9nario reste identique \u00e0 celui d\u2019aujourd\u2019hui : minimum 15 \u00b0C, maximum 26 \u00b0C, ciel globalement tr\u00e8s nuageux mais sec. Le vent d\u2019Ouest-Sud-Ouest soufflera autour de 15 km\/h.<\/p>\n<p>Cette pulsation douce et oc\u00e9anique illustre la r\u00e9gularit\u00e9 du climat lig\u00e9rien en fin d\u2019\u00e9t\u00e9 : fra\u00eecheur matinale, apr\u00e8s-midi encore agr\u00e9ables, nuits temp\u00e9r\u00e9es gr\u00e2ce \u00e0 la proximit\u00e9 de l\u2019Atlantique.<\/p>\n<p>Pour plus d\u2019informations sur les activit\u00e9s compatibles avec cette m\u00e9t\u00e9o, consultez <a href=\"https:\/\/www.meteocity.com\/france\/nantes-v2990969\/tourisme\" rel=\"nofollow noopener\" target=\"_blank\">notre page tourisme<\/a>. Vous y trouverez des conseils balade, patrimoine et id\u00e9es nature, \u00e0 planifier sans se soucier des intemp\u00e9ries.<\/p>\n","protected":false},"excerpt":{"rendered":"\u00c0 Nantes, la journ\u00e9e du mercredi 02 septembre 2026 sera marqu\u00e9e par un ciel tr\u00e8s nuageux l\u2019apr\u00e8s-midi, mais&hellip;\n","protected":false},"author":2,"featured_media":1163078,"comment_status":"","ping_status":"","sticky":false,"template":"","format":"standard","meta":{"footnotes":"","_share_on_mastodon":"0"},"categories":[2818],"tags":[1111,11,1777,674,1011,27,766,12,2636,25],"class_list":["post-1163077","post","type-post","status-publish","format-standard","has-post-thumbnail","category-nantes","tag-actu","tag-actualites","tag-eu","tag-europe","tag-fr","tag-france","tag-nantes","tag-news","tag-pays-de-la-loire","tag-republique-francaise"],"share_on_mastodon":{"url":"https:\/\/pubeurope.com\/@fr\/117201686249170861","error":""},"_links":{"self":[{"href":"https:\/\/www.europesays.com\/fr\/wp-json\/wp\/v2\/posts\/1163077","targetHints":{"allow":["GET"]}}],"collection":[{"href":"https:\/\/www.europesays.com\/fr\/wp-json\/wp\/v2\/posts"}],"about":[{"href":"https:\/\/www.europesays.com\/fr\/wp-json\/wp\/v2\/types\/post"}],"author":[{"embeddable":true,"href":"https:\/\/www.europesays.com\/fr\/wp-json\/wp\/v2\/users\/2"}],"replies":[{"embeddable":true,"href":"https:\/\/www.europesays.com\/fr\/wp-json\/wp\/v2\/comments?post=1163077"}],"version-history":[{"count":0,"href":"https:\/\/www.europesays.com\/fr\/wp-json\/wp\/v2\/posts\/1163077\/revisions"}],"wp:featuredmedia":[{"embeddable":true,"href":"https:\/\/www.europesays.com\/fr\/wp-json\/wp\/v2\/media\/1163078"}],"wp:attachment":[{"href":"https:\/\/www.europesays.com\/fr\/wp-json\/wp\/v2\/media?parent=1163077"}],"wp:term":[{"taxonomy":"category","embeddable":true,"href":"https:\/\/www.europesays.com\/fr\/wp-json\/wp\/v2\/categories?post=1163077"},{"taxonomy":"post_tag","embeddable":true,"href":"https:\/\/www.europesays.com\/fr\/wp-json\/wp\/v2\/tags?post=1163077"}],"curies":[{"name":"wp","href":"https:\/\/api.w.org\/{rel}","templated":true}]}}