{"id":1163081,"date":"2026-09-02T13:30:17","date_gmt":"2026-09-02T13:30:17","guid":{"rendered":"https:\/\/www.europesays.com\/fr\/1163081\/"},"modified":"2026-09-02T13:30:17","modified_gmt":"2026-09-02T13:30:17","slug":"video-rennes-nantes-angers-bordeaux-la-compagnie-de-train-velvet-debarque-dans-louest-pour-concurrencer-la-sncf","status":"publish","type":"post","link":"https:\/\/www.europesays.com\/fr\/1163081\/","title":{"rendered":"VID\u00c9O. Rennes, Nantes, Angers, Bordeaux : la compagnie de train Velvet d\u00e9barque dans l\u2019Ouest pour concurrencer la SNCF"},"content":{"rendered":"<p>L&rsquo;entreprise ferroviaire <a href=\"https:\/\/www.ouest-france.fr\/bretagne\/rennes-35000\/une-nouvelle-compagnie-ferroviaire-pour-voyager-entre-rennes-et-paris-a-lhorizon-2029-0bd45cb2-a5e1-11f1-95a1-d7cb1b3759ac\" target=\"_blank\" rel=\"noopener noreferrer nofollow\">Velvet<\/a>, qui ambitionne de concurrencer la SNCF sur quatre destinations de l&rsquo;ouest (Paris-Bordeaux, Paris-Nantes Paris-Angers et Paris-Rennes), a obtenu sa licence d&rsquo;exploitation sur le r\u00e9seau fran\u00e7ais, a annonc\u00e9 <a href=\"https:\/\/www.velvet.fr\/\" target=\"_blank\" rel=\"noopener noreferrer nofollow\">Velvet <\/a>ce mardi 1er septembre.<\/p>\n<p>L&rsquo;axe Paris-Bordeaux en priorit\u00e9<\/p>\n<p>Au printemps dernier, les dirigeants de Velvet avaient annonc\u00e9 que les premi\u00e8res rames circuleront dans le<a href=\"https:\/\/www.ouest-france.fr\/economie\/transports\/train\/velvet-tient-ses-delais-pour-concurrencer-la-sncf-sur-la-facade-atlantique-avec-des-trains-courant-2028-60b1a240-a60d-11f1-95a1-d7cb1b3759ac\" target=\"_blank\" rel=\"noopener noreferrer nofollow\"> courant de l\u2019ann\u00e9e 2028 <\/a>sur l\u2019axe Paris-Bordeaux. Les autres trains seront ensuite livr\u00e9s au rythme d\u2019un par mois.<\/p>\n<p>Depuis fin 2021, elle a n\u00e9anmoins vu arriver face \u00e0 elle l&rsquo;entreprise ferroviaire italienne <a href=\"https:\/\/www.ouest-france.fr\/tourisme\/trenitalia-renforce-son-offre-en-france-14-allers-retours-quotidiens-entre-paris-et-lyon-des-23-euros-546dd096-9239-11f0-8c5d-398fd1cafd1e\" target=\"_blank\" rel=\"noopener noreferrer nofollow\">Trenitalia <\/a>appartenant au groupe public Ferrovie dello Stato Italiane (FS) avec ses trains Frecciarossa sur les lignes \u00e0 grande vitesse Paris-Lyon, Paris-Marseille et Paris-Milan.<\/p>\n","protected":false},"excerpt":{"rendered":"L&rsquo;entreprise ferroviaire Velvet, qui ambitionne de concurrencer la SNCF sur quatre destinations de l&rsquo;ouest (Paris-Bordeaux, Paris-Nantes Paris-Angers et&hellip;\n","protected":false},"author":2,"featured_media":1163082,"comment_status":"","ping_status":"","sticky":false,"template":"","format":"standard","meta":{"footnotes":"","_share_on_mastodon":"0"},"categories":[2817],"tags":[1111,74853,11,1438,1997,1777,674,1011,27,114653,766,12,2219,1306,584,25,2215,926,96],"class_list":["post-1163081","post","type-post","status-publish","format-standard","has-post-thumbnail","category-bordeaux","tag-actu","tag-actualite-en-continu","tag-actualites","tag-angers","tag-bordeaux","tag-eu","tag-europe","tag-fr","tag-france","tag-liaisons-ferroviaires-ouest","tag-nantes","tag-news","tag-nouvelle-aquitaine","tag-regions","tag-rennes","tag-republique-francaise","tag-sncf","tag-train","tag-une"],"share_on_mastodon":{"url":"https:\/\/pubeurope.com\/@fr\/117201693906476362","error":""},"_links":{"self":[{"href":"https:\/\/www.europesays.com\/fr\/wp-json\/wp\/v2\/posts\/1163081","targetHints":{"allow":["GET"]}}],"collection":[{"href":"https:\/\/www.europesays.com\/fr\/wp-json\/wp\/v2\/posts"}],"about":[{"href":"https:\/\/www.europesays.com\/fr\/wp-json\/wp\/v2\/types\/post"}],"author":[{"embeddable":true,"href":"https:\/\/www.europesays.com\/fr\/wp-json\/wp\/v2\/users\/2"}],"replies":[{"embeddable":true,"href":"https:\/\/www.europesays.com\/fr\/wp-json\/wp\/v2\/comments?post=1163081"}],"version-history":[{"count":0,"href":"https:\/\/www.europesays.com\/fr\/wp-json\/wp\/v2\/posts\/1163081\/revisions"}],"wp:featuredmedia":[{"embeddable":true,"href":"https:\/\/www.europesays.com\/fr\/wp-json\/wp\/v2\/media\/1163082"}],"wp:attachment":[{"href":"https:\/\/www.europesays.com\/fr\/wp-json\/wp\/v2\/media?parent=1163081"}],"wp:term":[{"taxonomy":"category","embeddable":true,"href":"https:\/\/www.europesays.com\/fr\/wp-json\/wp\/v2\/categories?post=1163081"},{"taxonomy":"post_tag","embeddable":true,"href":"https:\/\/www.europesays.com\/fr\/wp-json\/wp\/v2\/tags?post=1163081"}],"curies":[{"name":"wp","href":"https:\/\/api.w.org\/{rel}","templated":true}]}}