{"id":1163085,"date":"2026-09-02T13:32:20","date_gmt":"2026-09-02T13:32:20","guid":{"rendered":"https:\/\/www.europesays.com\/fr\/1163085\/"},"modified":"2026-09-02T13:32:20","modified_gmt":"2026-09-02T13:32:20","slug":"150-000-festivaliers-des-stars-mondiales-et-deja-des-projets-le-poney-club-voit-toujours-plus-grand","status":"publish","type":"post","link":"https:\/\/www.europesays.com\/fr\/1163085\/","title":{"rendered":"150 000 festivaliers, des stars mondiales et d\u00e9j\u00e0 des projets : le Poney Club voit toujours plus grand"},"content":{"rendered":"<p>\n                                                                    l&rsquo;essentiel<br \/>\n                                                                Le Poney Club a franchi un nouveau cap cet \u00e9t\u00e9. Avec 150 000 festivaliers accueillis au pied des pistes de l\u2019a\u00e9roport de Toulouse-Blagnac, le rendez-vous \u00e9lectro signe un record de fr\u00e9quentation et confirme son changement de dimension. Public venu de Toulouse, mais aussi de plus en plus de l\u2019\u00e9tranger, soir\u00e9es compl\u00e8tes et t\u00eates d\u2019affiche internationales : Amine Britel, directeur artistique et cofondateur du Poney Club, tire le bilan d\u2019une saison 2026 historique et d\u00e9voile d\u00e9j\u00e0 quelques pistes pour la suite.\n                            <\/p>\n<p class=\"txt-question\">150 000 festivaliers en 2026, c\u2019est un record absolu pour le Poney Club, comment avez-vous r\u00e9ussi \u00e0 l&rsquo;atteindre ?<\/p>\n<p>Oui, l&rsquo;\u00e9t\u00e9 dernier on avait attir\u00e9 115 000 personnes. 150 000, c\u2019\u00e9tait l\u2019objectif vis\u00e9 cette ann\u00e9e. On a fait 52 dates, soit 37 % de jours d&rsquo;ouverture en plus qu&rsquo;en 2025, avec un taux de remplissage de 2 500 personnes en moyenne. Plusieurs soir\u00e9es ont affich\u00e9 complet, avec 4 500 personnes : La Kermesse Festival, Moby, Carl Cox, Bob Sinclar&#8230;<\/p>\n<p><strong>Avez-vous le sentiment que le Poney Club a chang\u00e9 de dimension cette saison ?<\/strong><\/p>\n<p>Il avait d\u00e9j\u00e0 chang\u00e9 de dimension l\u2019\u00e9t\u00e9 2025, o\u00f9 il avait pris une grosse acc\u00e9l\u00e9ration. Mais cette ann\u00e9e, on a quand m\u00eame pass\u00e9 un gros cap. On a presque doubl\u00e9 nos abonn\u00e9s sur <a href=\"https:\/\/www.instagram.com\/poneyclubtoulouse\/?hl=fr\" target=\"_blank\" rel=\"nofollow noopener\">la page Instagram <\/a>: on est pass\u00e9 de 63 000 \u00e0 118 000. C\u2019est \u00e9norme.<\/p>\n<p><strong>Cette progression est-elle aussi li\u00e9e \u00e0 l\u2019\u00e9volution du public ?<\/strong><\/p>\n<p>Oui, on a de plus en plus d\u2019\u00e9trangers, qui nous suivent et qui font le d\u00e9placement. La part des touristes est celle qui a le plus \u00e9volu\u00e9 dans la client\u00e8le du <a href=\"https:\/\/www.poneyclubtoulouse.fr\/\" target=\"_blank\" rel=\"nofollow noopener\">Poney Club<\/a>, \u00e7a fait la diff\u00e9rence. Il y a plus de 50 pays, d&rsquo;Europe et d&rsquo;au-del\u00e0. Japon, Am\u00e9rique, \u00c9tats-Unis&#8230; Ils viennent vraiment de partout.<\/p>\n<p>        <img decoding=\"async\" class=\"std-img__img responsive-img\" src=\"https:\/\/www.europesays.com\/fr\/wp-content\/uploads\/2026\/09\/1788355939_553_image.jpg\" alt=\"Jean-Michel Jarre, l'un des lives les plus attendus de l'\u00e9t\u00e9 2026 au Poney Club.\"\/><\/p>\n<p>                Jean-Michel Jarre, l&rsquo;un des lives les plus attendus de l&rsquo;\u00e9t\u00e9 2026 au Poney Club.<br \/>\n                                    Yakind<\/p>\n<p><strong>Les spectateurs \u00e9trangers viennent-ils sp\u00e9cifiquement pour le Poney Club ou est-ce qu&rsquo;ils l&rsquo;incluent dans leur s\u00e9jour \u00e0 Toulouse ou en France ?<\/strong><\/p>\n<p>Je pense qu\u2019il y a les deux : des gens qui voyagent, qui sont en France pour quelques semaines ou en Europe, qui se disent \u00ab\u00a0Tiens, on y va !\u00a0\u00bb Et il y a aussi de vrais fans qui se d\u00e9placent, pour Moby ou Jean-Michel Jarre par exemple.<\/p>\n<p><strong>Quelle est la soir\u00e9e qui a d\u00e9pass\u00e9 vos attentes en termes de fr\u00e9quentation ?<\/strong><\/p>\n<p>Moby, \u00e7a a super bien fonctionn\u00e9. Je pense qu\u2019on aurait pu accueillir beaucoup plus de personnes\u2026 C\u2019\u00e9tait complet deux mois avant.<\/p>\n<p class=\"std-elt__inline\">\n        <strong>\u00c0 lire aussi :<\/strong><br \/>\n        <a href=\"https:\/\/www.ladepeche.fr\/2026\/08\/21\/reportage-on-est-partis-avant-la-fin-cetait-a-en-faire-un-avc-le-concert-de-moby-a-divise-le-public-au-poney-club-entre-deception-des-fans-et-13517034.php\" rel=\"nofollow noopener\" target=\"_blank\">REPORTAGE. \u00ab\u00a0On est partis avant la fin\u00a0\u00bb, \u00ab\u00a0C&rsquo;\u00e9tait \u00e0 en faire un AVC !\u00a0\u00bb : le concert de Moby a divis\u00e9 le public au Poney Club, entre d\u00e9ception des fans et enthousiasme des fans de techno<\/a>\n    <\/p>\n<p><strong>Et \u00e0 titre personnel, quels concerts vous ont le plus marqu\u00e9 ?<\/strong><\/p>\n<p>Axwell, il y avait une vraie connexion avec le public. C\u2019\u00e9tait vraiment fou. Et Lost Frequencies, les deux, c\u2019\u00e9tait g\u00e9nial.<\/p>\n<p><strong>Il y a un vrai attachement du public toulousain au Poney Club. Comment vous l&rsquo;expliquez ?<\/strong><\/p>\n<p>On l\u2019explique par le fait qu\u2019on reste quand m\u00eame \u00e0 taille humaine. On essaie d\u2019am\u00e9liorer chaque ann\u00e9e le site et on prend le temps de r\u00e9pondre \u00e0 chaque personne quand ils nous \u00e9crivent. On am\u00e9liore si on a des avis qui sont pertinents ou on donne une r\u00e9ponse dans le cas contraire. Le fait qu\u2019on soit vraiment connect\u00e9 avec notre public fait que les gens s\u2019attachent \u00e0 la marque et nous suivent, pour certains depuis le d\u00e9but.<\/p>\n<p>        <img decoding=\"async\" class=\"std-img__img responsive-img\" src=\"https:\/\/www.europesays.com\/fr\/wp-content\/uploads\/2026\/09\/1788355940_743_image.jpg\" alt=\"Le DJ set de Moby au Poney Club, une soir\u00e9e qui a affich\u00e9 complet des semaines \u00e0 l'avance.\"\/><\/p>\n<p>                Le DJ set de Moby au Poney Club, une soir\u00e9e qui a affich\u00e9 complet des semaines \u00e0 l&rsquo;avance.<br \/>\n                                    DDM &#8211; S\u00e9bastien Bellaval<\/p>\n<p><strong>Une fr\u00e9quentation record ne veut pas forc\u00e9ment dire une saison record sur le plan financier. C\u00f4t\u00e9 \u00e9conomique, le lieu est-il aujourd\u2019hui \u00e0 l\u2019\u00e9quilibre ?<\/strong><\/p>\n<p>Il l&rsquo;est depuis 2024.<\/p>\n<p><strong>Quelles sont les principales difficult\u00e9s pour organiser une saison comme celle qui vient de se terminer ? Les co\u00fbts artistiques, la s\u00e9curit\u00e9, la logistique ?<\/strong><\/p>\n<p>C\u2019est le casse-t\u00eate artistique. Ce n\u2019est m\u00eame pas les cachets qui augmentent. C\u2019est juste l\u2019offre et la demande. Les artistes sont g\u00e9n\u00e9ralement disponibles trois ou quatre mois dans la saison, ils sont tr\u00e8s sollicit\u00e9s. Il faut arriver \u00e0 les convaincre de venir. En faisant un effort financier, \u00e9videmment, mais l&rsquo;argent n&rsquo;est pas le seul facteur. Toulouse n&rsquo;est pas une capitale, ce n\u2019est pas une priorit\u00e9 pour certains. Mais bon, on se d\u00e9brouille plut\u00f4t pas mal.<\/p>\n<p><strong>Pour faire venir quelqu\u2019un comme Jean-Michel Jarre, il a donc fallu sortir un gros ch\u00e8que ?<\/strong><\/p>\n<p>Si Jarre a accept\u00e9 de jouer au Poney Club, c&rsquo;est surtout parce qu\u2019on arrive \u00e0 aligner trois mois de programmation l\u2019\u00e9t\u00e9 \u00e0 Toulouse, et que \u00e7a se d\u00e9roule dans un a\u00e9roport. Il a \u00e9t\u00e9 s\u00e9duit par le projet artistique.<\/p>\n<blockquote data-instgrm-captioned=\"\" data-instgrm-permalink=\"https:\/\/www.instagram.com\/reel\/DcvDmaDofvZ\/?utm_source=ig_embed&amp;utm_campaign=loading\" data-instgrm-version=\"14\" style=\" background:#FFF; border:0; border-radius:3px; box-shadow:0 0 1px 0 rgba(0,0,0,0.5),0 1px 10px 0 rgba(0,0,0,0.15); margin: 1px; max-width:540px; min-width:326px; padding:0; width:99.375%; width:-webkit-calc(100% - 2px); width:calc(100% - 2px);\" data-class=\"instagram-media\"\/>\n<p><strong>L\u2019an prochain, quelles \u00e9volutions pr\u00e9voyez-vous ?<\/strong><\/p>\n<p>L\u2019objectif est d\u2019optimiser ce qu\u2019on a r\u00e9ussi \u00e0 faire, de garder ce format-l\u00e0 et d\u2019essayer d\u2019aller chercher des dates plus compl\u00e8tes. On va mettre le paquet sur la \u00ab\u00a0prod\u00a0\u00bb &#8211; effets sp\u00e9ciaux, son, lumi\u00e8re, etc. -, pour am\u00e9liorer encore l\u2019exp\u00e9rience client.<\/p>\n<p><strong>Peut-on avoir quelques indices sur la prochaine programmation ?<\/strong><\/p>\n<p>Non (rires). J&rsquo;ai une bonne dizaine de noms qui avancent bien, donc c\u2019est cool.<\/p>\n<p><strong>\u00c0 quoi ressemblerait le Poney Club id\u00e9al dans cinq ans ?<\/strong><\/p>\n<p>Joker ! J&rsquo;ai bien une id\u00e9e mais je garde la surprise pour plus tard. On y travaille.<\/p>\n<p>                                                                                <script async src=\"\/\/www.instagram.com\/embed.js\"><\/script><\/p>\n","protected":false},"excerpt":{"rendered":"l&rsquo;essentiel Le Poney Club a franchi un nouveau cap cet \u00e9t\u00e9. Avec 150 000 festivaliers accueillis au pied&hellip;\n","protected":false},"author":2,"featured_media":1163086,"comment_status":"","ping_status":"","sticky":false,"template":"","format":"standard","meta":{"footnotes":"","_share_on_mastodon":"0"},"categories":[2816],"tags":[1111,11,70727,55766,872,1777,674,1011,27,2722,12,2680,25,2312],"class_list":["post-1163085","post","type-post","status-publish","format-standard","has-post-thumbnail","category-toulouse","tag-actu","tag-actualites","tag-bars-et-clubs","tag-blagnac","tag-culture-et-loisirs","tag-eu","tag-europe","tag-fr","tag-france","tag-haute-garonne","tag-news","tag-occitanie","tag-republique-francaise","tag-toulouse"],"share_on_mastodon":{"url":"https:\/\/pubeurope.com\/@fr\/117201704050902680","error":""},"_links":{"self":[{"href":"https:\/\/www.europesays.com\/fr\/wp-json\/wp\/v2\/posts\/1163085","targetHints":{"allow":["GET"]}}],"collection":[{"href":"https:\/\/www.europesays.com\/fr\/wp-json\/wp\/v2\/posts"}],"about":[{"href":"https:\/\/www.europesays.com\/fr\/wp-json\/wp\/v2\/types\/post"}],"author":[{"embeddable":true,"href":"https:\/\/www.europesays.com\/fr\/wp-json\/wp\/v2\/users\/2"}],"replies":[{"embeddable":true,"href":"https:\/\/www.europesays.com\/fr\/wp-json\/wp\/v2\/comments?post=1163085"}],"version-history":[{"count":0,"href":"https:\/\/www.europesays.com\/fr\/wp-json\/wp\/v2\/posts\/1163085\/revisions"}],"wp:featuredmedia":[{"embeddable":true,"href":"https:\/\/www.europesays.com\/fr\/wp-json\/wp\/v2\/media\/1163086"}],"wp:attachment":[{"href":"https:\/\/www.europesays.com\/fr\/wp-json\/wp\/v2\/media?parent=1163085"}],"wp:term":[{"taxonomy":"category","embeddable":true,"href":"https:\/\/www.europesays.com\/fr\/wp-json\/wp\/v2\/categories?post=1163085"},{"taxonomy":"post_tag","embeddable":true,"href":"https:\/\/www.europesays.com\/fr\/wp-json\/wp\/v2\/tags?post=1163085"}],"curies":[{"name":"wp","href":"https:\/\/api.w.org\/{rel}","templated":true}]}}