{"id":1163131,"date":"2026-09-02T14:03:18","date_gmt":"2026-09-02T14:03:18","guid":{"rendered":"https:\/\/www.europesays.com\/fr\/1163131\/"},"modified":"2026-09-02T14:03:18","modified_gmt":"2026-09-02T14:03:18","slug":"us-open-jaimerais-bien-aller-plus-loin-rescape-des-qualifications-le-francais-arthur-gea-se-hisse-au-2e-tour","status":"publish","type":"post","link":"https:\/\/www.europesays.com\/fr\/1163131\/","title":{"rendered":"US Open : \u00abJ\u2019aimerais bien aller plus loin\u00bb, rescap\u00e9 des qualifications, le Fran\u00e7ais Arthur G\u00e9a se hisse au 2e tour"},"content":{"rendered":"<p>\n    La belle aventure du 87e mondial se poursuit \u00e0 New York apr\u00e8s sa victoire en cinq sets face \u00e0 l\u2019Argentin Juan Manuel Cerundolo.<\/p>\n<p class=\"fig-paragraph\">Le Fran\u00e7ais Arthur G\u00e9a (87e) s&rsquo;est qualifi\u00e9 mardi pour le deuxi\u00e8me tour de l&rsquo;US Open en \u00e9cartant l&rsquo;Argentin Juan Manuel Cerundolo (45e), 6-3, 2-6, 3-6, 6-3, 6-1, \u00e0 l&rsquo;occasion de sa premi\u00e8re participation au tournoi. La belle histoire se poursuit pour l&rsquo;enfant de Velleron (Vaucluse), 244e fin 2025 et entr\u00e9 dans le top 100 d\u00e9but ao\u00fbt. \u00ab\u00c7a va plut\u00f4t vite cette ann\u00e9e, m\u00eame plus vite que ce qu&rsquo;on avait pr\u00e9vu\u00bb, a-t-il r\u00e9agi. \u00abMon niveau se stabilise haut et j&rsquo;ai toujours beaucoup de place pour progresser.\u00bb<\/p>\n<p class=\"fig-paragraph\">\u00c9limin\u00e9 au dernier tour des qualifications \u00e0 New York, rep\u00each\u00e9 in extremis, G\u00e9a refuse pourtant de consid\u00e9rer d&rsquo;ores et d\u00e9j\u00e0 sa trajectoire \u00e0 l&rsquo;US Open comme un succ\u00e8s. \u00abC&rsquo;est loin d&rsquo;\u00eatre encore une r\u00e9ussite, parce que j&rsquo;aimerais bien aller plus loin\u00bb, a-t-il d\u00e9clar\u00e9, \u00abmais c&rsquo;est un bon d\u00e9but.\u00bb Initialement malmen\u00e9, le Proven\u00e7al de 21 ans est n\u00e9anmoins parvenu \u00e0 encha\u00eener apr\u00e8s son titre \u00e0 Los Cabos (Mexique), d\u00e9but ao\u00fbt.<\/p>\n<p>                                            <a class=\"fig-a11y-skip\" href=\"#fig-a11y-skip-main-inarticle\" is=\"fig-a11y-skip\" data-trigger-mode=\"visible-once\"><br \/>\n    Passer la publicit\u00e9<br \/>\n<\/a>            <\/p>\n<p class=\"fig-paragraph\">Mardi, G\u00e9a a rapidement men\u00e9 4-1 gr\u00e2ce \u00e0 un break, puis tenu ses jeux de service pour empocher le premier set. Mais son jeu s&rsquo;est fait moins pr\u00e9cis par la suite et le gaucher argentin a capitalis\u00e9 sur son lourd coup droit de fond de court pour arracher les deux manches suivantes. Le Fran\u00e7ais est rest\u00e9 volontaire, actif au filet (18 points gagn\u00e9s) et incisif en retour, tandis que Cerundolo a fini par s&rsquo;\u00e9mousser physiquement. \u00abJ&rsquo;ai pris un peu de recul au troisi\u00e8me set\u00bb, a-t-il dit. \u00abJe me prenais un peu trop la t\u00eate. (&#8230;) Je sentais que j&rsquo;\u00e9tais plus fort que lui, juste qu&rsquo;il fallait que je reste concentr\u00e9.\u00bb<\/p>\n<p class=\"fig-paragraph\">Au quatri\u00e8me set, \u00e0 3-0 pour G\u00e9a, l&rsquo;Argentin a demand\u00e9 un temps-mort m\u00e9dical pour se faire examiner le poignet gauche. Malgr\u00e9 une longue interruption pour cause de pluie \u00e0 5-2, toujours au quatri\u00e8me set, G\u00e9a est parvenu \u00e0 maintenir son emprise sur la rencontre \u00e0 la reprise, avec une cinqui\u00e8me manche \u00e0 sens unique. Au deuxi\u00e8me tour, le Fran\u00e7ais sera confront\u00e9 au vainqueur du match entre l&rsquo;Allemand Daniel Altmaier (57e) et l&rsquo;Am\u00e9ricain Zachary Svajda (80e).<\/p>\n<p>                                            Leolia Jeanjean passe \u00e9galement<\/p>\n<p class=\"fig-paragraph\">Outre G\u00e9a, deux autres Fran\u00e7ais ont rejoint mardi soir le deuxi\u00e8me tour. Ga\u00ebl Monfils a franchi l&rsquo;obstacle Adolfo Daniel Vallejo (60e) et, dans le tableau f\u00e9minin, Leolia Jeanjean (127e) a dispos\u00e9 d&rsquo;Arantxa Rus (204e). Avouant avoir \u00e9t\u00e9 tendue, Jeanjean se satisfaisait d&rsquo;avoir fait un \u00abmatch s\u00e9rieux\u00bb. Au prochain tour, la trentenaire croisera la route de l&rsquo;Autrichienne Anastasia Potapova, t\u00eate de s\u00e9rie N.24. \u00abJe suis super contente de me donner la chance et l&rsquo;opportunit\u00e9 de jouer ce genre de fille\u00bb, a confi\u00e9 Jeanjean.<\/p>\n","protected":false},"excerpt":{"rendered":"La belle aventure du 87e mondial se poursuit \u00e0 New York apr\u00e8s sa victoire en cinq sets face&hellip;\n","protected":false},"author":2,"featured_media":1163132,"comment_status":"","ping_status":"","sticky":false,"template":"","format":"standard","meta":{"footnotes":"","_share_on_mastodon":"0"},"categories":[1415],"tags":[47,4169,105,2199,1011,27,1114,35225,1960,1980,60,1467,4172,4170],"class_list":["post-1163131","post","type-post","status-publish","format-standard","has-post-thumbnail","category-tennis","tag-actualite","tag-atp","tag-djokovic","tag-federer","tag-fr","tag-france","tag-infos","tag-murray","tag-nadal","tag-resultats","tag-sports","tag-tennis","tag-us-open","tag-wta"],"share_on_mastodon":{"url":"https:\/\/pubeurope.com\/@fr\/117201823499129433","error":""},"_links":{"self":[{"href":"https:\/\/www.europesays.com\/fr\/wp-json\/wp\/v2\/posts\/1163131","targetHints":{"allow":["GET"]}}],"collection":[{"href":"https:\/\/www.europesays.com\/fr\/wp-json\/wp\/v2\/posts"}],"about":[{"href":"https:\/\/www.europesays.com\/fr\/wp-json\/wp\/v2\/types\/post"}],"author":[{"embeddable":true,"href":"https:\/\/www.europesays.com\/fr\/wp-json\/wp\/v2\/users\/2"}],"replies":[{"embeddable":true,"href":"https:\/\/www.europesays.com\/fr\/wp-json\/wp\/v2\/comments?post=1163131"}],"version-history":[{"count":0,"href":"https:\/\/www.europesays.com\/fr\/wp-json\/wp\/v2\/posts\/1163131\/revisions"}],"wp:featuredmedia":[{"embeddable":true,"href":"https:\/\/www.europesays.com\/fr\/wp-json\/wp\/v2\/media\/1163132"}],"wp:attachment":[{"href":"https:\/\/www.europesays.com\/fr\/wp-json\/wp\/v2\/media?parent=1163131"}],"wp:term":[{"taxonomy":"category","embeddable":true,"href":"https:\/\/www.europesays.com\/fr\/wp-json\/wp\/v2\/categories?post=1163131"},{"taxonomy":"post_tag","embeddable":true,"href":"https:\/\/www.europesays.com\/fr\/wp-json\/wp\/v2\/tags?post=1163131"}],"curies":[{"name":"wp","href":"https:\/\/api.w.org\/{rel}","templated":true}]}}