{"id":1163159,"date":"2026-09-02T14:23:20","date_gmt":"2026-09-02T14:23:20","guid":{"rendered":"https:\/\/www.europesays.com\/fr\/1163159\/"},"modified":"2026-09-02T14:23:20","modified_gmt":"2026-09-02T14:23:20","slug":"moselle-une-octogenaire-meurt-dans-une-collision-avec-un-camion-a-rettel","status":"publish","type":"post","link":"https:\/\/www.europesays.com\/fr\/1163159\/","title":{"rendered":"Moselle. Une octog\u00e9naire meurt dans une collision avec un camion \u00e0 Rettel"},"content":{"rendered":"<p>Un dramatique accident de la circulation, impliquant une voiture et un camion, s\u2019est produit ce mercredi 2\u00a0septembre vers 9h30 \u00e0 Rettel (commune situ\u00e9e au nord de Thionville), au croisement de la D654 et de la D61, \u00e0 proximit\u00e9 de la brigade de gendarmerie.<\/p>\n<p>Un couple d\u2019octog\u00e9naires avait pris place dans le v\u00e9hicule, de marque Citro\u00ebn. C\u2019est l\u2019homme qui \u00e9tait au volant. Pour des raisons encore ind\u00e9termin\u00e9es, leur v\u00e9hicule est entr\u00e9 en collision avec le camion, immatricul\u00e9 en Roumanie et en provenance du Luxembourg.\u00a0Le v\u00e9hicule a \u00e9t\u00e9 projet\u00e9 \u00e0 plusieurs dizaines de m\u00e8tres, avant de s\u2019immobiliser, sur le flanc, dans le bas-c\u00f4t\u00e9 de la chauss\u00e9e.<\/p>\n<p>Malgr\u00e9 l\u2019intervention rapide des sapeurs-pompiers de Sierck-les-Bains, Thionville et Yutz, la passag\u00e8re du v\u00e9hicule, \u00e2g\u00e9e de 83 ans, devait malheureusement succomber d\u2019un arr\u00eat cardiorespiratoire.<\/p>\n<p>Ce contenu est bloqu\u00e9 car vous n&rsquo;avez pas accept\u00e9 les cookies et autres traceurs.<\/p>\n<p>En cliquant sur \u00ab J\u2019accepte \u00bb, les cookies et autres traceurs seront d\u00e9pos\u00e9s et vous pourrez visualiser les contenus  (<a href=\"\" class=\"consentModule_policy\" target=\"_blank\" title=\"Consulter la politique de protection des donn\u00e9es du fournisseur\">plus d&rsquo;informations<\/a>).<\/p>\n<p>En cliquant sur \u00ab J\u2019accepte tous les cookies \u00bb, vous autorisez des d\u00e9p\u00f4ts de cookies et autres traceurs pour le stockage de vos donn\u00e9es sur nos sites et applications \u00e0 des fins de personnalisation et de ciblage publicitaire.<\/p>\n<p class=\"consentModule_secondaryText\">Vous gardez la possibilit\u00e9 de retirer votre consentement \u00e0 tout moment en consultant notre <a href=\"https:\/\/www.republicain-lorrain.fr\/protection-des-donnees\" target=\"_blank\" title=\"Consulter notre politique de protection des donn\u00e9es\" rel=\"nofollow noopener\">politique de protection des donn\u00e9es<\/a>. <br \/>&#13;<br \/>\n            <a href=\"https:\/\/www.republicain-lorrain.fr\/faits-divers-justice\/2026\/09\/02\/javascript:Didomi.notice.show()\" class=\"consentModule_cmp\" rel=\"nofollow noopener\" target=\"_blank\">G\u00e9rer mes choix<\/a>&#13;\n        <\/p>\n<p>&#13;<br \/>\n                        J&rsquo;accepte&#13;<br \/>\n            J&rsquo;accepte tous les cookies&#13;\n        <\/p>\n<p>Le conducteur de la voiture, gri\u00e8vement bless\u00e9 mais conscient, a \u00e9t\u00e9 transf\u00e9r\u00e9 vers l\u2019h\u00f4pital Bel-Air, \u00e0 Thionville. Sur place, on notait la pr\u00e9sence du maire de Rettel, R\u00e9mi Schwenck, ainsi que des gendarmes de la brigade de Rettel et de deux motards de l\u2019escadron de la s\u00e9curit\u00e9 routi\u00e8re. L\u2019intervention a mobilis\u00e9 les secours pendant pr\u00e8s d\u2019une heure et demie.<\/p>\n<p>Une enqu\u00eate a \u00e9t\u00e9 ouverte afin de d\u00e9terminer les responsabilit\u00e9s exactes de cet accident.<\/p>\n<p>  \u00ab\u00a0Croisement dangereux\u00a0\u00bb<\/p>\n<p>Pour le maire de Rettel, ce croisement est \u00ab\u00a0devenu de plus en plus dangereux. Depuis le covid, de plus en plus de conducteurs frontaliers empruntent cet axe pour se rendre au Luxembourg. Traverser cette intersection aux heures de pointe s\u2019apparente d\u00e9sormais \u00e0\u00a0la roulette russe\u00a0\u00bb, n\u2019h\u00e9site pas affirmer R\u00e9mi Schwenck. \u00ab\u00a0Aussi, m\u00eame si je ne suis pas un grand fan des ronds-points, il me semblerait judicieux d\u2019en installer un ici.\u00a0\u00bb\u00a0<\/p>\n","protected":false},"excerpt":{"rendered":"Un dramatique accident de la circulation, impliquant une voiture et un camion, s\u2019est produit ce mercredi 2\u00a0septembre vers&hellip;\n","protected":false},"author":2,"featured_media":1163160,"comment_status":"","ping_status":"","sticky":false,"template":"","format":"standard","meta":{"footnotes":"","_share_on_mastodon":"0"},"categories":[4],"tags":[119,11,38339,15835,7162,274,107,1011,27,5599,12,3456,25,52071],"class_list":["post-1163159","post","type-post","status-publish","format-standard","has-post-thumbnail","category-france","tag-accident","tag-actualites","tag-cc-bouzonvillois-trois-frontieres-57e","tag-edition-saint-avold-creutzwald","tag-edition-thionville-hayange","tag-faits-divers-justice","tag-fil-info","tag-fr","tag-france","tag-moselle","tag-news","tag-region-lorraine","tag-republique-francaise","tag-rettel"],"share_on_mastodon":{"url":"https:\/\/pubeurope.com\/@fr\/117201902494713592","error":""},"_links":{"self":[{"href":"https:\/\/www.europesays.com\/fr\/wp-json\/wp\/v2\/posts\/1163159","targetHints":{"allow":["GET"]}}],"collection":[{"href":"https:\/\/www.europesays.com\/fr\/wp-json\/wp\/v2\/posts"}],"about":[{"href":"https:\/\/www.europesays.com\/fr\/wp-json\/wp\/v2\/types\/post"}],"author":[{"embeddable":true,"href":"https:\/\/www.europesays.com\/fr\/wp-json\/wp\/v2\/users\/2"}],"replies":[{"embeddable":true,"href":"https:\/\/www.europesays.com\/fr\/wp-json\/wp\/v2\/comments?post=1163159"}],"version-history":[{"count":0,"href":"https:\/\/www.europesays.com\/fr\/wp-json\/wp\/v2\/posts\/1163159\/revisions"}],"wp:featuredmedia":[{"embeddable":true,"href":"https:\/\/www.europesays.com\/fr\/wp-json\/wp\/v2\/media\/1163160"}],"wp:attachment":[{"href":"https:\/\/www.europesays.com\/fr\/wp-json\/wp\/v2\/media?parent=1163159"}],"wp:term":[{"taxonomy":"category","embeddable":true,"href":"https:\/\/www.europesays.com\/fr\/wp-json\/wp\/v2\/categories?post=1163159"},{"taxonomy":"post_tag","embeddable":true,"href":"https:\/\/www.europesays.com\/fr\/wp-json\/wp\/v2\/tags?post=1163159"}],"curies":[{"name":"wp","href":"https:\/\/api.w.org\/{rel}","templated":true}]}}